{"id":4304,"date":"2025-05-29T12:24:58","date_gmt":"2025-05-29T10:24:58","guid":{"rendered":"https:\/\/agora.xtec.cat\/ifp-alguero\/?p=4304"},"modified":"2025-05-29T12:24:58","modified_gmt":"2025-05-29T10:24:58","slug":"aquest-27-i-28-de-maig-hem-participat-per-primera-vegada-al-catskills-40-de-lespecialitat-de-disseny-grafic","status":"publish","type":"post","link":"https:\/\/agora.xtec.cat\/ifp-alguero\/general\/aquest-27-i-28-de-maig-hem-participat-per-primera-vegada-al-catskills-40-de-lespecialitat-de-disseny-grafic\/","title":{"rendered":"Aquest 27 i 28 de maig hem participat per primera vegada al Catskills 40 de l\u2019especialitat de Disseny Gr\u00e0fic"},"content":{"rendered":"<p><span style=\"font-weight: 400;\">Despr\u00e9s d&#8217;haver viscut la competici\u00f3 <\/span><b>Alguer\u00f3 Skills,<\/b><span style=\"font-weight: 400;\"> els alumnes de GP1<\/span><span style=\"font-weight: 400;\"> Aleix Garn\u00e9s Mu\u00f1oz i Angie Ramirez Pantaleon <\/span><span style=\"font-weight: 400;\">van estar seleccionats per participar en la competici\u00f3 de Catalunya <\/span><b>Catskills<\/b><span style=\"font-weight: 400;\">.<\/span><\/p>\n<p><img loading=\"lazy\" decoding=\"async\" class=\" wp-image-4305 alignleft\" src=\"https:\/\/agora.xtec.cat\/ifp-alguero\/wp-content\/uploads\/usu2575\/2025\/05\/catskills.png\" alt=\"\" width=\"277\" height=\"213\" \/><\/p>\n<p><span style=\"font-weight: 400;\">Aquest esdeveniment ofereix a l\u2019alumnat una experi\u00e8ncia professional exigent on poden demostrar la seva expertesa i compet\u00e8ncies en el camp del disseny gr\u00e0fic, donant solucions gr\u00e0fiques creatives, innovadores i funcionals adequades a necessitats especificades en els br\u00edfings de les proves.<\/span><\/p>\n<p><span style=\"font-weight: 400;\">A m\u00e9s a m\u00e9s de ser una experi\u00e8ncia molt enriquidora i motivadora per a l&#8217;alumnat, aquests campionats propicien la creaci\u00f3 de xarxes de col\u00b7laboraci\u00f3 entre docents i experts d\u2019aquest sector que col\u00b7laboren en l&#8217;organitzaci\u00f3.\u00a0\u00a0<\/span><\/p>\n<p><span style=\"font-weight: 400;\">Desitgem molta sort a tots els participants!<\/span><\/p>\n<p><span style=\"font-weight: 400;\">I agra\u00efm a tota l&#8217;organitzaci\u00f3 el temps i l\u2019esfor\u00e7 dedicat en aquesta experi\u00e8ncia de qu\u00e8 tots n\u2019aprenem coses i vivim an\u00e8cdotes interessants.<\/span><\/p>\n","protected":false},"excerpt":{"rendered":"<p>Despr\u00e9s d&#8217;haver viscut la competici\u00f3 Alguer\u00f3 Skills, els alumnes de GP1 Aleix Garn\u00e9s Mu\u00f1oz i Angie Ramirez Pantaleon van estar seleccionats per participar en la competici\u00f3 de Catalunya Catskills.<\/p>\n<p>Aquest esdeveniment ofereix a l\u2019alumnat una experi\u00e8ncia professional exigent on poden demostrar la seva expertesa i compet\u00e8ncies&hellip;  <a href=\"https:\/\/agora.xtec.cat\/ifp-alguero\/general\/aquest-27-i-28-de-maig-hem-participat-per-primera-vegada-al-catskills-40-de-lespecialitat-de-disseny-grafic\/\" title=\"Read Aquest 27 i 28 de maig hem participat per primera vegada al Catskills 40 de l\u2019especialitat de Disseny Gr\u00e0fic\">Llegeix m\u00e9s\u00bb<\/a><\/p>\n","protected":false},"author":1,"featured_media":4306,"comment_status":"closed","ping_status":"closed","sticky":false,"template":"","format":"standard","meta":{"_bbp_topic_count":0,"_bbp_reply_count":0,"_bbp_total_topic_count":0,"_bbp_total_reply_count":0,"_bbp_voice_count":0,"_bbp_anonymous_reply_count":0,"_bbp_topic_count_hidden":0,"_bbp_reply_count_hidden":0,"_bbp_forum_subforum_count":0,"footnotes":""},"categories":[1,111,29,116],"tags":[120,127,123,139,138],"class_list":["post-4304","post","type-post","status-publish","format-standard","has-post-thumbnail","hentry","category-general","category-noticies_alumnat","category-portada","category-premis-i-reconeixements","tag-catskills2025","tag-creativitatfp","tag-ifpantonialguero","tag-premis","tag-reconeixements"],"post_mailing_queue_ids":[],"_links":{"self":[{"href":"https:\/\/agora.xtec.cat\/ifp-alguero\/wp-json\/wp\/v2\/posts\/4304","targetHints":{"allow":["GET"]}}],"collection":[{"href":"https:\/\/agora.xtec.cat\/ifp-alguero\/wp-json\/wp\/v2\/posts"}],"about":[{"href":"https:\/\/agora.xtec.cat\/ifp-alguero\/wp-json\/wp\/v2\/types\/post"}],"author":[{"embeddable":true,"href":"https:\/\/agora.xtec.cat\/ifp-alguero\/wp-json\/wp\/v2\/users\/1"}],"replies":[{"embeddable":true,"href":"https:\/\/agora.xtec.cat\/ifp-alguero\/wp-json\/wp\/v2\/comments?post=4304"}],"version-history":[{"count":1,"href":"https:\/\/agora.xtec.cat\/ifp-alguero\/wp-json\/wp\/v2\/posts\/4304\/revisions"}],"predecessor-version":[{"id":4307,"href":"https:\/\/agora.xtec.cat\/ifp-alguero\/wp-json\/wp\/v2\/posts\/4304\/revisions\/4307"}],"wp:featuredmedia":[{"embeddable":true,"href":"https:\/\/agora.xtec.cat\/ifp-alguero\/wp-json\/wp\/v2\/media\/4306"}],"wp:attachment":[{"href":"https:\/\/agora.xtec.cat\/ifp-alguero\/wp-json\/wp\/v2\/media?parent=4304"}],"wp:term":[{"taxonomy":"category","embeddable":true,"href":"https:\/\/agora.xtec.cat\/ifp-alguero\/wp-json\/wp\/v2\/categories?post=4304"},{"taxonomy":"post_tag","embeddable":true,"href":"https:\/\/agora.xtec.cat\/ifp-alguero\/wp-json\/wp\/v2\/tags?post=4304"}],"curies":[{"name":"wp","href":"https:\/\/api.w.org\/{rel}","templated":true}]}}