{"id":4112,"date":"2025-03-19T17:29:41","date_gmt":"2025-03-19T16:29:41","guid":{"rendered":"https:\/\/agora.xtec.cat\/ifp-alguero\/?p=4112"},"modified":"2025-03-19T17:58:13","modified_gmt":"2025-03-19T16:58:13","slug":"jornades-de-portes-obertes-de-lifp-antoni-alguero-tot-a-punt-per-al-3-i-10-dabril","status":"publish","type":"post","link":"https:\/\/agora.xtec.cat\/ifp-alguero\/general\/jornades-de-portes-obertes-de-lifp-antoni-alguero-tot-a-punt-per-al-3-i-10-dabril\/","title":{"rendered":"Jornades de Portes Obertes de l\u2019IFP Antoni Alguer\u00f3: tot a punt per al 3 i 10 d\u2019abril"},"content":{"rendered":"<p data-start=\"117\" data-end=\"448\"><img loading=\"lazy\" decoding=\"async\" class=\"aligncenter size-large wp-image-3957\" src=\"https:\/\/agora.xtec.cat\/ifp-alguero\/wp-content\/uploads\/usu2575\/2025\/02\/PORTES-OBERTES-HOR-1024x256.jpg\" alt=\"\" width=\"1024\" height=\"256\" srcset=\"https:\/\/agora.xtec.cat\/ifp-alguero\/wp-content\/uploads\/usu2575\/2025\/02\/PORTES-OBERTES-HOR-1024x256.jpg 1024w, https:\/\/agora.xtec.cat\/ifp-alguero\/wp-content\/uploads\/usu2575\/2025\/02\/PORTES-OBERTES-HOR-300x75.jpg 300w, https:\/\/agora.xtec.cat\/ifp-alguero\/wp-content\/uploads\/usu2575\/2025\/02\/PORTES-OBERTES-HOR-768x192.jpg 768w, https:\/\/agora.xtec.cat\/ifp-alguero\/wp-content\/uploads\/usu2575\/2025\/02\/PORTES-OBERTES-HOR-1536x384.jpg 1536w, https:\/\/agora.xtec.cat\/ifp-alguero\/wp-content\/uploads\/usu2575\/2025\/02\/PORTES-OBERTES-HOR.jpg 2000w\" sizes=\"auto, (max-width: 1024px) 100vw, 1024px\" \/><\/p>\n<p style=\"padding-left: 40px;\" data-start=\"117\" data-end=\"448\"><strong>Vols convertir la teva passi\u00f3 pel disseny, les arts pl\u00e0stiques o la comunicaci\u00f3 gr\u00e0fica en la teva professi\u00f3? I si encara no tens clar com encaminar els teus estudis, aprofita l\u2019oportunitat per descobrir totes les opcions formatives que t\u2019ofereix l\u2019IFP Antoni Alguer\u00f3. Els dies 3 i 10 d\u2019abril, vine a con\u00e8ixer de primera m\u00e0 els nostres programes de Grau Mitj\u00e0 i Grau Superior, i descobreix quin cam\u00ed pot encaixar millor amb el teu futur.<\/strong><\/p>\n<h3 data-start=\"455\" data-end=\"504\"><strong data-start=\"459\" data-end=\"502\">TOT EL QUE HAS DE SABER, D\u2019UN COP D\u2019ULL<img loading=\"lazy\" decoding=\"async\" class=\"aligncenter size-large wp-image-4125\" src=\"https:\/\/agora.xtec.cat\/ifp-alguero\/wp-content\/uploads\/usu2575\/2025\/03\/Portesobertes2022__59-1024x683.jpg\" alt=\"\" width=\"1024\" height=\"683\" srcset=\"https:\/\/agora.xtec.cat\/ifp-alguero\/wp-content\/uploads\/usu2575\/2025\/03\/Portesobertes2022__59-1024x683.jpg 1024w, https:\/\/agora.xtec.cat\/ifp-alguero\/wp-content\/uploads\/usu2575\/2025\/03\/Portesobertes2022__59-300x200.jpg 300w, https:\/\/agora.xtec.cat\/ifp-alguero\/wp-content\/uploads\/usu2575\/2025\/03\/Portesobertes2022__59-768x512.jpg 768w, https:\/\/agora.xtec.cat\/ifp-alguero\/wp-content\/uploads\/usu2575\/2025\/03\/Portesobertes2022__59.jpg 1440w\" sizes=\"auto, (max-width: 1024px) 100vw, 1024px\" \/><\/strong><\/h3>\n<ul data-start=\"505\" data-end=\"912\">\n<li data-start=\"505\" data-end=\"697\"><strong data-start=\"507\" data-end=\"521\">Dates clau<\/strong>:\n<ul data-start=\"527\" data-end=\"697\">\n<li data-start=\"527\" data-end=\"629\"><strong data-start=\"529\" data-end=\"542\">3 d\u2019abril<\/strong> \u2013 Portes obertes per a Cicles de Grau Mitj\u00e0 i Programes de Formaci\u00f3 i Inserci\u00f3 (PFI)<\/li>\n<li data-start=\"632\" data-end=\"697\"><strong data-start=\"634\" data-end=\"648\">10 d\u2019abril<\/strong> \u2013 Portes obertes per a Cicles de Grau Superior<\/li>\n<\/ul>\n<\/li>\n<li data-start=\"698\" data-end=\"795\"><strong data-start=\"700\" data-end=\"707\">On?<\/strong> A l\u2019IFP Antoni Alguer\u00f3, on coneixer\u00e0s instal\u00b7lacions, equip docent i plans d\u2019estudis.<\/li>\n<li data-start=\"796\" data-end=\"912\"><strong data-start=\"798\" data-end=\"812\">Per a qui?<\/strong> Estudiants de 4t d\u2019ESO, 2on de Batxillerat i persones que vulguin reorientar el seu rumb professional.<\/li>\n<\/ul>\n<h3 data-start=\"919\" data-end=\"951\"><strong data-start=\"923\" data-end=\"949\">PER QU\u00c8 PARTICIPAR-HI?<\/strong><\/h3>\n<p><img loading=\"lazy\" decoding=\"async\" class=\"aligncenter size-large wp-image-4120\" src=\"https:\/\/agora.xtec.cat\/ifp-alguero\/wp-content\/uploads\/usu2575\/2025\/03\/C0347T01-1024x576.jpg\" alt=\"\" width=\"1024\" height=\"576\" srcset=\"https:\/\/agora.xtec.cat\/ifp-alguero\/wp-content\/uploads\/usu2575\/2025\/03\/C0347T01-1024x576.jpg 1024w, https:\/\/agora.xtec.cat\/ifp-alguero\/wp-content\/uploads\/usu2575\/2025\/03\/C0347T01-300x169.jpg 300w, https:\/\/agora.xtec.cat\/ifp-alguero\/wp-content\/uploads\/usu2575\/2025\/03\/C0347T01-768x432.jpg 768w, https:\/\/agora.xtec.cat\/ifp-alguero\/wp-content\/uploads\/usu2575\/2025\/03\/C0347T01.jpg 1280w\" sizes=\"auto, (max-width: 1024px) 100vw, 1024px\" \/><\/p>\n<ul data-start=\"952\" data-end=\"1341\">\n<li data-start=\"952\" data-end=\"1087\"><strong data-start=\"954\" data-end=\"973\">Visites guiades<\/strong> per tallers i aules especialitzades, per descobrir l\u2019entorn on desenvolupar\u00e0s les teves compet\u00e8ncies creatives.<\/li>\n<li data-start=\"1088\" data-end=\"1225\"><strong data-start=\"1090\" data-end=\"1110\">Contacte directe<\/strong> amb professorat i orientadors, que t\u2019ajudaran a resoldre dubtes i a triar el cam\u00ed formatiu que m\u00e9s et convingui.<\/li>\n<li data-start=\"1226\" data-end=\"1341\"><strong data-start=\"1228\" data-end=\"1256\">Informaci\u00f3 de primera m\u00e0<\/strong> sobre els processos d\u2019admissi\u00f3, requisits d\u2019acc\u00e9s i sortides laborals de cada cicle.<\/li>\n<\/ul>\n<h3 data-start=\"1348\" data-end=\"1395\"><strong data-start=\"1352\" data-end=\"1393\">DESCOBREIX LA NOSTRA OFERTA FORMATIVA<\/strong><\/h3>\n<p><img loading=\"lazy\" decoding=\"async\" class=\"aligncenter size-large wp-image-4123\" src=\"https:\/\/agora.xtec.cat\/ifp-alguero\/wp-content\/uploads\/usu2575\/2025\/03\/MP08_2-1024x791.jpg\" alt=\"\" width=\"1024\" height=\"791\" srcset=\"https:\/\/agora.xtec.cat\/ifp-alguero\/wp-content\/uploads\/usu2575\/2025\/03\/MP08_2-1024x791.jpg 1024w, https:\/\/agora.xtec.cat\/ifp-alguero\/wp-content\/uploads\/usu2575\/2025\/03\/MP08_2-300x232.jpg 300w, https:\/\/agora.xtec.cat\/ifp-alguero\/wp-content\/uploads\/usu2575\/2025\/03\/MP08_2-768x593.jpg 768w, https:\/\/agora.xtec.cat\/ifp-alguero\/wp-content\/uploads\/usu2575\/2025\/03\/MP08_2.jpg 1200w\" sizes=\"auto, (max-width: 1024px) 100vw, 1024px\" \/><\/p>\n<p data-start=\"1396\" data-end=\"1422\"><strong data-start=\"1396\" data-end=\"1420\">Cicles de Grau Mitj\u00e0<\/strong><\/p>\n<ul data-start=\"1423\" data-end=\"1685\">\n<li data-start=\"1423\" data-end=\"1544\"><strong data-start=\"1425\" data-end=\"1453\">Fam\u00edlia d\u2019Arts Gr\u00e0fiques<\/strong>\n<ul data-start=\"1458\" data-end=\"1544\">\n<li data-start=\"1458\" data-end=\"1479\">Impressi\u00f3 Gr\u00e0fica<\/li>\n<li data-start=\"1482\" data-end=\"1517\">Postimpressi\u00f3 i Acabats Gr\u00e0fics<\/li>\n<li data-start=\"1520\" data-end=\"1544\">Preimpressi\u00f3 Digital<\/li>\n<\/ul>\n<\/li>\n<li data-start=\"1545\" data-end=\"1685\"><strong data-start=\"1547\" data-end=\"1586\">Fam\u00edlia d\u2019Arts Pl\u00e0stiques i Disseny<\/strong> (modalitat de comunicaci\u00f3 gr\u00e0fica i audiovisual)\n<ul data-start=\"1640\" data-end=\"1685\">\n<li data-start=\"1640\" data-end=\"1685\">Assist\u00e8ncia al Producte Gr\u00e0fic Interactiu<\/li>\n<\/ul>\n<\/li>\n<\/ul>\n<p data-start=\"1687\" data-end=\"1716\"><strong data-start=\"1687\" data-end=\"1714\">Cicles de Grau Superior<\/strong><\/p>\n<ul data-start=\"1717\" data-end=\"1977\">\n<li data-start=\"1717\" data-end=\"1857\"><strong data-start=\"1719\" data-end=\"1747\">Fam\u00edlia d\u2019Arts Gr\u00e0fiques<\/strong>\n<ul data-start=\"1752\" data-end=\"1857\">\n<li data-start=\"1752\" data-end=\"1810\">Disseny i Edici\u00f3 de Publicacions Impreses i Multim\u00e8dia<\/li>\n<li data-start=\"1813\" data-end=\"1857\">Disseny i Gesti\u00f3 de la Producci\u00f3 Gr\u00e0fica<\/li>\n<\/ul>\n<\/li>\n<li data-start=\"1858\" data-end=\"1977\"><strong data-start=\"1860\" data-end=\"1899\">Fam\u00edlia d\u2019Arts Pl\u00e0stiques i Disseny<\/strong> (modalitat de comunicaci\u00f3 gr\u00e0fica i audiovisual)\n<ul data-start=\"1953\" data-end=\"1977\">\n<li data-start=\"1953\" data-end=\"1977\">Gr\u00e0fica Publicit\u00e0ria<\/li>\n<\/ul>\n<\/li>\n<\/ul>\n<h3 data-start=\"1984\" data-end=\"2018\"><strong data-start=\"1988\" data-end=\"2016\">PLANIFICA LA TEVA VISITA<\/strong><\/h3>\n<p><img loading=\"lazy\" decoding=\"async\" class=\"aligncenter size-large wp-image-4122\" src=\"https:\/\/agora.xtec.cat\/ifp-alguero\/wp-content\/uploads\/usu2575\/2025\/03\/DSC00317-1024x791.jpg\" alt=\"\" width=\"1024\" height=\"791\" srcset=\"https:\/\/agora.xtec.cat\/ifp-alguero\/wp-content\/uploads\/usu2575\/2025\/03\/DSC00317-1024x791.jpg 1024w, https:\/\/agora.xtec.cat\/ifp-alguero\/wp-content\/uploads\/usu2575\/2025\/03\/DSC00317-300x232.jpg 300w, https:\/\/agora.xtec.cat\/ifp-alguero\/wp-content\/uploads\/usu2575\/2025\/03\/DSC00317-768x593.jpg 768w, https:\/\/agora.xtec.cat\/ifp-alguero\/wp-content\/uploads\/usu2575\/2025\/03\/DSC00317.jpg 1200w\" sizes=\"auto, (max-width: 1024px) 100vw, 1024px\" \/><\/p>\n<ul data-start=\"2019\" data-end=\"2265\">\n<li data-start=\"2019\" data-end=\"2142\"><strong data-start=\"2021\" data-end=\"2054\">Vine<\/strong>: Tindr\u00e0s l\u2019oportunitat de participar en diferents activitats i xerrades informatives.<\/li>\n<li data-start=\"2143\" data-end=\"2265\"><strong data-start=\"2145\" data-end=\"2181\">Segueix-nos a les xarxes socials<\/strong> per con\u00e8ixer totes les novetats i rebre consells sobre el proc\u00e9s de matriculaci\u00f3.<\/li>\n<\/ul>\n<p data-start=\"2272\" data-end=\"2558\" data-is-last-node=\"\" data-is-only-node=\"\"><strong data-start=\"2272\" data-end=\"2325\">No et perdis aquestes Jornades de Portes Obertes!<\/strong> Forma part d\u2019un centre on la creativitat, la innovaci\u00f3 i les oportunitats laborals s\u2019uneixen per convertir-te en un professional capa\u00e7 de deixar empremta en el m\u00f3n de les Arts Gr\u00e0fiques i les Arts Pl\u00e0stiques i Disseny. T\u2019hi esperem!<\/p>\n","protected":false},"excerpt":{"rendered":"<p>Vols convertir la teva passi\u00f3 pel disseny, les arts pl\u00e0stiques o la comunicaci\u00f3 gr\u00e0fica en la teva professi\u00f3? I si encara no tens clar com encaminar els teus estudis, aprofita l\u2019oportunitat per descobrir totes les opcions formatives que t\u2019ofereix l\u2019IFP Antoni Alguer\u00f3. Els dies 3&hellip;  <a href=\"https:\/\/agora.xtec.cat\/ifp-alguero\/general\/jornades-de-portes-obertes-de-lifp-antoni-alguero-tot-a-punt-per-al-3-i-10-dabril\/\" title=\"Read Jornades de Portes Obertes de l\u2019IFP Antoni Alguer\u00f3: tot a punt per al 3 i 10 d\u2019abril\">Llegeix m\u00e9s\u00bb<\/a><\/p>\n","protected":false},"author":1,"featured_media":3940,"comment_status":"closed","ping_status":"closed","sticky":false,"template":"","format":"standard","meta":{"_bbp_topic_count":0,"_bbp_reply_count":0,"_bbp_total_topic_count":0,"_bbp_total_reply_count":0,"_bbp_voice_count":0,"_bbp_anonymous_reply_count":0,"_bbp_topic_count_hidden":0,"_bbp_reply_count_hidden":0,"_bbp_forum_subforum_count":0,"footnotes":""},"categories":[30,1,29],"tags":[],"class_list":["post-4112","post","type-post","status-publish","format-standard","has-post-thumbnail","hentry","category-cicles-formatius","category-general","category-portada"],"post_mailing_queue_ids":[],"_links":{"self":[{"href":"https:\/\/agora.xtec.cat\/ifp-alguero\/wp-json\/wp\/v2\/posts\/4112","targetHints":{"allow":["GET"]}}],"collection":[{"href":"https:\/\/agora.xtec.cat\/ifp-alguero\/wp-json\/wp\/v2\/posts"}],"about":[{"href":"https:\/\/agora.xtec.cat\/ifp-alguero\/wp-json\/wp\/v2\/types\/post"}],"author":[{"embeddable":true,"href":"https:\/\/agora.xtec.cat\/ifp-alguero\/wp-json\/wp\/v2\/users\/1"}],"replies":[{"embeddable":true,"href":"https:\/\/agora.xtec.cat\/ifp-alguero\/wp-json\/wp\/v2\/comments?post=4112"}],"version-history":[{"count":6,"href":"https:\/\/agora.xtec.cat\/ifp-alguero\/wp-json\/wp\/v2\/posts\/4112\/revisions"}],"predecessor-version":[{"id":4126,"href":"https:\/\/agora.xtec.cat\/ifp-alguero\/wp-json\/wp\/v2\/posts\/4112\/revisions\/4126"}],"wp:featuredmedia":[{"embeddable":true,"href":"https:\/\/agora.xtec.cat\/ifp-alguero\/wp-json\/wp\/v2\/media\/3940"}],"wp:attachment":[{"href":"https:\/\/agora.xtec.cat\/ifp-alguero\/wp-json\/wp\/v2\/media?parent=4112"}],"wp:term":[{"taxonomy":"category","embeddable":true,"href":"https:\/\/agora.xtec.cat\/ifp-alguero\/wp-json\/wp\/v2\/categories?post=4112"},{"taxonomy":"post_tag","embeddable":true,"href":"https:\/\/agora.xtec.cat\/ifp-alguero\/wp-json\/wp\/v2\/tags?post=4112"}],"curies":[{"name":"wp","href":"https:\/\/api.w.org\/{rel}","templated":true}]}}