{"id":3917,"date":"2025-02-13T11:42:03","date_gmt":"2025-02-13T10:42:03","guid":{"rendered":"https:\/\/agora.xtec.cat\/ifp-alguero\/?p=3917"},"modified":"2025-03-19T18:01:30","modified_gmt":"2025-03-19T17:01:30","slug":"jornades-de-portes-obertes-de-lifp-antoni-alguero","status":"publish","type":"post","link":"https:\/\/agora.xtec.cat\/ifp-alguero\/general\/jornades-de-portes-obertes-de-lifp-antoni-alguero\/","title":{"rendered":"Jornades de portes Obertes de l&#8217;IFP Antoni Alguer\u00f3"},"content":{"rendered":"<h3><strong><span style=\"color: #000000;\">Vols con\u00e8ixer de prop l&#8217;Institut de Formaci\u00f3 Professional Alguer\u00f3?<\/span><\/strong><\/h3>\n<p>&nbsp;<\/p>\n<h4><strong><span style=\"color: #000000;\">T\u2019interessa saber tot el que oferim als nostres cicles formatius? Aquesta \u00e9s la teva oportunitat! <\/span><\/strong><br \/>\n<strong><span style=\"color: #000000;\">Vine a descobrir les nostres instal\u00b7lacions, el nostre equip docent i tota l\u2019oferta educativa<br \/>\nque tenim preparada per a tu.<\/span><\/strong><\/h4>\n<p>&nbsp;<\/p>\n<h4><strong>Dates i horaris<\/strong><\/h4>\n<ul>\n<li style=\"list-style-type: none;\">\n<ul style=\"list-style-type: disc;\">\n<li><strong>Dijous 3 d&#8217;abril:<\/strong> Portes obertes per als Cicles de Grau Mitj\u00e0 de les fam\u00edlies d&#8217;Arts Pl\u00e0stiques i Disseny i Arts Gr\u00e0fiques, i Programes de Formaci\u00f3 i Inserci\u00f3 (PFI).<\/li>\n<li><strong>Dijous 10 d&#8217;abril:<\/strong> Portes obertes per als Cicles de Grau Superior de les fam\u00edlies d&#8217;Arts Pl\u00e0stiques i Disseny i Arts Gr\u00e0fiques.<\/li>\n<\/ul>\n<\/li>\n<\/ul>\n<h4><strong>Qu\u00e8 podr\u00e0s fer durant les jornades?<\/strong><\/h4>\n<ul>\n<li style=\"list-style-type: none;\">\n<ul style=\"list-style-type: disc;\">\n<li>Visitar les nostres instal\u00b7lacions i tallers especialitzats.<\/li>\n<li>Con\u00e8ixer l\u2019equip docent i resoldre dubtes.<\/li>\n<li>Informar-te sobre els plans d\u2019estudis, sortides professionals i processos d&#8217;admissi\u00f3.<\/li>\n<\/ul>\n<\/li>\n<\/ul>\n<h4><strong>Cicles Formatius que oferim<\/strong><\/h4>\n<h5>CICLES FORMATIUS DE GRAU MITJ\u00c0<br \/>\nFam\u00edlia d\u2019arts gr\u00e0fiques<\/h5>\n<ul>\n<li style=\"list-style-type: none;\">\n<ul style=\"list-style-type: disc;\">\n<li>CFGM Impressi\u00f3 gr\u00e0fica<\/li>\n<li>CFGM Postimpressi\u00f3 i acabats gr\u00e0fics<\/li>\n<li>CFGM Preimpressi\u00f3 digital<\/li>\n<\/ul>\n<\/li>\n<\/ul>\n<h5>Fam\u00edlia d&#8217;arts pl\u00e0stiques i disseny, modalitat de comunicaci\u00f3 gr\u00e0fica i audiovisual<\/h5>\n<ul>\n<li style=\"list-style-type: none;\">\n<ul style=\"list-style-type: disc;\">\n<li>CFAM Assist\u00e8ncia al producte gr\u00e0fic interactiu<\/li>\n<\/ul>\n<\/li>\n<\/ul>\n<h5>CICLES FORMATIUS DE GRAU SUPERIOR<\/h5>\n<h5>Fam\u00edlia d\u2019arts gr\u00e0fiques<\/h5>\n<ul>\n<li style=\"list-style-type: none;\">\n<ul style=\"list-style-type: disc;\">\n<li>CFGS Disseny i edici\u00f3 de publicacions impreses i multim\u00e8dia<\/li>\n<li>CFGS Disseny i gesti\u00f3 de la producci\u00f3 gr\u00e0fica<\/li>\n<\/ul>\n<\/li>\n<\/ul>\n<h5>Fam\u00edlia d&#8217;arts pl\u00e0stiques i disseny, modalitat de comunicaci\u00f3 gr\u00e0fica i audiovisual<\/h5>\n<ul>\n<li style=\"list-style-type: none;\">\n<ul style=\"list-style-type: disc;\">\n<li>CFAS Gr\u00e0fica publicit\u00e0ria<\/li>\n<\/ul>\n<\/li>\n<\/ul>\n","protected":false},"excerpt":{"rendered":"<p>Vols con\u00e8ixer de prop l&#8217;Institut de Formaci\u00f3 Professional Alguer\u00f3?<br \/>\n&nbsp;<br \/>\nT\u2019interessa saber tot el que oferim als nostres cicles formatius? Aquesta \u00e9s la teva oportunitat!<br \/>\nVine a descobrir les nostres instal\u00b7lacions, el nostre equip docent i tota l\u2019oferta educativa<br \/>\nque tenim preparada per a tu.<br \/>\n&nbsp;<br \/>\nDates i horaris<\/p>\n<ul>\n<li style=\"list-style-type:&hellip;  <a href=\"https:\/\/agora.xtec.cat\/ifp-alguero\/general\/jornades-de-portes-obertes-de-lifp-antoni-alguero\/\" title=\"Read Jornades de portes Obertes de l&#8217;IFP Antoni Alguer\u00f3\">Llegeix m\u00e9s\u00bb<\/a><br \/>\n","protected":false},"author":1,"featured_media":3940,"comment_status":"closed","ping_status":"closed","sticky":false,"template":"","format":"standard","meta":{"_bbp_topic_count":0,"_bbp_reply_count":0,"_bbp_total_topic_count":0,"_bbp_total_reply_count":0,"_bbp_voice_count":0,"_bbp_anonymous_reply_count":0,"_bbp_topic_count_hidden":0,"_bbp_reply_count_hidden":0,"_bbp_forum_subforum_count":0,"footnotes":""},"categories":[1],"tags":[],"class_list":["post-3917","post","type-post","status-publish","format-standard","has-post-thumbnail","hentry","category-general"],"post_mailing_queue_ids":[],"_links":{"self":[{"href":"https:\/\/agora.xtec.cat\/ifp-alguero\/wp-json\/wp\/v2\/posts\/3917","targetHints":{"allow":["GET"]}}],"collection":[{"href":"https:\/\/agora.xtec.cat\/ifp-alguero\/wp-json\/wp\/v2\/posts"}],"about":[{"href":"https:\/\/agora.xtec.cat\/ifp-alguero\/wp-json\/wp\/v2\/types\/post"}],"author":[{"embeddable":true,"href":"https:\/\/agora.xtec.cat\/ifp-alguero\/wp-json\/wp\/v2\/users\/1"}],"replies":[{"embeddable":true,"href":"https:\/\/agora.xtec.cat\/ifp-alguero\/wp-json\/wp\/v2\/comments?post=3917"}],"version-history":[{"count":6,"href":"https:\/\/agora.xtec.cat\/ifp-alguero\/wp-json\/wp\/v2\/posts\/3917\/revisions"}],"predecessor-version":[{"id":3938,"href":"https:\/\/agora.xtec.cat\/ifp-alguero\/wp-json\/wp\/v2\/posts\/3917\/revisions\/3938"}],"wp:featuredmedia":[{"embeddable":true,"href":"https:\/\/agora.xtec.cat\/ifp-alguero\/wp-json\/wp\/v2\/media\/3940"}],"wp:attachment":[{"href":"https:\/\/agora.xtec.cat\/ifp-alguero\/wp-json\/wp\/v2\/media?parent=3917"}],"wp:term":[{"taxonomy":"category","embeddable":true,"href":"https:\/\/agora.xtec.cat\/ifp-alguero\/wp-json\/wp\/v2\/categories?post=3917"},{"taxonomy":"post_tag","embeddable":true,"href":"https:\/\/agora.xtec.cat\/ifp-alguero\/wp-json\/wp\/v2\/tags?post=3917"}],"curies":[{"name":"wp","href":"https:\/\/api.w.org\/{rel}","templated":true}]}}