{"id":3877,"date":"2024-12-22T12:34:18","date_gmt":"2024-12-22T11:34:18","guid":{"rendered":"https:\/\/agora.xtec.cat\/ifp-alguero\/?p=3877"},"modified":"2025-02-16T19:27:28","modified_gmt":"2025-02-16T18:27:28","slug":"alguero-skills-2024-una-jornada-de-talent-i-creativitat-al-maxim-nivell","status":"publish","type":"post","link":"https:\/\/agora.xtec.cat\/ifp-alguero\/general\/alguero-skills-2024-una-jornada-de-talent-i-creativitat-al-maxim-nivell\/","title":{"rendered":"Alguer\u00f3 Skills 2024: Una jornada de talent i creativitat al m\u00e0xim nivell"},"content":{"rendered":"<p>L\u2019Alguer\u00f3 Skills 2024, celebrat el passat 19 de desembre, va convertir l\u2019IFP Antoni Alguer\u00f3 en l\u2019epicentre de l\u2019excel\u00b7l\u00e8ncia i la innovaci\u00f3 en les arts gr\u00e0fiques i pl\u00e0stiques. Amb una competici\u00f3 vibrant, on van destacar la professionalitat dels participants i l\u2019alt nivell dels projectes, aquesta jornada va posar en valor el talent dels estudiants, la dedicaci\u00f3 del professorat i la passi\u00f3 per la professi\u00f3. A m\u00e9s, es van definir els representants del centre per als pr\u00f2xims CatSkills 2025.<\/p>\n<h2><b>Un esdeveniment marcat per l\u2019excel\u00b7l\u00e8ncia i l\u2019emoci\u00f3<\/b><\/h2>\n<p><img loading=\"lazy\" decoding=\"async\" class=\"wp-image-3883 size-large alignnone\" src=\"https:\/\/agora.xtec.cat\/ifp-alguero\/wp-content\/uploads\/usu2575\/2024\/12\/IMG_6790-1024x1024.jpg\" alt=\"\" width=\"1024\" height=\"1024\" srcset=\"https:\/\/agora.xtec.cat\/ifp-alguero\/wp-content\/uploads\/usu2575\/2024\/12\/IMG_6790-1024x1024.jpg 1024w, https:\/\/agora.xtec.cat\/ifp-alguero\/wp-content\/uploads\/usu2575\/2024\/12\/IMG_6790-300x300.jpg 300w, https:\/\/agora.xtec.cat\/ifp-alguero\/wp-content\/uploads\/usu2575\/2024\/12\/IMG_6790-150x150.jpg 150w, https:\/\/agora.xtec.cat\/ifp-alguero\/wp-content\/uploads\/usu2575\/2024\/12\/IMG_6790-768x768.jpg 768w, https:\/\/agora.xtec.cat\/ifp-alguero\/wp-content\/uploads\/usu2575\/2024\/12\/IMG_6790-1536x1536.jpg 1536w, https:\/\/agora.xtec.cat\/ifp-alguero\/wp-content\/uploads\/usu2575\/2024\/12\/IMG_6790.jpg 2048w\" sizes=\"auto, (max-width: 1024px) 100vw, 1024px\" \/><\/p>\n<p><span style=\"font-weight: 400;\">Durant tota la jornada, els participants van demostrar les seves habilitats en les disciplines de Disseny Gr\u00e0fic, Preimpressi\u00f3, Impressi\u00f3 Gr\u00e0fica i Postimpressi\u00f3 i Acabats. La competici\u00f3 va comen\u00e7ar amb la presentaci\u00f3 dels briefings i va culminar amb les valoracions del jurat i l\u2019entrega de premis. L\u2019ambient va ser emocionant i competitiu, per\u00f2 tamb\u00e9 dist\u00e8s i constructiu, fidel a l\u2019esperit d\u2019aquesta iniciativa.<\/span><\/p>\n<h3><b>Resultats i guanyadors<\/b><\/h3>\n<p><span style=\"font-weight: 400;\">El jurat, format per professionals del sector i docents especialitzats, va destacar la creativitat, la qualitat t\u00e8cnica i l\u2019originalitat dels projectes presentats. Els guanyadors de cada disciplina van rebre reconeixements especials, amb una menci\u00f3 especial per a la guanyadora de Disseny Gr\u00e0fic, que representar\u00e0 l\u2019IFP Antoni Alguer\u00f3 als CatSkills 2025. Per garantir l\u2019equitat i complir amb els requisits d\u2019edat de la competici\u00f3, es va seleccionar la millor qualificada menor de 18 anys per aquesta representaci\u00f3.<\/span><\/p>\n<h3><b>Una jornada de treball en equip<\/b><\/h3>\n<p><span style=\"font-weight: 400;\"><br \/>\n<img loading=\"lazy\" decoding=\"async\" class=\"wp-image-3887 size-large alignnone\" src=\"https:\/\/agora.xtec.cat\/ifp-alguero\/wp-content\/uploads\/usu2575\/2024\/12\/IMG_6789-1024x1024.jpg\" alt=\"\" width=\"1024\" height=\"1024\" srcset=\"https:\/\/agora.xtec.cat\/ifp-alguero\/wp-content\/uploads\/usu2575\/2024\/12\/IMG_6789-1024x1024.jpg 1024w, https:\/\/agora.xtec.cat\/ifp-alguero\/wp-content\/uploads\/usu2575\/2024\/12\/IMG_6789-300x300.jpg 300w, https:\/\/agora.xtec.cat\/ifp-alguero\/wp-content\/uploads\/usu2575\/2024\/12\/IMG_6789-150x150.jpg 150w, https:\/\/agora.xtec.cat\/ifp-alguero\/wp-content\/uploads\/usu2575\/2024\/12\/IMG_6789-768x768.jpg 768w, https:\/\/agora.xtec.cat\/ifp-alguero\/wp-content\/uploads\/usu2575\/2024\/12\/IMG_6789-1536x1536.jpg 1536w, https:\/\/agora.xtec.cat\/ifp-alguero\/wp-content\/uploads\/usu2575\/2024\/12\/IMG_6789.jpg 2048w\" sizes=\"auto, (max-width: 1024px) 100vw, 1024px\" \/><\/span><\/p>\n<p><span style=\"font-weight: 400;\">Les disc<\/span><span style=\"font-weight: 400;\">iplines d\u2019Impressi\u00f3 i Postimpressi\u00f3 van apostar pel treball col\u00b7laboratiu, presentant-se en parelles. Aquest format va enriquir l\u2019experi\u00e8ncia dels participants, fomentant la comunicaci\u00f3, la coordinaci\u00f3 i la creativitat conjunta.<\/span><\/p>\n<h3><b>Material gr\u00e0fic i m\u00e9s<\/b><\/h3>\n<p><span style=\"font-weight: 400;\">La jornada tamb\u00e9 va deixar un gran llegat visual amb material fotogr\u00e0fic i les gr\u00e0fiques guanyadores, que destaquen per la seva qualitat i originalitat. Aquests projectes s\u00f3n un testimoni del talent i la dedicaci\u00f3 dels estudiants.<\/span><\/p>\n<h3><b>Gr\u00e0cies a tots els participants i col\u00b7laboradors<\/b><\/h3>\n<p><img loading=\"lazy\" decoding=\"async\" class=\"alignnone wp-image-3885 size-large\" src=\"https:\/\/agora.xtec.cat\/ifp-alguero\/wp-content\/uploads\/usu2575\/2024\/12\/IMG_6795-1024x1024.jpg\" alt=\"\" width=\"1024\" height=\"1024\" srcset=\"https:\/\/agora.xtec.cat\/ifp-alguero\/wp-content\/uploads\/usu2575\/2024\/12\/IMG_6795-1024x1024.jpg 1024w, https:\/\/agora.xtec.cat\/ifp-alguero\/wp-content\/uploads\/usu2575\/2024\/12\/IMG_6795-300x300.jpg 300w, https:\/\/agora.xtec.cat\/ifp-alguero\/wp-content\/uploads\/usu2575\/2024\/12\/IMG_6795-150x150.jpg 150w, https:\/\/agora.xtec.cat\/ifp-alguero\/wp-content\/uploads\/usu2575\/2024\/12\/IMG_6795-768x768.jpg 768w, https:\/\/agora.xtec.cat\/ifp-alguero\/wp-content\/uploads\/usu2575\/2024\/12\/IMG_6795-1536x1536.jpg 1536w, https:\/\/agora.xtec.cat\/ifp-alguero\/wp-content\/uploads\/usu2575\/2024\/12\/IMG_6795.jpg 2048w\" sizes=\"auto, (max-width: 1024px) 100vw, 1024px\" \/><\/p>\n<p><span style=\"font-weight: 400;\">L\u2019organitzaci\u00f3 de l\u2019Alguer\u00f3 Skills 2024 agraeix la implicaci\u00f3 de l\u2019alumnat, el professorat i els membres del jurat, aix\u00ed com el suport incondicional de l\u2019IFP Antoni Alguer\u00f3. Aquesta jornada \u00e9s un reflex de l\u2019esperit creatiu i professional que caracteritza el centre.<\/span><\/p>\n<h3><b>Ens veiem al CatSkills 2025!<\/b><\/h3>\n<p><img loading=\"lazy\" decoding=\"async\" class=\"alignnone size-large wp-image-3884\" src=\"https:\/\/agora.xtec.cat\/ifp-alguero\/wp-content\/uploads\/usu2575\/2024\/12\/IMG_6797-1024x1024.jpg\" alt=\"\" width=\"1024\" height=\"1024\" srcset=\"https:\/\/agora.xtec.cat\/ifp-alguero\/wp-content\/uploads\/usu2575\/2024\/12\/IMG_6797-1024x1024.jpg 1024w, https:\/\/agora.xtec.cat\/ifp-alguero\/wp-content\/uploads\/usu2575\/2024\/12\/IMG_6797-300x300.jpg 300w, https:\/\/agora.xtec.cat\/ifp-alguero\/wp-content\/uploads\/usu2575\/2024\/12\/IMG_6797-150x150.jpg 150w, https:\/\/agora.xtec.cat\/ifp-alguero\/wp-content\/uploads\/usu2575\/2024\/12\/IMG_6797-768x768.jpg 768w, https:\/\/agora.xtec.cat\/ifp-alguero\/wp-content\/uploads\/usu2575\/2024\/12\/IMG_6797-1536x1536.jpg 1536w, https:\/\/agora.xtec.cat\/ifp-alguero\/wp-content\/uploads\/usu2575\/2024\/12\/IMG_6797.jpg 2048w\" sizes=\"auto, (max-width: 1024px) 100vw, 1024px\" \/><\/p>\n<p><span style=\"font-weight: 400;\">Amb els resultats d\u2019aquesta edici\u00f3, l\u2019IFP Antoni Alguer\u00f3 es prepara per portar el seu talent a una escala superior als CatSkills 2025. Gr\u00e0cies a iniciatives com aquesta, continuem promovent l\u2019excel\u00b7l\u00e8ncia i el futur de les arts gr\u00e0fiques.<\/span><\/p>\n<p>&nbsp;<\/p>\n<p>&nbsp;<\/p>\n","protected":false},"excerpt":{"rendered":"<p>L\u2019Alguer\u00f3 Skills 2024, celebrat el passat 19 de desembre, va convertir l\u2019IFP Antoni Alguer\u00f3 en l\u2019epicentre de l\u2019excel\u00b7l\u00e8ncia i la innovaci\u00f3 en les arts gr\u00e0fiques i pl\u00e0stiques. Amb una competici\u00f3 vibrant, on van destacar la professionalitat dels participants i l\u2019alt nivell dels projectes, aquesta jornada&hellip;  <a href=\"https:\/\/agora.xtec.cat\/ifp-alguero\/general\/alguero-skills-2024-una-jornada-de-talent-i-creativitat-al-maxim-nivell\/\" title=\"Read Alguer\u00f3 Skills 2024: Una jornada de talent i creativitat al m\u00e0xim nivell\">Llegeix m\u00e9s\u00bb<\/a><\/p>\n","protected":false},"author":1,"featured_media":3879,"comment_status":"closed","ping_status":"closed","sticky":false,"template":"","format":"standard","meta":{"_bbp_topic_count":0,"_bbp_reply_count":0,"_bbp_total_topic_count":0,"_bbp_total_reply_count":0,"_bbp_voice_count":0,"_bbp_anonymous_reply_count":0,"_bbp_topic_count_hidden":0,"_bbp_reply_count_hidden":0,"_bbp_forum_subforum_count":0,"footnotes":""},"categories":[1,111,29,116],"tags":[117,118,120,121,119],"class_list":["post-3877","post","type-post","status-publish","format-standard","has-post-thumbnail","hentry","category-general","category-noticies_alumnat","category-portada","category-premis-i-reconeixements","tag-algueroskills2024","tag-artsgrafiques","tag-catskills2025","tag-creativitatifp","tag-talentalguero"],"post_mailing_queue_ids":[],"_links":{"self":[{"href":"https:\/\/agora.xtec.cat\/ifp-alguero\/wp-json\/wp\/v2\/posts\/3877","targetHints":{"allow":["GET"]}}],"collection":[{"href":"https:\/\/agora.xtec.cat\/ifp-alguero\/wp-json\/wp\/v2\/posts"}],"about":[{"href":"https:\/\/agora.xtec.cat\/ifp-alguero\/wp-json\/wp\/v2\/types\/post"}],"author":[{"embeddable":true,"href":"https:\/\/agora.xtec.cat\/ifp-alguero\/wp-json\/wp\/v2\/users\/1"}],"replies":[{"embeddable":true,"href":"https:\/\/agora.xtec.cat\/ifp-alguero\/wp-json\/wp\/v2\/comments?post=3877"}],"version-history":[{"count":4,"href":"https:\/\/agora.xtec.cat\/ifp-alguero\/wp-json\/wp\/v2\/posts\/3877\/revisions"}],"predecessor-version":[{"id":4004,"href":"https:\/\/agora.xtec.cat\/ifp-alguero\/wp-json\/wp\/v2\/posts\/3877\/revisions\/4004"}],"wp:featuredmedia":[{"embeddable":true,"href":"https:\/\/agora.xtec.cat\/ifp-alguero\/wp-json\/wp\/v2\/media\/3879"}],"wp:attachment":[{"href":"https:\/\/agora.xtec.cat\/ifp-alguero\/wp-json\/wp\/v2\/media?parent=3877"}],"wp:term":[{"taxonomy":"category","embeddable":true,"href":"https:\/\/agora.xtec.cat\/ifp-alguero\/wp-json\/wp\/v2\/categories?post=3877"},{"taxonomy":"post_tag","embeddable":true,"href":"https:\/\/agora.xtec.cat\/ifp-alguero\/wp-json\/wp\/v2\/tags?post=3877"}],"curies":[{"name":"wp","href":"https:\/\/api.w.org\/{rel}","templated":true}]}}