{"id":3842,"date":"2024-12-16T08:12:50","date_gmt":"2024-12-16T07:12:50","guid":{"rendered":"https:\/\/agora.xtec.cat\/ifp-alguero\/?p=3842"},"modified":"2025-09-29T14:20:23","modified_gmt":"2025-09-29T12:20:23","slug":"alguero-skills-2024-comparteix-apren-i-excelleix-en-les-arts-grafiques-i-les-arts-plastiques","status":"publish","type":"post","link":"https:\/\/agora.xtec.cat\/ifp-alguero\/general\/alguero-skills-2024-comparteix-apren-i-excelleix-en-les-arts-grafiques-i-les-arts-plastiques\/","title":{"rendered":"Alguer\u00f3 Skills 2024 &#8211; Comparteix, Apr\u00e8n i Excel\u00b7leix en les arts gr\u00e0fiques i les arts pl\u00e0stiques!"},"content":{"rendered":"<h2><img loading=\"lazy\" decoding=\"async\" class=\"aligncenter wp-image-4794 size-large\" src=\"https:\/\/agora.xtec.cat\/ifp-alguero\/wp-content\/uploads\/usu2575\/2025\/09\/alguero-skils-2048x1200-1-1024x600.png\" alt=\"\" width=\"1024\" height=\"600\" srcset=\"https:\/\/agora.xtec.cat\/ifp-alguero\/wp-content\/uploads\/usu2575\/2025\/09\/alguero-skils-2048x1200-1-1024x600.png 1024w, https:\/\/agora.xtec.cat\/ifp-alguero\/wp-content\/uploads\/usu2575\/2025\/09\/alguero-skils-2048x1200-1-300x176.png 300w, https:\/\/agora.xtec.cat\/ifp-alguero\/wp-content\/uploads\/usu2575\/2025\/09\/alguero-skils-2048x1200-1-768x450.png 768w, https:\/\/agora.xtec.cat\/ifp-alguero\/wp-content\/uploads\/usu2575\/2025\/09\/alguero-skils-2048x1200-1-1536x900.png 1536w, https:\/\/agora.xtec.cat\/ifp-alguero\/wp-content\/uploads\/usu2575\/2025\/09\/alguero-skils-2048x1200-1.png 2048w\" sizes=\"auto, (max-width: 1024px) 100vw, 1024px\" \/><\/h2>\n<h2><span style=\"font-weight: 400;\">El 19 de desembre, no et perdis l\u2019esdeveniment creatiu de l\u2019any al nostre centre!<\/span><\/h2>\n<p><span style=\"font-weight: 400;\"><strong>Benvinguts a l\u2019Alguer\u00f3 Skills 2024!<\/strong> Estem emocionats d\u2019anunciar la celebraci\u00f3 d\u2019aquest certamen de creativitat que <strong>tindr\u00e0 lloc el pr\u00f2xim 19 de desembre<\/strong> al nostre centre. L\u2019Alguer\u00f3 Skills \u00e9s una oportunitat \u00fanica perqu\u00e8 els nostres estudiants mostrin el seu <strong>talent i habilitats<\/strong> en diferents disciplines relacionades amb les <strong>arts gr\u00e0fiques i les arts pl\u00e0stiques<\/strong>.<\/span><\/p>\n<h3><b>Qu\u00e8 \u00e9s l\u2019Alguer\u00f3 Skills?<\/b><\/h3>\n<p><span style=\"font-weight: 400;\">L\u2019Alguer\u00f3 Skills <strong>\u00e9s una competici\u00f3 interna<\/strong> que reuneix estudiants de diverses disciplines per competir en <strong>projectes pr\u00e0ctics<\/strong> i demostracions de les seves habilitats. Les disciplines participants s\u00f3n:<\/span><\/p>\n<ul>\n<li><b>Disseny Gr\u00e0fic<\/b><\/li>\n<li><b>Preimpressi\u00f3 Gr\u00e0fica<\/b><\/li>\n<li><b>Parelles Interdisciplin\u00e0ries d\u2019Impressi\u00f3 i Postimpressi\u00f3 i Acabats<\/b><\/li>\n<\/ul>\n<h3><b>Objectius de l\u2019esdeveniment:<\/b><\/h3>\n<ul>\n<li><strong>Fomentar la creativitat i la innovaci\u00f3 entre els estudiants.<\/strong><\/li>\n<li><strong>Promoure la col\u00b7laboraci\u00f3 i el treball en equip.<\/strong><\/li>\n<li><strong>Identificar i premiar el talent emergent en les arts gr\u00e0fiques i les arts pl\u00e0stiques.<\/strong><\/li>\n<\/ul>\n<h3><b>Horari de l\u2019esdeveniment:<\/b><\/h3>\n<ul>\n<li><b>08:00 &#8211; 08:15<\/b><span style=\"font-weight: 400;\">: Arribada i Registre dels participants<\/span><\/li>\n<li><b>08:15 &#8211; 08:30<\/b><span style=\"font-weight: 400;\">: Presentaci\u00f3 de Briefings<\/span><\/li>\n<li><b>08:30 &#8211; 11:00<\/b><span style=\"font-weight: 400;\">: Desenvolupament del Projecte<\/span><\/li>\n<li><b>11:00 &#8211; 11:30<\/b><span style=\"font-weight: 400;\">: Pausa<\/span><\/li>\n<li><b>11:30 &#8211; 12:15<\/b><span style=\"font-weight: 400;\">: Presentaci\u00f3 al Jurat<\/span><\/li>\n<li><b>12:15 &#8211; 13:00<\/b><span style=\"font-weight: 400;\">: Deliberaci\u00f3 del Jurat<\/span><\/li>\n<li><b>13:00 &#8211; 13:30<\/b><span style=\"font-weight: 400;\">: Comunicaci\u00f3 dels Guanyadors i Entrega de Premis<\/span><\/li>\n<li><b>13:30 &#8211; 14:00<\/b><span style=\"font-weight: 400;\">: Cloenda<\/span><\/li>\n<\/ul>\n<p><span style=\"font-weight: 400;\">Els guanyadors de cada disciplina rebran reconeixements especials i el primer classificat en la disciplina de Disseny Gr\u00e0fic tindr\u00e0 l\u2019honor de representar el nostre centre a la competici\u00f3 CatSkills 2025.<\/span><\/p>\n<h3><b>Uneix-te a nosaltres i viu una jornada plena de creativitat, aprenentatge i diversi\u00f3!<\/b><\/h3>\n","protected":false},"excerpt":{"rendered":"<p>El 19 de desembre, no et perdis l\u2019esdeveniment creatiu de l\u2019any al nostre centre!<br \/>\nBenvinguts a l\u2019Alguer\u00f3 Skills 2024! Estem emocionats d\u2019anunciar la celebraci\u00f3 d\u2019aquest certamen de creativitat que tindr\u00e0 lloc el pr\u00f2xim 19 de desembre al nostre centre. L\u2019Alguer\u00f3 Skills \u00e9s una oportunitat \u00fanica perqu\u00e8&hellip;  <a href=\"https:\/\/agora.xtec.cat\/ifp-alguero\/general\/alguero-skills-2024-comparteix-apren-i-excelleix-en-les-arts-grafiques-i-les-arts-plastiques\/\" title=\"Read Alguer\u00f3 Skills 2024 &#8211; Comparteix, Apr\u00e8n i Excel\u00b7leix en les arts gr\u00e0fiques i les arts pl\u00e0stiques!\">Llegeix m\u00e9s\u00bb<\/a><\/p>\n","protected":false},"author":1,"featured_media":3837,"comment_status":"closed","ping_status":"closed","sticky":false,"template":"","format":"standard","meta":{"_bbp_topic_count":0,"_bbp_reply_count":0,"_bbp_total_topic_count":0,"_bbp_total_reply_count":0,"_bbp_voice_count":0,"_bbp_anonymous_reply_count":0,"_bbp_topic_count_hidden":0,"_bbp_reply_count_hidden":0,"_bbp_forum_subforum_count":0,"footnotes":""},"categories":[1,29],"tags":[],"class_list":["post-3842","post","type-post","status-publish","format-standard","has-post-thumbnail","hentry","category-general","category-portada"],"post_mailing_queue_ids":[],"_links":{"self":[{"href":"https:\/\/agora.xtec.cat\/ifp-alguero\/wp-json\/wp\/v2\/posts\/3842","targetHints":{"allow":["GET"]}}],"collection":[{"href":"https:\/\/agora.xtec.cat\/ifp-alguero\/wp-json\/wp\/v2\/posts"}],"about":[{"href":"https:\/\/agora.xtec.cat\/ifp-alguero\/wp-json\/wp\/v2\/types\/post"}],"author":[{"embeddable":true,"href":"https:\/\/agora.xtec.cat\/ifp-alguero\/wp-json\/wp\/v2\/users\/1"}],"replies":[{"embeddable":true,"href":"https:\/\/agora.xtec.cat\/ifp-alguero\/wp-json\/wp\/v2\/comments?post=3842"}],"version-history":[{"count":6,"href":"https:\/\/agora.xtec.cat\/ifp-alguero\/wp-json\/wp\/v2\/posts\/3842\/revisions"}],"predecessor-version":[{"id":3847,"href":"https:\/\/agora.xtec.cat\/ifp-alguero\/wp-json\/wp\/v2\/posts\/3842\/revisions\/3847"}],"wp:featuredmedia":[{"embeddable":true,"href":"https:\/\/agora.xtec.cat\/ifp-alguero\/wp-json\/wp\/v2\/media\/3837"}],"wp:attachment":[{"href":"https:\/\/agora.xtec.cat\/ifp-alguero\/wp-json\/wp\/v2\/media?parent=3842"}],"wp:term":[{"taxonomy":"category","embeddable":true,"href":"https:\/\/agora.xtec.cat\/ifp-alguero\/wp-json\/wp\/v2\/categories?post=3842"},{"taxonomy":"post_tag","embeddable":true,"href":"https:\/\/agora.xtec.cat\/ifp-alguero\/wp-json\/wp\/v2\/tags?post=3842"}],"curies":[{"name":"wp","href":"https:\/\/api.w.org\/{rel}","templated":true}]}}