{"id":2082,"date":"2023-03-07T17:17:35","date_gmt":"2023-03-07T16:17:35","guid":{"rendered":"https:\/\/agora.xtec.cat\/ifp-alguero\/?p=2082"},"modified":"2024-06-19T08:44:07","modified_gmt":"2024-06-19T06:44:07","slug":"alumnes-de-grafica-publicitaria-dissenyen-els-cartells-del-vi-maridatge-dels-sentits-teia","status":"publish","type":"post","link":"https:\/\/agora.xtec.cat\/ifp-alguero\/general\/alumnes-de-grafica-publicitaria-dissenyen-els-cartells-del-vi-maridatge-dels-sentits-teia\/","title":{"rendered":"Alumnes de Gr\u00e0fica Publicit\u00e0ria dissenyen els cartells del VI Maridatge dels Sentits (Tei\u00e0)"},"content":{"rendered":"<p>L&#8217;alumnat dels cicles d&#8217;Arts Pl\u00e0stiques i Disseny del nostre institut participen cada any al programa <a href=\"https:\/\/xtec.gencat.cat\/ca\/curriculum\/professionals\/artistics\/artsplastdis\/innovacio\/talent-creatiu-i-empresa\/\" target=\"_blank\" rel=\"noopener\">Talent Creatiu i Empresa<\/a>. Dins d&#8217;aquest programa d&#8217;innovaci\u00f3, organitzat pel Servei d\u2019Ordenaci\u00f3 dels Ensenyaments de R\u00e8gim Especial del Departament d\u2019Educaci\u00f3, l&#8217;alumnat dels centres d&#8217;Arts Pl\u00e0stiques i Disseny realitzen diversos enc\u00e0rrecs professionals amb empreses i entitats amb l&#8217;objectiu d&#8217;integrar en el seu aprenentatge l\u2019entorn laboral real.<\/p>\n<p>Des del nostre institut aquest segon any hem tornat a participar, i avui dimarts 7 de mar\u00e7, els organitzadors del <strong>Maridatge dels Sentits i del Concurs Internacional de Perfumeria Mouillette d\u2019Argent de Tei\u00e0<\/strong> han escollit la proposta dels alumnes <strong>Pol Blanquer, Ariadna Lloria i Tatiana S\u00e1nchez<\/strong> com a imatge de l&#8217;esdeveniment, que ser\u00e0 aplicat tamb\u00e9 a les venecianes d\u2019acc\u00e9s a la poblaci\u00f3 i a la resta de suports promocionals dels dos esdeveniments, com les insercions publicit\u00e0ries en la premsa nacional i comarcal.<\/p>\n<p>Del 3 al 7 de maig, Tei\u00e0 acollir\u00e0 la sisena edici\u00f3 del festival del perfum, les flors i la gastronomia, mentre que la gala del Concurs Internacional de Perfumeria se celebrar\u00e0 el dia 6.<\/p>\n<p>Des de l&#8217;IFP Antoni Alguer\u00f3 volem donar les gr\u00e0cies als organitzadors i felicitem el nostre alumnat que est\u00e0 posant tot el seu talent i esfor\u00e7 a cada activitat i repte, enhorabona a totes i a tots, estem orgullosos!<\/p>\n<p><a href=\"https:\/\/www.maridatgedelssentits.cat\/#quees\" target=\"_blank\" rel=\"noopener\">Web Maridatge dels Sentits<\/a><\/p>\n<p><a href=\"https:\/\/teia.cat\/noticies\/item\/24487-presenten-els-cartells-del-maridatge-dels-sentits-i-del-concurs-de-perfumeria\" target=\"_blank\" rel=\"noopener\">M\u00e9s informaci\u00f3<\/a><\/p>\n<p><img loading=\"lazy\" decoding=\"async\" class=\"alignnone size-full wp-image-2083\" src=\"https:\/\/agora.xtec.cat\/ifp-alguero\/wp-content\/uploads\/usu2575\/2023\/03\/VImaridatge.jpg\" alt=\"\" width=\"2000\" height=\"1075\" srcset=\"https:\/\/agora.xtec.cat\/ifp-alguero\/wp-content\/uploads\/usu2575\/2023\/03\/VImaridatge.jpg 2000w, https:\/\/agora.xtec.cat\/ifp-alguero\/wp-content\/uploads\/usu2575\/2023\/03\/VImaridatge-300x161.jpg 300w, https:\/\/agora.xtec.cat\/ifp-alguero\/wp-content\/uploads\/usu2575\/2023\/03\/VImaridatge-1024x550.jpg 1024w, https:\/\/agora.xtec.cat\/ifp-alguero\/wp-content\/uploads\/usu2575\/2023\/03\/VImaridatge-768x413.jpg 768w, https:\/\/agora.xtec.cat\/ifp-alguero\/wp-content\/uploads\/usu2575\/2023\/03\/VImaridatge-1536x826.jpg 1536w\" sizes=\"auto, (max-width: 2000px) 100vw, 2000px\" \/><\/p>\n","protected":false},"excerpt":{"rendered":"<p>L&#8217;alumnat dels cicles d&#8217;Arts Pl\u00e0stiques i Disseny del nostre institut participen cada any al programa <a href=\"https:\/\/xtec.gencat.cat\/ca\/curriculum\/professionals\/artistics\/artsplastdis\/innovacio\/talent-creatiu-i-empresa\/\" target=\"_blank\" rel=\"noopener\">Talent Creatiu i Empresa<\/a>. Dins d&#8217;aquest programa d&#8217;innovaci\u00f3, organitzat pel Servei d\u2019Ordenaci\u00f3 dels Ensenyaments de R\u00e8gim Especial del Departament d\u2019Educaci\u00f3, l&#8217;alumnat dels centres d&#8217;Arts Pl\u00e0stiques i Disseny&hellip;  <a href=\"https:\/\/agora.xtec.cat\/ifp-alguero\/general\/alumnes-de-grafica-publicitaria-dissenyen-els-cartells-del-vi-maridatge-dels-sentits-teia\/\" title=\"Read Alumnes de Gr\u00e0fica Publicit\u00e0ria dissenyen els cartells del VI Maridatge dels Sentits (Tei\u00e0)\">Llegeix m\u00e9s\u00bb<\/a><\/p>\n","protected":false},"author":1,"featured_media":2083,"comment_status":"closed","ping_status":"closed","sticky":false,"template":"","format":"standard","meta":{"_bbp_topic_count":0,"_bbp_reply_count":0,"_bbp_total_topic_count":0,"_bbp_total_reply_count":0,"_bbp_voice_count":0,"_bbp_anonymous_reply_count":0,"_bbp_topic_count_hidden":0,"_bbp_reply_count_hidden":0,"_bbp_forum_subforum_count":0,"footnotes":""},"categories":[1,29,116],"tags":[],"class_list":["post-2082","post","type-post","status-publish","format-standard","has-post-thumbnail","hentry","category-general","category-portada","category-premis-i-reconeixements"],"post_mailing_queue_ids":[],"_links":{"self":[{"href":"https:\/\/agora.xtec.cat\/ifp-alguero\/wp-json\/wp\/v2\/posts\/2082","targetHints":{"allow":["GET"]}}],"collection":[{"href":"https:\/\/agora.xtec.cat\/ifp-alguero\/wp-json\/wp\/v2\/posts"}],"about":[{"href":"https:\/\/agora.xtec.cat\/ifp-alguero\/wp-json\/wp\/v2\/types\/post"}],"author":[{"embeddable":true,"href":"https:\/\/agora.xtec.cat\/ifp-alguero\/wp-json\/wp\/v2\/users\/1"}],"replies":[{"embeddable":true,"href":"https:\/\/agora.xtec.cat\/ifp-alguero\/wp-json\/wp\/v2\/comments?post=2082"}],"version-history":[{"count":2,"href":"https:\/\/agora.xtec.cat\/ifp-alguero\/wp-json\/wp\/v2\/posts\/2082\/revisions"}],"predecessor-version":[{"id":2086,"href":"https:\/\/agora.xtec.cat\/ifp-alguero\/wp-json\/wp\/v2\/posts\/2082\/revisions\/2086"}],"wp:featuredmedia":[{"embeddable":true,"href":"https:\/\/agora.xtec.cat\/ifp-alguero\/wp-json\/wp\/v2\/media\/2083"}],"wp:attachment":[{"href":"https:\/\/agora.xtec.cat\/ifp-alguero\/wp-json\/wp\/v2\/media?parent=2082"}],"wp:term":[{"taxonomy":"category","embeddable":true,"href":"https:\/\/agora.xtec.cat\/ifp-alguero\/wp-json\/wp\/v2\/categories?post=2082"},{"taxonomy":"post_tag","embeddable":true,"href":"https:\/\/agora.xtec.cat\/ifp-alguero\/wp-json\/wp\/v2\/tags?post=2082"}],"curies":[{"name":"wp","href":"https:\/\/api.w.org\/{rel}","templated":true}]}}