{"id":2070,"date":"2023-03-01T17:57:44","date_gmt":"2023-03-01T16:57:44","guid":{"rendered":"https:\/\/agora.xtec.cat\/ifp-alguero\/?p=2070"},"modified":"2023-03-09T17:38:43","modified_gmt":"2023-03-09T16:38:43","slug":"lifp-antoni-alguero-es-seu-per-la-realitzacio-de-les-proves-dacces-especifiques-per-lacces-als-cfgm-i-als-cfgs","status":"publish","type":"post","link":"https:\/\/agora.xtec.cat\/ifp-alguero\/general\/lifp-antoni-alguero-es-seu-per-la-realitzacio-de-les-proves-dacces-especifiques-per-lacces-als-cfgm-i-als-cfgs\/","title":{"rendered":"L&#8217;IFP Antoni Alguer\u00f3 \u00e9s seu per la realitzaci\u00f3 de les proves d&#8217;acc\u00e9s espec\u00edfiques per l&#8217;acc\u00e9s als CFGM i als CFGS."},"content":{"rendered":"<p>El nostre centre amplia els seus serveis a la comunitat educativa d&#8217;Arts pl\u00e0stiques i Disseny, a partir d&#8217;aquest curs ja podem realitzar les proves d&#8217;acc\u00e9s espec\u00edfiques per l&#8217;acc\u00e9s als cicles d&#8217;arts pl\u00e0stiques i disseny.<\/p>\n<div>Podrem comen\u00e7ar a fer les proves espec\u00edfiques al nostre centre a la <a style=\"font-family: inherit; font-size: 1em;\" href=\"https:\/\/educacio.gencat.cat\/ca\/serveis-tramits\/proves\/proves-acces\/gs-apd\/calendari\/#bloc3\" target=\"_blank\" rel=\"noopener\" data-saferedirecturl=\"https:\/\/www.google.com\/url?q=https:\/\/educacio.gencat.cat\/ca\/serveis-tramits\/proves\/proves-acces\/gs-apd\/calendari\/%23bloc3&amp;source=gmail&amp;ust=1678462693796000&amp;usg=AOvVaw0L0rawP-eaewenPxxy_OkC\">Convocat\u00f2ria extraordin\u00e0ria (part espec\u00edfica)<\/a><\/p>\n<\/div>\n<div>Aquestes seran les dates:<\/div>\n<div>\n<div id=\"m_-4211117630477683274gmail-bloc3\">\n<ul>\n<li>Inscripci\u00f3: del 25 (a partir de les 9 h) al 31 de maig de 2023<\/li>\n<li>Llista provisional d&#8217;admesos i exclosos: a partir del 6 de juny de 2023<\/li>\n<li>Presentaci\u00f3 de la documentaci\u00f3 al centre: del 7 al 20 de juny de 2023 (en horari d&#8217;atenci\u00f3 al p\u00fablic)<\/li>\n<li>Llista definitiva d&#8217;admesos i exclosos: a partir del 21 de juny de 2023<\/li>\n<li>Proves: 27 de juny de 2023 a les 9.30 h<\/li>\n<li>Qualificacions provisionals: a partir del 30 de juny de 2023<\/li>\n<li>Termini per presentar reclamacions al centre: del 3 al 5 de juliol de 2023 (en horari d&#8217;atenci\u00f3 al p\u00fablic)<\/li>\n<li>Qualificacions definitives: a partir del 7 de juliol de 2023<\/li>\n<\/ul>\n<\/div>\n<\/div>\n<p>Podeu trobar tota la informaci\u00f3 sobre les proves en els seg\u00fcents enlla\u00e7os:<\/p>\n<p><a href=\"https:\/\/educacio.gencat.cat\/ca\/serveis-tramits\/proves\/proves-acces\/gm-apd\/\" target=\"_blank\" rel=\"noopener\">Arts pl\u00e0stiques i disseny. Grau mitj\u00e0<\/a><\/p>\n<p><a href=\"https:\/\/educacio.gencat.cat\/ca\/serveis-tramits\/proves\/proves-acces\/gs-apd\/\" target=\"_blank\" rel=\"noopener\">Arts pl\u00e0stiques i disseny. Grau superior<\/a><\/p>\n<p>Estigueu atents al calendari i dates clau i, si teniu qualsevol consulta, no dubteu a contactar amb nosaltres!<\/p>\n","protected":false},"excerpt":{"rendered":"<p>El nostre centre amplia els seus serveis a la comunitat educativa d&#8217;Arts pl\u00e0stiques i Disseny, a partir d&#8217;aquest curs ja podem realitzar les proves d&#8217;acc\u00e9s espec\u00edfiques per l&#8217;acc\u00e9s als cicles d&#8217;arts pl\u00e0stiques i disseny.<br \/>\nPodrem comen\u00e7ar a fer les proves espec\u00edfiques al nostre centre a la&hellip;  <a href=\"https:\/\/agora.xtec.cat\/ifp-alguero\/general\/lifp-antoni-alguero-es-seu-per-la-realitzacio-de-les-proves-dacces-especifiques-per-lacces-als-cfgm-i-als-cfgs\/\" title=\"Read L&#8217;IFP Antoni Alguer\u00f3 \u00e9s seu per la realitzaci\u00f3 de les proves d&#8217;acc\u00e9s espec\u00edfiques per l&#8217;acc\u00e9s als CFGM i als CFGS.\">Llegeix m\u00e9s\u00bb<\/a><\/p>\n","protected":false},"author":1,"featured_media":2087,"comment_status":"closed","ping_status":"closed","sticky":false,"template":"","format":"standard","meta":{"_bbp_topic_count":0,"_bbp_reply_count":0,"_bbp_total_topic_count":0,"_bbp_total_reply_count":0,"_bbp_voice_count":0,"_bbp_anonymous_reply_count":0,"_bbp_topic_count_hidden":0,"_bbp_reply_count_hidden":0,"_bbp_forum_subforum_count":0,"footnotes":""},"categories":[1,29],"tags":[],"class_list":["post-2070","post","type-post","status-publish","format-standard","has-post-thumbnail","hentry","category-general","category-portada"],"post_mailing_queue_ids":[],"_links":{"self":[{"href":"https:\/\/agora.xtec.cat\/ifp-alguero\/wp-json\/wp\/v2\/posts\/2070","targetHints":{"allow":["GET"]}}],"collection":[{"href":"https:\/\/agora.xtec.cat\/ifp-alguero\/wp-json\/wp\/v2\/posts"}],"about":[{"href":"https:\/\/agora.xtec.cat\/ifp-alguero\/wp-json\/wp\/v2\/types\/post"}],"author":[{"embeddable":true,"href":"https:\/\/agora.xtec.cat\/ifp-alguero\/wp-json\/wp\/v2\/users\/1"}],"replies":[{"embeddable":true,"href":"https:\/\/agora.xtec.cat\/ifp-alguero\/wp-json\/wp\/v2\/comments?post=2070"}],"version-history":[{"count":3,"href":"https:\/\/agora.xtec.cat\/ifp-alguero\/wp-json\/wp\/v2\/posts\/2070\/revisions"}],"predecessor-version":[{"id":2088,"href":"https:\/\/agora.xtec.cat\/ifp-alguero\/wp-json\/wp\/v2\/posts\/2070\/revisions\/2088"}],"wp:featuredmedia":[{"embeddable":true,"href":"https:\/\/agora.xtec.cat\/ifp-alguero\/wp-json\/wp\/v2\/media\/2087"}],"wp:attachment":[{"href":"https:\/\/agora.xtec.cat\/ifp-alguero\/wp-json\/wp\/v2\/media?parent=2070"}],"wp:term":[{"taxonomy":"category","embeddable":true,"href":"https:\/\/agora.xtec.cat\/ifp-alguero\/wp-json\/wp\/v2\/categories?post=2070"},{"taxonomy":"post_tag","embeddable":true,"href":"https:\/\/agora.xtec.cat\/ifp-alguero\/wp-json\/wp\/v2\/tags?post=2070"}],"curies":[{"name":"wp","href":"https:\/\/api.w.org\/{rel}","templated":true}]}}