{"id":2062,"date":"2023-02-07T12:02:56","date_gmt":"2023-02-07T11:02:56","guid":{"rendered":"https:\/\/agora.xtec.cat\/ifp-alguero\/?p=2062"},"modified":"2023-02-13T12:05:19","modified_gmt":"2023-02-13T11:05:19","slug":"reunio-de-xarxa-de-mobilitat-a-lifp-antoni-alguero","status":"publish","type":"post","link":"https:\/\/agora.xtec.cat\/ifp-alguero\/general\/reunio-de-xarxa-de-mobilitat-a-lifp-antoni-alguero\/","title":{"rendered":"Reuni\u00f3 de Xarxa de mobilitat a l\u2019IFP Antoni Alguer\u00f3"},"content":{"rendered":"<p>Aquest mat\u00ed hem celebrat al nostre institut la quarta reuni\u00f3 de xarxa de mobilitat de nivell mitj\u00e0. La sessi\u00f3 s\u2019ha focalitzat en els Projectes de cooperaci\u00f3 internacional i hem pogut compartir experi\u00e8ncies interessants de diferents centres. Ens ha acompanyat la M\u00edriam Castillo, responsable de la Unitat de Mobilitat FP, i la Marta Valero, T\u00e8cnica assessora de projectes de mobilitat K1. Agra\u00efm l\u2019assist\u00e8ncia i col\u00b7laboraci\u00f3 de tots els assistents ja que la xarxa ens mobilitza!<\/p>\n<p><img loading=\"lazy\" decoding=\"async\" class=\"alignnone size-full wp-image-2063\" src=\"https:\/\/agora.xtec.cat\/ifp-alguero\/wp-content\/uploads\/usu2575\/2023\/02\/xarxa_mob.jpg\" alt=\"\" width=\"1202\" height=\"908\" srcset=\"https:\/\/agora.xtec.cat\/ifp-alguero\/wp-content\/uploads\/usu2575\/2023\/02\/xarxa_mob.jpg 1202w, https:\/\/agora.xtec.cat\/ifp-alguero\/wp-content\/uploads\/usu2575\/2023\/02\/xarxa_mob-300x227.jpg 300w, https:\/\/agora.xtec.cat\/ifp-alguero\/wp-content\/uploads\/usu2575\/2023\/02\/xarxa_mob-1024x774.jpg 1024w, https:\/\/agora.xtec.cat\/ifp-alguero\/wp-content\/uploads\/usu2575\/2023\/02\/xarxa_mob-768x580.jpg 768w, https:\/\/agora.xtec.cat\/ifp-alguero\/wp-content\/uploads\/usu2575\/2023\/02\/xarxa_mob-200x150.jpg 200w\" sizes=\"auto, (max-width: 1202px) 100vw, 1202px\" \/><\/p>\n","protected":false},"excerpt":{"rendered":"<p>Aquest mat\u00ed hem celebrat al nostre institut la quarta reuni\u00f3 de xarxa de mobilitat de nivell mitj\u00e0. La sessi\u00f3 s\u2019ha focalitzat en els Projectes de cooperaci\u00f3 internacional i hem pogut compartir experi\u00e8ncies interessants de diferents centres. Ens ha acompanyat la M\u00edriam Castillo, responsable de la&hellip;  <a href=\"https:\/\/agora.xtec.cat\/ifp-alguero\/general\/reunio-de-xarxa-de-mobilitat-a-lifp-antoni-alguero\/\" title=\"Read Reuni\u00f3 de Xarxa de mobilitat a l\u2019IFP Antoni Alguer\u00f3\">Llegeix m\u00e9s\u00bb<\/a><\/p>\n","protected":false},"author":1,"featured_media":2063,"comment_status":"closed","ping_status":"closed","sticky":false,"template":"","format":"standard","meta":{"_bbp_topic_count":0,"_bbp_reply_count":0,"_bbp_total_topic_count":0,"_bbp_total_reply_count":0,"_bbp_voice_count":0,"_bbp_anonymous_reply_count":0,"_bbp_topic_count_hidden":0,"_bbp_reply_count_hidden":0,"_bbp_forum_subforum_count":0,"footnotes":""},"categories":[1,29],"tags":[],"class_list":["post-2062","post","type-post","status-publish","format-standard","has-post-thumbnail","hentry","category-general","category-portada"],"post_mailing_queue_ids":[],"_links":{"self":[{"href":"https:\/\/agora.xtec.cat\/ifp-alguero\/wp-json\/wp\/v2\/posts\/2062","targetHints":{"allow":["GET"]}}],"collection":[{"href":"https:\/\/agora.xtec.cat\/ifp-alguero\/wp-json\/wp\/v2\/posts"}],"about":[{"href":"https:\/\/agora.xtec.cat\/ifp-alguero\/wp-json\/wp\/v2\/types\/post"}],"author":[{"embeddable":true,"href":"https:\/\/agora.xtec.cat\/ifp-alguero\/wp-json\/wp\/v2\/users\/1"}],"replies":[{"embeddable":true,"href":"https:\/\/agora.xtec.cat\/ifp-alguero\/wp-json\/wp\/v2\/comments?post=2062"}],"version-history":[{"count":1,"href":"https:\/\/agora.xtec.cat\/ifp-alguero\/wp-json\/wp\/v2\/posts\/2062\/revisions"}],"predecessor-version":[{"id":2064,"href":"https:\/\/agora.xtec.cat\/ifp-alguero\/wp-json\/wp\/v2\/posts\/2062\/revisions\/2064"}],"wp:featuredmedia":[{"embeddable":true,"href":"https:\/\/agora.xtec.cat\/ifp-alguero\/wp-json\/wp\/v2\/media\/2063"}],"wp:attachment":[{"href":"https:\/\/agora.xtec.cat\/ifp-alguero\/wp-json\/wp\/v2\/media?parent=2062"}],"wp:term":[{"taxonomy":"category","embeddable":true,"href":"https:\/\/agora.xtec.cat\/ifp-alguero\/wp-json\/wp\/v2\/categories?post=2062"},{"taxonomy":"post_tag","embeddable":true,"href":"https:\/\/agora.xtec.cat\/ifp-alguero\/wp-json\/wp\/v2\/tags?post=2062"}],"curies":[{"name":"wp","href":"https:\/\/api.w.org\/{rel}","templated":true}]}}