{"id":2030,"date":"2023-01-25T18:57:22","date_gmt":"2023-01-25T17:57:22","guid":{"rendered":"https:\/\/agora.xtec.cat\/ifp-alguero\/?p=2030"},"modified":"2023-01-25T18:59:48","modified_gmt":"2023-01-25T17:59:48","slug":"visita-al-museu-del-moli-paperer-de-capellades","status":"publish","type":"post","link":"https:\/\/agora.xtec.cat\/ifp-alguero\/general\/visita-al-museu-del-moli-paperer-de-capellades\/","title":{"rendered":"Visita al Museu del Mol\u00ed Paperer de Capellades"},"content":{"rendered":"<p>L&#8217;alumnat dels cicles formatius de preimpressi\u00f3 digital, impressi\u00f3 gr\u00e0fica i postimpressi\u00f3 i acabats ha visitat el Museu del Mol\u00ed Paperer de Capellades. D&#8217;aquesta manera han tingut l&#8217;oportunitat de veure de ben a prop com es fabricava el paper artesanalment i han complementat, aix\u00ed, els seus coneixement te\u00f2rics. El recorregut ha finalitzat amb un taller on els nois i les noies han pogut fer paper i endur-se&#8217;l. Agra\u00efm al Museu la seva hospitalitat i esperem repetir l&#8217;experi\u00e8ncia en futures ocasions.<\/p>\n\n\t\t<style type=\"text\/css\">\n\t\t\t#gallery-1 {\n\t\t\t\tmargin: auto;\n\t\t\t}\n\t\t\t#gallery-1 .gallery-item {\n\t\t\t\tfloat: left;\n\t\t\t\tmargin-top: 10px;\n\t\t\t\ttext-align: center;\n\t\t\t\twidth: 50%;\n\t\t\t}\n\t\t\t#gallery-1 img {\n\t\t\t\tborder: 2px solid #cfcfcf;\n\t\t\t}\n\t\t\t#gallery-1 .gallery-caption {\n\t\t\t\tmargin-left: 0;\n\t\t\t}\n\t\t\t\/* see gallery_shortcode() in wp-includes\/media.php *\/\n\t\t<\/style>\n\t\t<div id='gallery-1' class='gallery galleryid-2030 gallery-columns-2 gallery-size-full'><dl class='gallery-item'>\n\t\t\t<dt class='gallery-icon portrait'>\n\t\t\t\t<a href='https:\/\/agora.xtec.cat\/ifp-alguero\/general\/visita-al-museu-del-moli-paperer-de-capellades\/attachment\/img-20230125-wa0013\/'><img loading=\"lazy\" decoding=\"async\" width=\"768\" height=\"1024\" src=\"https:\/\/agora.xtec.cat\/ifp-alguero\/wp-content\/uploads\/usu2575\/2023\/01\/IMG-20230125-WA0013.jpg\" class=\"attachment-full size-full\" alt=\"\" srcset=\"https:\/\/agora.xtec.cat\/ifp-alguero\/wp-content\/uploads\/usu2575\/2023\/01\/IMG-20230125-WA0013.jpg 768w, https:\/\/agora.xtec.cat\/ifp-alguero\/wp-content\/uploads\/usu2575\/2023\/01\/IMG-20230125-WA0013-225x300.jpg 225w\" sizes=\"auto, (max-width: 768px) 100vw, 768px\" \/><\/a>\n\t\t\t<\/dt><\/dl><dl class='gallery-item'>\n\t\t\t<dt class='gallery-icon portrait'>\n\t\t\t\t<a href='https:\/\/agora.xtec.cat\/ifp-alguero\/general\/visita-al-museu-del-moli-paperer-de-capellades\/attachment\/img-20230125-wa0003\/'><img loading=\"lazy\" decoding=\"async\" width=\"768\" height=\"1024\" src=\"https:\/\/agora.xtec.cat\/ifp-alguero\/wp-content\/uploads\/usu2575\/2023\/01\/IMG-20230125-WA0003.jpg\" class=\"attachment-full size-full\" alt=\"\" srcset=\"https:\/\/agora.xtec.cat\/ifp-alguero\/wp-content\/uploads\/usu2575\/2023\/01\/IMG-20230125-WA0003.jpg 768w, https:\/\/agora.xtec.cat\/ifp-alguero\/wp-content\/uploads\/usu2575\/2023\/01\/IMG-20230125-WA0003-225x300.jpg 225w\" sizes=\"auto, (max-width: 768px) 100vw, 768px\" \/><\/a>\n\t\t\t<\/dt><\/dl><br style=\"clear: both\" \/><dl class='gallery-item'>\n\t\t\t<dt class='gallery-icon portrait'>\n\t\t\t\t<a href='https:\/\/agora.xtec.cat\/ifp-alguero\/general\/visita-al-museu-del-moli-paperer-de-capellades\/attachment\/img-20230125-wa0021\/'><img loading=\"lazy\" decoding=\"async\" width=\"768\" height=\"1024\" src=\"https:\/\/agora.xtec.cat\/ifp-alguero\/wp-content\/uploads\/usu2575\/2023\/01\/IMG-20230125-WA0021.jpg\" class=\"attachment-full size-full\" alt=\"\" srcset=\"https:\/\/agora.xtec.cat\/ifp-alguero\/wp-content\/uploads\/usu2575\/2023\/01\/IMG-20230125-WA0021.jpg 768w, https:\/\/agora.xtec.cat\/ifp-alguero\/wp-content\/uploads\/usu2575\/2023\/01\/IMG-20230125-WA0021-225x300.jpg 225w\" sizes=\"auto, (max-width: 768px) 100vw, 768px\" \/><\/a>\n\t\t\t<\/dt><\/dl><dl class='gallery-item'>\n\t\t\t<dt class='gallery-icon portrait'>\n\t\t\t\t<a href='https:\/\/agora.xtec.cat\/ifp-alguero\/general\/visita-al-museu-del-moli-paperer-de-capellades\/attachment\/img20230125141157\/'><img loading=\"lazy\" decoding=\"async\" width=\"1178\" height=\"2560\" src=\"https:\/\/agora.xtec.cat\/ifp-alguero\/wp-content\/uploads\/usu2575\/2023\/01\/IMG20230125141157-scaled.jpg\" class=\"attachment-full size-full\" alt=\"\" srcset=\"https:\/\/agora.xtec.cat\/ifp-alguero\/wp-content\/uploads\/usu2575\/2023\/01\/IMG20230125141157-scaled.jpg 1178w, https:\/\/agora.xtec.cat\/ifp-alguero\/wp-content\/uploads\/usu2575\/2023\/01\/IMG20230125141157-138x300.jpg 138w, https:\/\/agora.xtec.cat\/ifp-alguero\/wp-content\/uploads\/usu2575\/2023\/01\/IMG20230125141157-471x1024.jpg 471w, https:\/\/agora.xtec.cat\/ifp-alguero\/wp-content\/uploads\/usu2575\/2023\/01\/IMG20230125141157-768x1670.jpg 768w, https:\/\/agora.xtec.cat\/ifp-alguero\/wp-content\/uploads\/usu2575\/2023\/01\/IMG20230125141157-707x1536.jpg 707w, https:\/\/agora.xtec.cat\/ifp-alguero\/wp-content\/uploads\/usu2575\/2023\/01\/IMG20230125141157-942x2048.jpg 942w\" sizes=\"auto, (max-width: 1178px) 100vw, 1178px\" \/><\/a>\n\t\t\t<\/dt><\/dl><br style=\"clear: both\" \/>\n\t\t<\/div>\n\n","protected":false},"excerpt":{"rendered":"<p>L&#8217;alumnat dels cicles formatius de preimpressi\u00f3 digital, impressi\u00f3 gr\u00e0fica i postimpressi\u00f3 i acabats ha visitat el Museu del Mol\u00ed Paperer de Capellades. D&#8217;aquesta manera han tingut l&#8217;oportunitat de veure de ben a prop com es fabricava el paper artesanalment i han complementat, aix\u00ed, els seus&hellip;  <a href=\"https:\/\/agora.xtec.cat\/ifp-alguero\/general\/visita-al-museu-del-moli-paperer-de-capellades\/\" title=\"Read Visita al Museu del Mol\u00ed Paperer de Capellades\">Llegeix m\u00e9s\u00bb<\/a><\/p>\n","protected":false},"author":1,"featured_media":2033,"comment_status":"closed","ping_status":"closed","sticky":false,"template":"","format":"standard","meta":{"_bbp_topic_count":0,"_bbp_reply_count":0,"_bbp_total_topic_count":0,"_bbp_total_reply_count":0,"_bbp_voice_count":0,"_bbp_anonymous_reply_count":0,"_bbp_topic_count_hidden":0,"_bbp_reply_count_hidden":0,"_bbp_forum_subforum_count":0,"footnotes":""},"categories":[1,29],"tags":[],"class_list":["post-2030","post","type-post","status-publish","format-standard","has-post-thumbnail","hentry","category-general","category-portada"],"post_mailing_queue_ids":[],"_links":{"self":[{"href":"https:\/\/agora.xtec.cat\/ifp-alguero\/wp-json\/wp\/v2\/posts\/2030","targetHints":{"allow":["GET"]}}],"collection":[{"href":"https:\/\/agora.xtec.cat\/ifp-alguero\/wp-json\/wp\/v2\/posts"}],"about":[{"href":"https:\/\/agora.xtec.cat\/ifp-alguero\/wp-json\/wp\/v2\/types\/post"}],"author":[{"embeddable":true,"href":"https:\/\/agora.xtec.cat\/ifp-alguero\/wp-json\/wp\/v2\/users\/1"}],"replies":[{"embeddable":true,"href":"https:\/\/agora.xtec.cat\/ifp-alguero\/wp-json\/wp\/v2\/comments?post=2030"}],"version-history":[{"count":3,"href":"https:\/\/agora.xtec.cat\/ifp-alguero\/wp-json\/wp\/v2\/posts\/2030\/revisions"}],"predecessor-version":[{"id":2038,"href":"https:\/\/agora.xtec.cat\/ifp-alguero\/wp-json\/wp\/v2\/posts\/2030\/revisions\/2038"}],"wp:featuredmedia":[{"embeddable":true,"href":"https:\/\/agora.xtec.cat\/ifp-alguero\/wp-json\/wp\/v2\/media\/2033"}],"wp:attachment":[{"href":"https:\/\/agora.xtec.cat\/ifp-alguero\/wp-json\/wp\/v2\/media?parent=2030"}],"wp:term":[{"taxonomy":"category","embeddable":true,"href":"https:\/\/agora.xtec.cat\/ifp-alguero\/wp-json\/wp\/v2\/categories?post=2030"},{"taxonomy":"post_tag","embeddable":true,"href":"https:\/\/agora.xtec.cat\/ifp-alguero\/wp-json\/wp\/v2\/tags?post=2030"}],"curies":[{"name":"wp","href":"https:\/\/api.w.org\/{rel}","templated":true}]}}