{"id":1973,"date":"2022-11-23T17:19:53","date_gmt":"2022-11-23T16:19:53","guid":{"rendered":"https:\/\/agora.xtec.cat\/ifp-alguero\/?p=1973"},"modified":"2022-11-23T17:19:53","modified_gmt":"2022-11-23T16:19:53","slug":"taller-sexualitat-tu-decideixes","status":"publish","type":"post","link":"https:\/\/agora.xtec.cat\/ifp-alguero\/noticies_alumnat\/taller-sexualitat-tu-decideixes\/","title":{"rendered":"Taller Sexualitat: tu decideixes!"},"content":{"rendered":"<p>Aquest any el centre proposa a l&#8217;alumnat de primer curs la participaci\u00f3 al taller\u00a0<a href=\"https:\/\/candela.cat\/wp-content\/uploads\/2019\/04\/3__Sexualitat_CAT.pdf\" target=\"_blank\" rel=\"noopener noreferrer\" data-saferedirecturl=\"https:\/\/www.google.com\/url?q=https:\/\/candela.cat\/wp-content\/uploads\/2019\/04\/3__Sexualitat_CAT.pdf&amp;source=gmail&amp;ust=1669306002068000&amp;usg=AOvVaw2rcW2PQK-a9KnO1sze1cNQ\">Sexualitat: tu decideixes!<\/a>, impartit per la Cooperativa\u00a0Candela. Aquests tallers estan integrats en el\u00a0marc del Programa de benestar emocional del Consell Comarcal del Baix Llobregat i pretenen acompanyar a l&#8217;alumnat en els dubtes que sorgeixen\u00a0durant aquesta nova etapa, l&#8217;adolesc\u00e8ncia. La xerrada enfoca el tema de la sexualitat des d&#8217;una mirada pedag\u00f2gica i preventiva on la base son el respecte cap a la diversitat sexual i de g\u00e8nere.<\/p>\n<p><a href=\"https:\/\/candela.cat\/wp-content\/uploads\/2019\/04\/3__Sexualitat_CAT.pdf\">M\u00e9s informaci\u00f3<\/a><\/p>\n","protected":false},"excerpt":{"rendered":"<p>Aquest any el centre proposa a l&#8217;alumnat de primer curs la participaci\u00f3 al taller\u00a0<a href=\"https:\/\/candela.cat\/wp-content\/uploads\/2019\/04\/3__Sexualitat_CAT.pdf\" target=\"_blank\" rel=\"noopener noreferrer\" data-saferedirecturl=\"https:\/\/www.google.com\/url?q=https:\/\/candela.cat\/wp-content\/uploads\/2019\/04\/3__Sexualitat_CAT.pdf&amp;source=gmail&amp;ust=1669306002068000&amp;usg=AOvVaw2rcW2PQK-a9KnO1sze1cNQ\">Sexualitat: tu decideixes!<\/a>, impartit per la Cooperativa\u00a0Candela. Aquests tallers estan integrats en el\u00a0marc del Programa de benestar emocional del Consell Comarcal del Baix Llobregat i pretenen acompanyar&hellip;  <a href=\"https:\/\/agora.xtec.cat\/ifp-alguero\/noticies_alumnat\/taller-sexualitat-tu-decideixes\/\" title=\"Read Taller Sexualitat: tu decideixes!\">Llegeix m\u00e9s\u00bb<\/a><\/p>\n","protected":false},"author":1,"featured_media":0,"comment_status":"closed","ping_status":"closed","sticky":false,"template":"","format":"standard","meta":{"_bbp_topic_count":0,"_bbp_reply_count":0,"_bbp_total_topic_count":0,"_bbp_total_reply_count":0,"_bbp_voice_count":0,"_bbp_anonymous_reply_count":0,"_bbp_topic_count_hidden":0,"_bbp_reply_count_hidden":0,"_bbp_forum_subforum_count":0,"footnotes":""},"categories":[111],"tags":[],"class_list":["post-1973","post","type-post","status-publish","format-standard","hentry","category-noticies_alumnat"],"post_mailing_queue_ids":[],"_links":{"self":[{"href":"https:\/\/agora.xtec.cat\/ifp-alguero\/wp-json\/wp\/v2\/posts\/1973","targetHints":{"allow":["GET"]}}],"collection":[{"href":"https:\/\/agora.xtec.cat\/ifp-alguero\/wp-json\/wp\/v2\/posts"}],"about":[{"href":"https:\/\/agora.xtec.cat\/ifp-alguero\/wp-json\/wp\/v2\/types\/post"}],"author":[{"embeddable":true,"href":"https:\/\/agora.xtec.cat\/ifp-alguero\/wp-json\/wp\/v2\/users\/1"}],"replies":[{"embeddable":true,"href":"https:\/\/agora.xtec.cat\/ifp-alguero\/wp-json\/wp\/v2\/comments?post=1973"}],"version-history":[{"count":1,"href":"https:\/\/agora.xtec.cat\/ifp-alguero\/wp-json\/wp\/v2\/posts\/1973\/revisions"}],"predecessor-version":[{"id":1974,"href":"https:\/\/agora.xtec.cat\/ifp-alguero\/wp-json\/wp\/v2\/posts\/1973\/revisions\/1974"}],"wp:attachment":[{"href":"https:\/\/agora.xtec.cat\/ifp-alguero\/wp-json\/wp\/v2\/media?parent=1973"}],"wp:term":[{"taxonomy":"category","embeddable":true,"href":"https:\/\/agora.xtec.cat\/ifp-alguero\/wp-json\/wp\/v2\/categories?post=1973"},{"taxonomy":"post_tag","embeddable":true,"href":"https:\/\/agora.xtec.cat\/ifp-alguero\/wp-json\/wp\/v2\/tags?post=1973"}],"curies":[{"name":"wp","href":"https:\/\/api.w.org\/{rel}","templated":true}]}}