{"id":1796,"date":"2022-09-24T19:15:39","date_gmt":"2022-09-24T17:15:39","guid":{"rendered":"https:\/\/agora.xtec.cat\/ifp-alguero\/?p=1796"},"modified":"2022-09-24T19:16:26","modified_gmt":"2022-09-24T17:16:26","slug":"reunio-dinici-de-curs-amb-les-families-de-lalumnat-de-primer-curs-de-cicles-formatius","status":"publish","type":"post","link":"https:\/\/agora.xtec.cat\/ifp-alguero\/general\/reunio-dinici-de-curs-amb-les-families-de-lalumnat-de-primer-curs-de-cicles-formatius\/","title":{"rendered":"Reuni\u00f3 d&#8217;inici de curs amb les fam\u00edlies de l&#8217;alumnat de primer curs de cicles formatius."},"content":{"rendered":"<p style=\"text-align: left;\"><span data-removefontsize=\"true\" data-originalcomputedfontsize=\"16\">El proper dimecres 28<b data-removefontsize=\"true\" data-originalcomputedfontsize=\"16\"> de setembre<\/b>, tindr\u00e0 lloc una reuni\u00f3 informativa, d\u2019inici de curs, adre\u00e7ada als pares, mares i tutors legals de l\u2019alumnat matriculat al nostre centre.<\/span><\/p>\n<p><span data-removefontsize=\"true\" data-originalcomputedfontsize=\"16\">Aquesta reuni\u00f3 ser\u00e0 <b data-removefontsize=\"true\" data-originalcomputedfontsize=\"16\">presencial<\/b> i es realitzar\u00e0 a l&#8217;Auditori del Centre.<\/span><\/p>\n<ul>\n<li><span data-removefontsize=\"true\" data-originalcomputedfontsize=\"16\">Per a les fam\u00edlies de l&#8217;alumnat matriculat a <b data-removefontsize=\"true\" data-originalcomputedfontsize=\"16\">PRIMER CURS de Cicles Formatius de GRAU MITJ\u00c0<\/b>\u00a0 la reuni\u00f3 ser\u00e0 a les <b data-removefontsize=\"true\" data-originalcomputedfontsize=\"16\">19.00 hores.<\/b><\/span><\/li>\n<li><span data-removefontsize=\"true\" data-originalcomputedfontsize=\"16\">Per a fam\u00edlies de l&#8217;alumnat matriculat a <b data-removefontsize=\"true\" data-originalcomputedfontsize=\"16\">PRIMER CURS\u00a0 de Cicles Formatius de GRAU SUPERIOR<\/b> la reuni\u00f3 ser\u00e0 a les <b data-removefontsize=\"true\" data-originalcomputedfontsize=\"16\">20.00 hores<\/b>.<\/span><\/li>\n<\/ul>\n<p>&nbsp;<\/p>\n<p style=\"text-align: left;\"><span data-removefontsize=\"true\" data-originalcomputedfontsize=\"16\">Els principals punts que es tractaran en aquesta sessi\u00f3 s\u00f3n:<\/span><\/p>\n<ol>\n<li style=\"list-style-type: none;\">\n<ol>\n<li><span data-removefontsize=\"true\" data-originalcomputedfontsize=\"16\">Benvinguda<\/span><\/li>\n<li><span data-removefontsize=\"true\" data-originalcomputedfontsize=\"16\">Presentaci\u00f3 del professorat tutor i vies de comunicaci\u00f3.<\/span><\/li>\n<li><span data-removefontsize=\"true\" data-originalcomputedfontsize=\"16\">Normes generals de conviv\u00e8ncia (drets i deures).<\/span><\/li>\n<li>Explicaci\u00f3 de les l\u00ednies generals del cicle formatiu.<\/li>\n<\/ol>\n<\/li>\n<\/ol>\n<p style=\"padding-left: 40px;\"><span data-removefontsize=\"true\" data-originalcomputedfontsize=\"16\">Us hi esperem!<\/span><\/p>\n","protected":false},"excerpt":{"rendered":"<p>El proper dimecres 28 de setembre, tindr\u00e0 lloc una reuni\u00f3 informativa, d\u2019inici de curs, adre\u00e7ada als pares, mares i tutors legals de l\u2019alumnat matriculat al nostre centre.<br \/>\nAquesta reuni\u00f3 ser\u00e0 presencial i es realitzar\u00e0 a l&#8217;Auditori del Centre.<\/p>\n<ul>\n<li>Per a les fam\u00edlies de l&#8217;alumnat matriculat a PRIMER&hellip;  <a href=\"https:\/\/agora.xtec.cat\/ifp-alguero\/general\/reunio-dinici-de-curs-amb-les-families-de-lalumnat-de-primer-curs-de-cicles-formatius\/\" title=\"Read Reuni\u00f3 d&#8217;inici de curs amb les fam\u00edlies de l&#8217;alumnat de primer curs de cicles formatius.\">Llegeix m\u00e9s\u00bb<\/a><br \/>\n","protected":false},"author":1,"featured_media":0,"comment_status":"closed","ping_status":"closed","sticky":false,"template":"","format":"standard","meta":{"_bbp_topic_count":0,"_bbp_reply_count":0,"_bbp_total_topic_count":0,"_bbp_total_reply_count":0,"_bbp_voice_count":0,"_bbp_anonymous_reply_count":0,"_bbp_topic_count_hidden":0,"_bbp_reply_count_hidden":0,"_bbp_forum_subforum_count":0,"footnotes":""},"categories":[1,29],"tags":[],"class_list":["post-1796","post","type-post","status-publish","format-standard","hentry","category-general","category-portada"],"post_mailing_queue_ids":[],"_links":{"self":[{"href":"https:\/\/agora.xtec.cat\/ifp-alguero\/wp-json\/wp\/v2\/posts\/1796","targetHints":{"allow":["GET"]}}],"collection":[{"href":"https:\/\/agora.xtec.cat\/ifp-alguero\/wp-json\/wp\/v2\/posts"}],"about":[{"href":"https:\/\/agora.xtec.cat\/ifp-alguero\/wp-json\/wp\/v2\/types\/post"}],"author":[{"embeddable":true,"href":"https:\/\/agora.xtec.cat\/ifp-alguero\/wp-json\/wp\/v2\/users\/1"}],"replies":[{"embeddable":true,"href":"https:\/\/agora.xtec.cat\/ifp-alguero\/wp-json\/wp\/v2\/comments?post=1796"}],"version-history":[{"count":2,"href":"https:\/\/agora.xtec.cat\/ifp-alguero\/wp-json\/wp\/v2\/posts\/1796\/revisions"}],"predecessor-version":[{"id":1798,"href":"https:\/\/agora.xtec.cat\/ifp-alguero\/wp-json\/wp\/v2\/posts\/1796\/revisions\/1798"}],"wp:attachment":[{"href":"https:\/\/agora.xtec.cat\/ifp-alguero\/wp-json\/wp\/v2\/media?parent=1796"}],"wp:term":[{"taxonomy":"category","embeddable":true,"href":"https:\/\/agora.xtec.cat\/ifp-alguero\/wp-json\/wp\/v2\/categories?post=1796"},{"taxonomy":"post_tag","embeddable":true,"href":"https:\/\/agora.xtec.cat\/ifp-alguero\/wp-json\/wp\/v2\/tags?post=1796"}],"curies":[{"name":"wp","href":"https:\/\/api.w.org\/{rel}","templated":true}]}}