{"id":828,"date":"2024-09-11T00:44:34","date_gmt":"2024-09-10T22:44:34","guid":{"rendered":"https:\/\/agora.xtec.cat\/ifeb\/?p=828"},"modified":"2024-09-11T00:51:46","modified_gmt":"2024-09-10T22:51:46","slug":"iniciem-els-cursos-del-programa-de-la-xarxa-de-centres-de-capacitacio-digital-a-lifeb","status":"publish","type":"post","link":"https:\/\/agora.xtec.cat\/ifeb\/general\/iniciem-els-cursos-del-programa-de-la-xarxa-de-centres-de-capacitacio-digital-a-lifeb\/","title":{"rendered":"Iniciem els cursos del\u00a0programa de la Xarxa de Centres de capacitaci\u00f3 digital\u00a0a l&#8217;IFEB"},"content":{"rendered":"<div class=\"content-section\">\n<style>\n    \/* Tipograf\u00eda moderna y espaciado *\/<br \/>    body {<br \/>      font-family: 'Montserrat', sans-serif;<br \/>      line-height: 1.6;<br \/>      color: #333;<br \/>      background-color: #f9f9f9;<br \/>      padding: 20px;<br \/>    }<\/p>\n<p>    .content-section {<br \/>      max-width: 1000px;<br \/>      margin: 0 auto;<br \/>      padding: 20px;<br \/>      background-color: white;<br \/>      border-radius: 10px;<br \/>      box-shadow: 0 4px 12px rgba(0, 0, 0, 0.1);<br \/>    }<\/p>\n<p>    \/* Banner de cabecera *\/<br \/>    .banner-image {<br \/>      width: 100%;<br \/>      height: auto;<br \/>      display: block;<br \/>      margin: 0 auto;<br \/>      border-radius: 8px;<br \/>    }<\/p>\n<p>    \/* Texto del contenido *\/<br \/>    .text-content {<br \/>      margin-top: 20px;<br \/>    }<\/p>\n<p>    .text-content p {<br \/>      margin-bottom: 20px;<br \/>    }<\/p>\n<p>    h3 {<br \/>      margin-top: 20px;<br \/>      color: #2d3748;<br \/>    }<\/p>\n<p>    ul {<br \/>      margin-bottom: 20px;<br \/>      list-style: inside;<br \/>      padding-left: 20px;<br \/>    }<\/p>\n<p>    \/* Botones *\/<br \/>    .btn-primary, .btn-secondary {<br \/>      display: inline-block;<br \/>      background-color: #3b82f6;<br \/>      color: white;<br \/>      padding: 10px 20px;<br \/>      text-decoration: none;<br \/>      border-radius: 5px;<br \/>      margin-top: 10px;<br \/>      transition: background-color 0.3s ease;<br \/>    }<\/p>\n<p>    .btn-primary:hover, .btn-secondary:hover {<br \/>      background-color: #2563eb;<br \/>    }<\/p>\n<p>    \/* Galer\u00eda de im\u00e1genes *\/<br \/>    .image-gallery {<br \/>      display: flex;<br \/>      justify-content: space-around;<br \/>      margin-top: 20px;<br \/>    }<\/p>\n<p>    .gallery-image {<br \/>      width: 45%;<br \/>      border-radius: 8px;<br \/>      transition: transform 0.3s ease;<br \/>    }<\/p>\n<p>    .gallery-image:hover {<br \/>      transform: scale(1.05);<br \/>    }<\/p>\n<p>    \/* Dise\u00f1o responsivo *\/<br \/>    @media (max-width: 768px) {<br \/>      .image-gallery {<br \/>        flex-direction: column;<br \/>      }<\/p>\n<p>      .gallery-image {<br \/>        width: 100%;<br \/>        margin-bottom: 10px;<br \/>      }<\/p>\n<p>      .btn-primary, .btn-secondary {<br \/>        display: block;<br \/>        width: 100%;<br \/>        text-align: center;<br \/>      }<br \/>    }<br \/>  <\/style>\n<div class=\"banner\"><a href=\"https:\/\/agora.xtec.cat\/ifeb\/wp-content\/uploads\/usu3035\/2024\/09\/Captura-de-pantalla-2024-09-11-004309.png\"><br \/>\n<img decoding=\"async\" class=\"banner-image\" src=\"https:\/\/agora.xtec.cat\/ifeb\/wp-content\/uploads\/usu3035\/2024\/09\/Captura-de-pantalla-2024-09-11-004309-1024x232.png\" alt=\"Banner curso digital\" \/><br \/>\n<\/a><\/div>\n<div class=\"text-content\">\n<p>&nbsp;<\/p>\n<h4>Hem arribat a setembre i amb les piles ben carregades, <strong>iniciem els cursos del programa de la Xarxa de Centres de capacitaci\u00f3 digital<\/strong> al nostre centre. Si vols <strong>capacitar-te digitalment<\/strong> i no est\u00e0s realitzant cap formaci\u00f3 reglada, <strong>et pots inscriure gratu\u00eftament<\/strong> als nostres cursos.<\/h4>\n<h3>Oferta formativa:<\/h3>\n<ul>\n<li>Curs 1: M\u00e9s Digitals, nivell A: Descobrim el m\u00f3n digital (15 hores)<\/li>\n<li>Curs 2: M\u00e9s Digitals, nivell B: Ens movem pel m\u00f3n digital (15 hores)<\/li>\n<li>Curs 3: M\u00e9s Digitals, nivell C: Ens endinsem en el m\u00f3n digital (15 hores)<\/li>\n<li>Curs 4: Digitalitzaci\u00f3 aplicada a l&#8217;entorn professional<\/li>\n<li>Curs 5: Digitalitzaci\u00f3 en la ind\u00fastria, els serveis i la comunicaci\u00f3 (15 hores)<\/li>\n<\/ul>\n<p><a class=\"btn-primary\" href=\"https:\/\/forms.gle\/rThk3N4tQsAXPRQM6\" target=\"_blank\" rel=\"noopener\">Inscripcions als cursos<\/a><\/p>\n<p>Aqu\u00ed trobareu l&#8217;enlla\u00e7 a la p\u00e0gina web on comptareu amb tota la informaci\u00f3 de dates, horaris i cursos nous de tots els centres de Barcelona:<\/p>\n<p><a class=\"btn-secondary\" href=\"https:\/\/sites.google.com\/xtec.cat\/aules-de-capacitacio-digital24\/p%C3%A0gina-principal?authuser=1\" target=\"_blank\" rel=\"noopener\">Informaci\u00f3 dels cursos<\/a><\/p>\n<\/div>\n<div class=\"image-gallery\"><a href=\"https:\/\/agora.xtec.cat\/ifeb\/wp-content\/uploads\/usu3035\/2024\/09\/Captura-de-pantalla-2024-09-11-003848.png\"><br \/>\n<img decoding=\"async\" class=\"gallery-image aligncenter\" src=\"https:\/\/agora.xtec.cat\/ifeb\/wp-content\/uploads\/usu3035\/2024\/09\/Captura-de-pantalla-2024-09-11-003848.png\" alt=\"Imagen 1\" \/><br \/>\n<\/a><br \/>\n<a href=\"https:\/\/agora.xtec.cat\/ifeb\/wp-content\/uploads\/usu3035\/2024\/09\/Captura-de-pantalla-2024-09-11-004107.png\"><br \/>\n<img decoding=\"async\" class=\"gallery-image aligncenter\" src=\"https:\/\/agora.xtec.cat\/ifeb\/wp-content\/uploads\/usu3035\/2024\/09\/Captura-de-pantalla-2024-09-11-004107.png\" alt=\"Imagen 2\" \/><br \/>\n<\/a><\/div>\n<\/div>\n","protected":false},"excerpt":{"rendered":"<p>&nbsp; Hem arribat a setembre i amb les piles ben carregades, iniciem els cursos del programa de la Xarxa de Centres de capacitaci\u00f3 digital al nostre centre. Si vols capacitar-te digitalment i no est\u00e0s realitzant cap formaci\u00f3 reglada, et pots inscriure gratu\u00eftament als nostres cursos. Oferta formativa: Curs 1: M\u00e9s Digitals, nivell A: Descobrim el [&hellip;]<\/p>\n","protected":false},"author":3,"featured_media":0,"comment_status":"open","ping_status":"closed","sticky":false,"template":"","format":"standard","meta":{"site-sidebar-layout":"default","site-content-layout":"","ast-site-content-layout":"","site-content-style":"default","site-sidebar-style":"default","ast-global-header-display":"","ast-banner-title-visibility":"","ast-main-header-display":"","ast-hfb-above-header-display":"","ast-hfb-below-header-display":"","ast-hfb-mobile-header-display":"","site-post-title":"","ast-breadcrumbs-content":"","ast-featured-img":"","footer-sml-layout":"","theme-transparent-header-meta":"","adv-header-id-meta":"","stick-header-meta":"","header-above-stick-meta":"","header-main-stick-meta":"","header-below-stick-meta":"","astra-migrate-meta-layouts":"default","ast-page-background-enabled":"default","ast-page-background-meta":{"desktop":{"background-color":"var(--ast-global-color-4)","background-image":"","background-repeat":"repeat","background-position":"center center","background-size":"auto","background-attachment":"scroll","background-type":"","background-media":"","overlay-type":"","overlay-color":"","overlay-opacity":"","overlay-gradient":""},"tablet":{"background-color":"","background-image":"","background-repeat":"repeat","background-position":"center center","background-size":"auto","background-attachment":"scroll","background-type":"","background-media":"","overlay-type":"","overlay-color":"","overlay-opacity":"","overlay-gradient":""},"mobile":{"background-color":"","background-image":"","background-repeat":"repeat","background-position":"center center","background-size":"auto","background-attachment":"scroll","background-type":"","background-media":"","overlay-type":"","overlay-color":"","overlay-opacity":"","overlay-gradient":""}},"ast-content-background-meta":{"desktop":{"background-color":"var(--ast-global-color-5)","background-image":"","background-repeat":"repeat","background-position":"center center","background-size":"auto","background-attachment":"scroll","background-type":"","background-media":"","overlay-type":"","overlay-color":"","overlay-opacity":"","overlay-gradient":""},"tablet":{"background-color":"var(--ast-global-color-5)","background-image":"","background-repeat":"repeat","background-position":"center center","background-size":"auto","background-attachment":"scroll","background-type":"","background-media":"","overlay-type":"","overlay-color":"","overlay-opacity":"","overlay-gradient":""},"mobile":{"background-color":"var(--ast-global-color-5)","background-image":"","background-repeat":"repeat","background-position":"center center","background-size":"auto","background-attachment":"scroll","background-type":"","background-media":"","overlay-type":"","overlay-color":"","overlay-opacity":"","overlay-gradient":""}},"footnotes":""},"categories":[1],"tags":[],"class_list":["post-828","post","type-post","status-publish","format-standard","hentry","category-general"],"post_mailing_queue_ids":[],"_links":{"self":[{"href":"https:\/\/agora.xtec.cat\/ifeb\/wp-json\/wp\/v2\/posts\/828","targetHints":{"allow":["GET"]}}],"collection":[{"href":"https:\/\/agora.xtec.cat\/ifeb\/wp-json\/wp\/v2\/posts"}],"about":[{"href":"https:\/\/agora.xtec.cat\/ifeb\/wp-json\/wp\/v2\/types\/post"}],"author":[{"embeddable":true,"href":"https:\/\/agora.xtec.cat\/ifeb\/wp-json\/wp\/v2\/users\/3"}],"replies":[{"embeddable":true,"href":"https:\/\/agora.xtec.cat\/ifeb\/wp-json\/wp\/v2\/comments?post=828"}],"version-history":[{"count":3,"href":"https:\/\/agora.xtec.cat\/ifeb\/wp-json\/wp\/v2\/posts\/828\/revisions"}],"predecessor-version":[{"id":835,"href":"https:\/\/agora.xtec.cat\/ifeb\/wp-json\/wp\/v2\/posts\/828\/revisions\/835"}],"wp:attachment":[{"href":"https:\/\/agora.xtec.cat\/ifeb\/wp-json\/wp\/v2\/media?parent=828"}],"wp:term":[{"taxonomy":"category","embeddable":true,"href":"https:\/\/agora.xtec.cat\/ifeb\/wp-json\/wp\/v2\/categories?post=828"},{"taxonomy":"post_tag","embeddable":true,"href":"https:\/\/agora.xtec.cat\/ifeb\/wp-json\/wp\/v2\/tags?post=828"}],"curies":[{"name":"wp","href":"https:\/\/api.w.org\/{rel}","templated":true}]}}