{"id":645,"date":"2024-06-17T14:26:09","date_gmt":"2024-06-17T12:26:09","guid":{"rendered":"https:\/\/agora.xtec.cat\/ifeb\/?p=645"},"modified":"2024-06-17T14:30:19","modified_gmt":"2024-06-17T12:30:19","slug":"cfgb-serveis-comercials","status":"publish","type":"post","link":"https:\/\/agora.xtec.cat\/ifeb\/general\/cfgb-serveis-comercials\/","title":{"rendered":"CFGB Serveis Comercials"},"content":{"rendered":"<h1>CFGB Serveis Comercials &#8211; Curs 2024-25<br \/>\n<a href=\"https:\/\/agora.xtec.cat\/ifeb\/wp-content\/uploads\/usu3035\/2014\/09\/cicles.png\"><img loading=\"lazy\" decoding=\"async\" class=\"alignnone size-full wp-image-141\" src=\"https:\/\/agora.xtec.cat\/ifeb\/wp-content\/uploads\/usu3035\/2014\/09\/cicles.png\" alt=\"\" width=\"796\" height=\"302\" srcset=\"https:\/\/agora.xtec.cat\/ifeb\/wp-content\/uploads\/usu3035\/2014\/09\/cicles.png 796w, https:\/\/agora.xtec.cat\/ifeb\/wp-content\/uploads\/usu3035\/2014\/09\/cicles-300x113.png 300w\" sizes=\"auto, (max-width: 796px) 100vw, 796px\" \/><\/a><\/h1>\n<h2>Descripci\u00f3<\/h2>\n<p>Aquests estudis capaciten per fer operacions auxiliars de comercialitzaci\u00f3, marxandatge i emmagatzematge de productes i mercaderies, aix\u00ed com operacions de tractament de dades relacionades, seguint protocols establerts, criteris comercials i d\u2019imatge, treballant amb la qualitat indicada i observant les normes de prevenci\u00f3 de riscos laborals i protecci\u00f3 mediambiental corresponents, i tamb\u00e9 per comunicar-se de manera oral i escrita en llengua catalana i castellana i a nivell b\u00e0sic en llengua anglesa.<\/p>\n<p>La durada \u00e9s de 2.000 hores distribu\u00efdes en dos cursos acad\u00e8mics.<\/p>\n<h2>Continguts<\/h2>\n<ul>\n<li>Ci\u00e8ncies Aplicades I<\/li>\n<li>Ci\u00e8ncies Aplicades II<\/li>\n<li>Comunicaci\u00f3 i Ci\u00e8ncies Socials I<\/li>\n<li>Comunicaci\u00f3 i Ci\u00e8ncies Socials II<\/li>\n<li>Itinerari personal per a l\u2019ocupabilitat<\/li>\n<li>T\u00e8cniques B\u00e0siques de M\u00e0rqueting<\/li>\n<li>Operacions Auxiliars d\u2019Emmagatzematge<\/li>\n<li>Atenci\u00f3 al Client<\/li>\n<li>Preparaci\u00f3 de Comandes i Venda de Productes<\/li>\n<li>Tractament Inform\u00e0tic de Dades<\/li>\n<li>Aplicacions B\u00e0siques d\u2019Ofim\u00e0tica<\/li>\n<li>Projecte intermodular d\u2019aprenentatge col\u00b7laboratiu<\/li>\n<li>Estada a l&#8217;empresa<\/li>\n<\/ul>\n<h2>Acc\u00e9s<\/h2>\n<p>Per al curs 2024-2025, pots accedir als cicles de grau b\u00e0sic si compleixes aquests requisits:<\/p>\n<ul>\n<li>Tenir 15 anys o b\u00e9 complir-los durant l&#8217;any en curs.<\/li>\n<li>Haver cursat el tercer curs de l\u2019ESO. Excepcionalment, se\u2019t pot admetre si has fet el segon curs, sempre que comptis amb el vistiplau de l&#8217;equip docent i del responsable de l&#8217;orientaci\u00f3 al centre.<\/li>\n<li>Tenir aquesta proposta d\u2019estudis en el teu consell orientador, o b\u00e9 sol\u00b7licitar-ho (tu i la teva fam\u00edlia).<\/li>\n<\/ul>\n<h2>Tr\u00e0mits<\/h2>\n<p>Per accedir a un cicle de grau b\u00e0sic cal fer la preinscripci\u00f3. Nom\u00e9s es pot presentar una sol\u00b7licitud per persona.<\/p>\n<p>La sol\u00b7licitud es presenta al centre demanat, junt amb la documentaci\u00f3 acreditativa. No s&#8217;admeten sol\u00b7licituds fora de termini. La falsedat o frau en les dades al\u00b7legades o la presentaci\u00f3 de m\u00e9s d&#8217;una sol\u00b7licitud de preinscripci\u00f3 comporten la invalidaci\u00f3 dels drets de prioritat que puguin correspondre.<\/p>\n<p>Trobar\u00e0s m\u00e9s informaci\u00f3 al web <a href=\"https:\/\/preinscripcio.gencat.cat\">preinscripcio.gencat.cat<\/a>.<\/p>\n<h2>Continu\u00eftat<\/h2>\n<h3>Sortides acad\u00e8miques i professionals<\/h3>\n<p>Les persones que superen el cicle formatiu obtenen el t\u00edtol de t\u00e8cnic b\u00e0sic o t\u00e8cnica b\u00e0sica i el t\u00edtol de graduat o graduada en ESO, que els permet accedir:<\/p>\n<ul>\n<li>a qualsevol cicle formatiu de grau mitj\u00e0 o,<\/li>\n<li>al m\u00f3n laboral, com a:\n<ul>\n<li>auxiliar de dependent o dependenta de comer\u00e7,<\/li>\n<li>auxiliar d&#8217;animaci\u00f3 del punt de venda,<\/li>\n<li>auxiliar de venda,<\/li>\n<li>auxiliar de promoci\u00f3 de vendes,<\/li>\n<li>empleat o empleada de reposici\u00f3<\/li>\n<li>operador o operadora de cobrament o caixer o caixera,<\/li>\n<li>operari o oper\u00e0ria de comandes,<\/li>\n<li>carretoner o carretonera de recepci\u00f3 i expedici\u00f3,<\/li>\n<li>comptador o comptadora de recepci\u00f3 i expedici\u00f3,<\/li>\n<li>operari o oper\u00e0ria de log\u00edstica, i<\/li>\n<li>auxiliar d&#8217;informaci\u00f3.<\/li>\n<\/ul>\n<\/li>\n<\/ul>\n<h2>Normativa<\/h2>\n<ul>\n<li>Reial decret 127\/2014, de 28 de febrer, pel qual es regulen aspectes espec\u00edfics de la formaci\u00f3 professional b\u00e0sica dels ensenyaments de formaci\u00f3 professional del sistema educatiu, s&#8217;aproven catorze t\u00edtols professionals b\u00e0sics, se&#8217;n fixen els curr\u00edculums b\u00e0sics i es modifica el Reial decret 1850\/2009, de 4 de desembre, sobre expedici\u00f3 de t\u00edtols acad\u00e8mics i professionals corresponents als ensenyaments que estableix la Llei org\u00e0nica 2\/2006, de 3 de maig, d&#8217;educaci\u00f3 (BOE n\u00fam. 55, de 5.3.2014).<\/li>\n<li>Llei org\u00e0nica 3\/2020, de 29 de desembre, per la qual es modifica la Llei org\u00e0nica 2\/2006, de 3 de maig, d\u2019educaci\u00f3 (BOE n\u00fam. 340, de 30.12.2020).<\/li>\n<\/ul>\n<h2>Assignaci\u00f3 de places preinscripci\u00f3 1r curs 24\/25<\/h2>\n<p><a href=\"https:\/\/agora.xtec.cat\/ifeb\/wp-content\/uploads\/usu3035\/2024\/06\/Captura-de-pantalla-2024-06-17-141429.png\"><img loading=\"lazy\" decoding=\"async\" class=\"alignnone size-large wp-image-646\" src=\"https:\/\/agora.xtec.cat\/ifeb\/wp-content\/uploads\/usu3035\/2024\/06\/Captura-de-pantalla-2024-06-17-141429-1024x518.png\" alt=\"\" width=\"1024\" height=\"518\" srcset=\"https:\/\/agora.xtec.cat\/ifeb\/wp-content\/uploads\/usu3035\/2024\/06\/Captura-de-pantalla-2024-06-17-141429-1024x518.png 1024w, https:\/\/agora.xtec.cat\/ifeb\/wp-content\/uploads\/usu3035\/2024\/06\/Captura-de-pantalla-2024-06-17-141429-300x152.png 300w, https:\/\/agora.xtec.cat\/ifeb\/wp-content\/uploads\/usu3035\/2024\/06\/Captura-de-pantalla-2024-06-17-141429-768x389.png 768w, https:\/\/agora.xtec.cat\/ifeb\/wp-content\/uploads\/usu3035\/2024\/06\/Captura-de-pantalla-2024-06-17-141429-1536x777.png 1536w, https:\/\/agora.xtec.cat\/ifeb\/wp-content\/uploads\/usu3035\/2024\/06\/Captura-de-pantalla-2024-06-17-141429.png 1812w\" sizes=\"auto, (max-width: 1024px) 100vw, 1024px\" \/><\/a><\/p>\n<p>&nbsp;<\/p>\n","protected":false},"excerpt":{"rendered":"<p>CFGB Serveis Comercials &#8211; Curs 2024-25 Descripci\u00f3 Aquests estudis capaciten per fer operacions auxiliars de comercialitzaci\u00f3, marxandatge i emmagatzematge de productes i mercaderies, aix\u00ed com operacions de tractament de dades relacionades, seguint protocols establerts, criteris comercials i d\u2019imatge, treballant amb la qualitat indicada i observant les normes de prevenci\u00f3 de riscos laborals i protecci\u00f3 mediambiental [&hellip;]<\/p>\n","protected":false},"author":3,"featured_media":0,"comment_status":"open","ping_status":"closed","sticky":false,"template":"","format":"standard","meta":{"site-sidebar-layout":"default","site-content-layout":"","ast-site-content-layout":"","site-content-style":"default","site-sidebar-style":"default","ast-global-header-display":"","ast-banner-title-visibility":"","ast-main-header-display":"","ast-hfb-above-header-display":"","ast-hfb-below-header-display":"","ast-hfb-mobile-header-display":"","site-post-title":"","ast-breadcrumbs-content":"","ast-featured-img":"","footer-sml-layout":"","theme-transparent-header-meta":"","adv-header-id-meta":"","stick-header-meta":"","header-above-stick-meta":"","header-main-stick-meta":"","header-below-stick-meta":"","astra-migrate-meta-layouts":"default","ast-page-background-enabled":"default","ast-page-background-meta":{"desktop":{"background-color":"var(--ast-global-color-4)","background-image":"","background-repeat":"repeat","background-position":"center center","background-size":"auto","background-attachment":"scroll","background-type":"","background-media":"","overlay-type":"","overlay-color":"","overlay-opacity":"","overlay-gradient":""},"tablet":{"background-color":"","background-image":"","background-repeat":"repeat","background-position":"center center","background-size":"auto","background-attachment":"scroll","background-type":"","background-media":"","overlay-type":"","overlay-color":"","overlay-opacity":"","overlay-gradient":""},"mobile":{"background-color":"","background-image":"","background-repeat":"repeat","background-position":"center center","background-size":"auto","background-attachment":"scroll","background-type":"","background-media":"","overlay-type":"","overlay-color":"","overlay-opacity":"","overlay-gradient":""}},"ast-content-background-meta":{"desktop":{"background-color":"var(--ast-global-color-5)","background-image":"","background-repeat":"repeat","background-position":"center center","background-size":"auto","background-attachment":"scroll","background-type":"","background-media":"","overlay-type":"","overlay-color":"","overlay-opacity":"","overlay-gradient":""},"tablet":{"background-color":"var(--ast-global-color-5)","background-image":"","background-repeat":"repeat","background-position":"center center","background-size":"auto","background-attachment":"scroll","background-type":"","background-media":"","overlay-type":"","overlay-color":"","overlay-opacity":"","overlay-gradient":""},"mobile":{"background-color":"var(--ast-global-color-5)","background-image":"","background-repeat":"repeat","background-position":"center center","background-size":"auto","background-attachment":"scroll","background-type":"","background-media":"","overlay-type":"","overlay-color":"","overlay-opacity":"","overlay-gradient":""}},"footnotes":""},"categories":[1],"tags":[],"class_list":["post-645","post","type-post","status-publish","format-standard","hentry","category-general"],"post_mailing_queue_ids":[],"_links":{"self":[{"href":"https:\/\/agora.xtec.cat\/ifeb\/wp-json\/wp\/v2\/posts\/645","targetHints":{"allow":["GET"]}}],"collection":[{"href":"https:\/\/agora.xtec.cat\/ifeb\/wp-json\/wp\/v2\/posts"}],"about":[{"href":"https:\/\/agora.xtec.cat\/ifeb\/wp-json\/wp\/v2\/types\/post"}],"author":[{"embeddable":true,"href":"https:\/\/agora.xtec.cat\/ifeb\/wp-json\/wp\/v2\/users\/3"}],"replies":[{"embeddable":true,"href":"https:\/\/agora.xtec.cat\/ifeb\/wp-json\/wp\/v2\/comments?post=645"}],"version-history":[{"count":1,"href":"https:\/\/agora.xtec.cat\/ifeb\/wp-json\/wp\/v2\/posts\/645\/revisions"}],"predecessor-version":[{"id":647,"href":"https:\/\/agora.xtec.cat\/ifeb\/wp-json\/wp\/v2\/posts\/645\/revisions\/647"}],"wp:attachment":[{"href":"https:\/\/agora.xtec.cat\/ifeb\/wp-json\/wp\/v2\/media?parent=645"}],"wp:term":[{"taxonomy":"category","embeddable":true,"href":"https:\/\/agora.xtec.cat\/ifeb\/wp-json\/wp\/v2\/categories?post=645"},{"taxonomy":"post_tag","embeddable":true,"href":"https:\/\/agora.xtec.cat\/ifeb\/wp-json\/wp\/v2\/tags?post=645"}],"curies":[{"name":"wp","href":"https:\/\/api.w.org\/{rel}","templated":true}]}}