{"id":2249,"date":"2026-02-20T12:51:53","date_gmt":"2026-02-20T11:51:53","guid":{"rendered":"https:\/\/agora.xtec.cat\/ifeb\/?p=2249"},"modified":"2026-02-20T12:51:54","modified_gmt":"2026-02-20T11:51:54","slug":"jornades-tecniques-ifeb-2026","status":"publish","type":"post","link":"https:\/\/agora.xtec.cat\/ifeb\/general\/jornades-tecniques-ifeb-2026\/","title":{"rendered":"Jornades T\u00e8cniques IFEB 2026"},"content":{"rendered":"\n<p class=\"has-text-align-center\">Del <strong>23 al 27 de febrer de 2026<\/strong>, l\u2019Institut de Formaci\u00f3 Empresarial de Barcelona (IFEB) celebra una nova edici\u00f3 de les Jornades T\u00e8cniques, un espai de trobada entre l\u2019alumnat i professionals del sector.<\/p>\n\n\n\n<p class=\"has-text-align-center\">Aquestes jornades tenen com a objectiu apropar la realitat del m\u00f3n laboral a l\u2019aula mitjan\u00e7ant xerrades, tallers i pon\u00e8ncies impartides per experts, fomentant l\u2019aprenentatge pr\u00e0ctic i la connexi\u00f3 amb l\u2019entorn professional.<\/p>\n\n\n\n<p class=\"has-text-align-center has-medium-font-size\"><strong>Podeu consultar els horaris fent click en aquest<\/strong> <a href=\"https:\/\/docs.google.com\/spreadsheets\/u\/0\/d\/1AlCRL5Bu7axpmT5aXRHhZPG6WwHDIsxm\/htmlview\" data-type=\"link\" data-id=\"https:\/\/docs.google.com\/spreadsheets\/u\/0\/d\/1AlCRL5Bu7axpmT5aXRHhZPG6WwHDIsxm\/htmlview\"><strong>enlla\u00e7<\/strong><\/a><\/p>\n\n\n\n<figure class=\"wp-block-image aligncenter is-resized\"><img loading=\"lazy\" decoding=\"async\" width=\"938\" height=\"1326\" src=\"https:\/\/agora.xtec.cat\/ifeb\/wp-content\/uploads\/usu3035\/2026\/02\/Captura-de-pantalla-2026-02-20-a-las-12.30.59.png\" alt=\"\" class=\"wp-image-2254\" style=\"width:536px;height:auto\" srcset=\"https:\/\/agora.xtec.cat\/ifeb\/wp-content\/uploads\/usu3035\/2026\/02\/Captura-de-pantalla-2026-02-20-a-las-12.30.59.png 938w, https:\/\/agora.xtec.cat\/ifeb\/wp-content\/uploads\/usu3035\/2026\/02\/Captura-de-pantalla-2026-02-20-a-las-12.30.59-212x300.png 212w, https:\/\/agora.xtec.cat\/ifeb\/wp-content\/uploads\/usu3035\/2026\/02\/Captura-de-pantalla-2026-02-20-a-las-12.30.59-768x1086.png 768w\" sizes=\"auto, (max-width: 938px) 100vw, 938px\" \/><\/figure>\n\n\n\n<div style=\"height:66px\" aria-hidden=\"true\" class=\"wp-block-spacer\"><\/div>\n\n\n\n<h2 class=\"wp-block-heading has-medium-font-size\">Informaci\u00f3 de les jornades<\/h2>\n\n\n\n<figure class=\"wp-block-image alignright is-resized\" style=\"margin-right:var(--wp--preset--spacing--80);margin-left:var(--wp--preset--spacing--80)\"><img loading=\"lazy\" decoding=\"async\" width=\"320\" height=\"352\" src=\"https:\/\/agora.xtec.cat\/ifeb\/wp-content\/uploads\/usu3035\/2026\/02\/Captura-de-pantalla-2026-02-19-a-las-22.23.31.png\" alt=\"\" class=\"wp-image-2251\" style=\"width:145px;height:auto\" srcset=\"https:\/\/agora.xtec.cat\/ifeb\/wp-content\/uploads\/usu3035\/2026\/02\/Captura-de-pantalla-2026-02-19-a-las-22.23.31.png 320w, https:\/\/agora.xtec.cat\/ifeb\/wp-content\/uploads\/usu3035\/2026\/02\/Captura-de-pantalla-2026-02-19-a-las-22.23.31-273x300.png 273w\" sizes=\"auto, (max-width: 320px) 100vw, 320px\" \/><\/figure>\n\n\n\n<ul class=\"wp-block-list\">\n<li>\ud83d\udccd Lloc: IFEB<\/li>\n\n\n\n<li>\ud83d\udcc5 Dates: 23\u201327 de febrer de 2026<\/li>\n\n\n\n<li>\ud83d\udc65 Dirigit a: alumnat dels cicles formatius<\/li>\n\n\n\n<li>\ud83e\uddd1\u200d\ud83c\udfeb Activitats: xerrades, tallers i pon\u00e8ncies professionals<\/li>\n<\/ul>\n\n\n\n<p class=\"has-text-align-left\">Durant la setmana, l\u2019alumnat podr\u00e0 <strong>aprendre, innovar i viure experi\u00e8ncies pr\u00e0ctiques<\/strong> vinculades als seus estudis.<\/p>\n\n\n\n<p class=\"has-medium-font-size\"><\/p>\n\n\n\n<p><\/p>\n","protected":false},"excerpt":{"rendered":"<p>Del 23 al 27 de febrer de 2026, l\u2019Institut de Formaci\u00f3 Empresarial de Barcelona (IFEB) celebra una nova edici\u00f3 de les Jornades T\u00e8cniques, un espai de trobada entre l\u2019alumnat i professionals del sector. Aquestes jornades tenen com a objectiu apropar la realitat del m\u00f3n laboral a l\u2019aula mitjan\u00e7ant xerrades, tallers i pon\u00e8ncies impartides per experts, [&hellip;]<\/p>\n","protected":false},"author":8,"featured_media":0,"comment_status":"open","ping_status":"open","sticky":false,"template":"","format":"standard","meta":{"site-sidebar-layout":"default","site-content-layout":"","ast-site-content-layout":"default","site-content-style":"default","site-sidebar-style":"default","ast-global-header-display":"","ast-banner-title-visibility":"","ast-main-header-display":"","ast-hfb-above-header-display":"","ast-hfb-below-header-display":"","ast-hfb-mobile-header-display":"","site-post-title":"","ast-breadcrumbs-content":"","ast-featured-img":"","footer-sml-layout":"","theme-transparent-header-meta":"","adv-header-id-meta":"","stick-header-meta":"","header-above-stick-meta":"","header-main-stick-meta":"","header-below-stick-meta":"","astra-migrate-meta-layouts":"set","ast-page-background-enabled":"default","ast-page-background-meta":{"desktop":{"background-color":"var(--ast-global-color-4)","background-image":"","background-repeat":"repeat","background-position":"center center","background-size":"auto","background-attachment":"scroll","background-type":"","background-media":"","overlay-type":"","overlay-color":"","overlay-opacity":"","overlay-gradient":""},"tablet":{"background-color":"","background-image":"","background-repeat":"repeat","background-position":"center center","background-size":"auto","background-attachment":"scroll","background-type":"","background-media":"","overlay-type":"","overlay-color":"","overlay-opacity":"","overlay-gradient":""},"mobile":{"background-color":"","background-image":"","background-repeat":"repeat","background-position":"center center","background-size":"auto","background-attachment":"scroll","background-type":"","background-media":"","overlay-type":"","overlay-color":"","overlay-opacity":"","overlay-gradient":""}},"ast-content-background-meta":{"desktop":{"background-color":"var(--ast-global-color-5)","background-image":"","background-repeat":"repeat","background-position":"center center","background-size":"auto","background-attachment":"scroll","background-type":"","background-media":"","overlay-type":"","overlay-color":"","overlay-opacity":"","overlay-gradient":""},"tablet":{"background-color":"var(--ast-global-color-5)","background-image":"","background-repeat":"repeat","background-position":"center center","background-size":"auto","background-attachment":"scroll","background-type":"","background-media":"","overlay-type":"","overlay-color":"","overlay-opacity":"","overlay-gradient":""},"mobile":{"background-color":"var(--ast-global-color-5)","background-image":"","background-repeat":"repeat","background-position":"center center","background-size":"auto","background-attachment":"scroll","background-type":"","background-media":"","overlay-type":"","overlay-color":"","overlay-opacity":"","overlay-gradient":""}},"footnotes":""},"categories":[1],"tags":[],"class_list":["post-2249","post","type-post","status-publish","format-standard","hentry","category-general"],"post_mailing_queue_ids":[],"_links":{"self":[{"href":"https:\/\/agora.xtec.cat\/ifeb\/wp-json\/wp\/v2\/posts\/2249","targetHints":{"allow":["GET"]}}],"collection":[{"href":"https:\/\/agora.xtec.cat\/ifeb\/wp-json\/wp\/v2\/posts"}],"about":[{"href":"https:\/\/agora.xtec.cat\/ifeb\/wp-json\/wp\/v2\/types\/post"}],"author":[{"embeddable":true,"href":"https:\/\/agora.xtec.cat\/ifeb\/wp-json\/wp\/v2\/users\/8"}],"replies":[{"embeddable":true,"href":"https:\/\/agora.xtec.cat\/ifeb\/wp-json\/wp\/v2\/comments?post=2249"}],"version-history":[{"count":6,"href":"https:\/\/agora.xtec.cat\/ifeb\/wp-json\/wp\/v2\/posts\/2249\/revisions"}],"predecessor-version":[{"id":2268,"href":"https:\/\/agora.xtec.cat\/ifeb\/wp-json\/wp\/v2\/posts\/2249\/revisions\/2268"}],"wp:attachment":[{"href":"https:\/\/agora.xtec.cat\/ifeb\/wp-json\/wp\/v2\/media?parent=2249"}],"wp:term":[{"taxonomy":"category","embeddable":true,"href":"https:\/\/agora.xtec.cat\/ifeb\/wp-json\/wp\/v2\/categories?post=2249"},{"taxonomy":"post_tag","embeddable":true,"href":"https:\/\/agora.xtec.cat\/ifeb\/wp-json\/wp\/v2\/tags?post=2249"}],"curies":[{"name":"wp","href":"https:\/\/api.w.org\/{rel}","templated":true}]}}