{"id":1596,"date":"2025-05-05T10:26:28","date_gmt":"2025-05-05T08:26:28","guid":{"rendered":"https:\/\/agora.xtec.cat\/ifeb\/?p=1596"},"modified":"2025-05-05T10:28:25","modified_gmt":"2025-05-05T08:28:25","slug":"nova-oferta-formativa-2025-2026-a-linstitut-de-formacio-empresarial-de-barcelona","status":"publish","type":"post","link":"https:\/\/agora.xtec.cat\/ifeb\/general\/nova-oferta-formativa-2025-2026-a-linstitut-de-formacio-empresarial-de-barcelona\/","title":{"rendered":"Nova oferta formativa 2025-2026 a l\u2019Institut de Formaci\u00f3 Empresarial de Barcelona"},"content":{"rendered":"\n<p>Ja est\u00e0 publicada l\u2019oferta inicial de places per al curs 2025-2026 del Programa de Formaci\u00f3 i Inserci\u00f3 (PFI). L\u2019Institut de Formaci\u00f3 Empresarial de Barcelona ofereix el PFI <strong>Auxiliar de comer\u00e7 i atenci\u00f3 al p\u00fablic<\/strong> en horari di\u00fcrn (mat\u00ed i tarda), amb un total de <strong>17 places<\/strong>, de les quals <strong>1 est\u00e0 reservada per a alumnes amb necessitats educatives especials (NEE)<\/strong>. <\/p>\n\n\n\n<div data-wp-interactive=\"core\/file\" class=\"wp-block-file\"><object data-wp-bind--hidden=\"!state.hasPdfPreview\" hidden class=\"wp-block-file__embed\" data=\"https:\/\/agora.xtec.cat\/ifeb\/wp-content\/uploads\/usu3035\/2025\/05\/INFORME_OFERTA_OME.pdf\" type=\"application\/pdf\" style=\"width:100%;height:600px\" aria-label=\"Incrustaci\u00f3 del fitxer INFORME_OFERTA_OME.\"><\/object><a id=\"wp-block-file--media-3d016ab5-6782-4418-b538-567c17723dae\" href=\"https:\/\/agora.xtec.cat\/ifeb\/wp-content\/uploads\/usu3035\/2025\/05\/INFORME_OFERTA_OME.pdf\">INFORME_OFERTA_OME<\/a><a href=\"https:\/\/agora.xtec.cat\/ifeb\/wp-content\/uploads\/usu3035\/2025\/05\/INFORME_OFERTA_OME.pdf\" class=\"wp-block-file__button wp-element-button\" download aria-describedby=\"wp-block-file--media-3d016ab5-6782-4418-b538-567c17723dae\">Baixa<\/a><\/div>\n","protected":false},"excerpt":{"rendered":"<p>Ja est\u00e0 publicada l\u2019oferta inicial de places per al curs 2025-2026 del Programa de Formaci\u00f3 i Inserci\u00f3 (PFI). L\u2019Institut de Formaci\u00f3 Empresarial de Barcelona ofereix el PFI Auxiliar de comer\u00e7 i atenci\u00f3 al p\u00fablic en horari di\u00fcrn (mat\u00ed i tarda), amb un total de 17 places, de les quals 1 est\u00e0 reservada per a alumnes [&hellip;]<\/p>\n","protected":false},"author":5,"featured_media":0,"comment_status":"open","ping_status":"open","sticky":true,"template":"","format":"standard","meta":{"site-sidebar-layout":"default","site-content-layout":"","ast-site-content-layout":"","site-content-style":"default","site-sidebar-style":"default","ast-global-header-display":"","ast-banner-title-visibility":"","ast-main-header-display":"","ast-hfb-above-header-display":"","ast-hfb-below-header-display":"","ast-hfb-mobile-header-display":"","site-post-title":"","ast-breadcrumbs-content":"","ast-featured-img":"","footer-sml-layout":"","theme-transparent-header-meta":"","adv-header-id-meta":"","stick-header-meta":"","header-above-stick-meta":"","header-main-stick-meta":"","header-below-stick-meta":"","astra-migrate-meta-layouts":"default","ast-page-background-enabled":"default","ast-page-background-meta":{"desktop":{"background-color":"var(--ast-global-color-4)","background-image":"","background-repeat":"repeat","background-position":"center center","background-size":"auto","background-attachment":"scroll","background-type":"","background-media":"","overlay-type":"","overlay-color":"","overlay-opacity":"","overlay-gradient":""},"tablet":{"background-color":"","background-image":"","background-repeat":"repeat","background-position":"center center","background-size":"auto","background-attachment":"scroll","background-type":"","background-media":"","overlay-type":"","overlay-color":"","overlay-opacity":"","overlay-gradient":""},"mobile":{"background-color":"","background-image":"","background-repeat":"repeat","background-position":"center center","background-size":"auto","background-attachment":"scroll","background-type":"","background-media":"","overlay-type":"","overlay-color":"","overlay-opacity":"","overlay-gradient":""}},"ast-content-background-meta":{"desktop":{"background-color":"var(--ast-global-color-5)","background-image":"","background-repeat":"repeat","background-position":"center center","background-size":"auto","background-attachment":"scroll","background-type":"","background-media":"","overlay-type":"","overlay-color":"","overlay-opacity":"","overlay-gradient":""},"tablet":{"background-color":"var(--ast-global-color-5)","background-image":"","background-repeat":"repeat","background-position":"center center","background-size":"auto","background-attachment":"scroll","background-type":"","background-media":"","overlay-type":"","overlay-color":"","overlay-opacity":"","overlay-gradient":""},"mobile":{"background-color":"var(--ast-global-color-5)","background-image":"","background-repeat":"repeat","background-position":"center center","background-size":"auto","background-attachment":"scroll","background-type":"","background-media":"","overlay-type":"","overlay-color":"","overlay-opacity":"","overlay-gradient":""}},"footnotes":""},"categories":[1,29],"tags":[],"class_list":["post-1596","post","type-post","status-publish","format-standard","hentry","category-general","category-portada"],"post_mailing_queue_ids":[],"_links":{"self":[{"href":"https:\/\/agora.xtec.cat\/ifeb\/wp-json\/wp\/v2\/posts\/1596","targetHints":{"allow":["GET"]}}],"collection":[{"href":"https:\/\/agora.xtec.cat\/ifeb\/wp-json\/wp\/v2\/posts"}],"about":[{"href":"https:\/\/agora.xtec.cat\/ifeb\/wp-json\/wp\/v2\/types\/post"}],"author":[{"embeddable":true,"href":"https:\/\/agora.xtec.cat\/ifeb\/wp-json\/wp\/v2\/users\/5"}],"replies":[{"embeddable":true,"href":"https:\/\/agora.xtec.cat\/ifeb\/wp-json\/wp\/v2\/comments?post=1596"}],"version-history":[{"count":1,"href":"https:\/\/agora.xtec.cat\/ifeb\/wp-json\/wp\/v2\/posts\/1596\/revisions"}],"predecessor-version":[{"id":1598,"href":"https:\/\/agora.xtec.cat\/ifeb\/wp-json\/wp\/v2\/posts\/1596\/revisions\/1598"}],"wp:attachment":[{"href":"https:\/\/agora.xtec.cat\/ifeb\/wp-json\/wp\/v2\/media?parent=1596"}],"wp:term":[{"taxonomy":"category","embeddable":true,"href":"https:\/\/agora.xtec.cat\/ifeb\/wp-json\/wp\/v2\/categories?post=1596"},{"taxonomy":"post_tag","embeddable":true,"href":"https:\/\/agora.xtec.cat\/ifeb\/wp-json\/wp\/v2\/tags?post=1596"}],"curies":[{"name":"wp","href":"https:\/\/api.w.org\/{rel}","templated":true}]}}