{"id":797,"date":"2026-03-14T10:25:32","date_gmt":"2026-03-14T09:25:32","guid":{"rendered":"https:\/\/agora.xtec.cat\/iexirinacs\/?p=797"},"modified":"2026-03-14T18:11:08","modified_gmt":"2026-03-14T17:11:08","slug":"desplegament-de-la-secundaria","status":"publish","type":"post","link":"https:\/\/agora.xtec.cat\/iexirinacs\/general\/desplegament-de-la-secundaria\/","title":{"rendered":"Desplegament de la secund\u00e0ria a l&#8217;IE Xirinacs"},"content":{"rendered":"\n<p>Vols saber quin \u00e9s el nostre plantejament de l&#8217;etapa de secund\u00e0ria i com donarem continu\u00eftat al nostre projecte en aquesta etapa? <br>Compartim amb vosaltres una presentaci\u00f3 digital amb el plantejament metodol\u00f2gic, l&#8217;organitzaci\u00f3 curricular, el marc horari i altres informacions generals.<\/p>\n\n\n\n<div data-wp-interactive=\"core\/file\" class=\"wp-block-file\"><object data-wp-bind--hidden=\"!state.hasPdfPreview\" hidden class=\"wp-block-file__embed\" data=\"https:\/\/agora.xtec.cat\/iexirinacs\/wp-content\/uploads\/usu2472\/2026\/03\/Desplegament-secundaria-IE-Xirinacs.pdf\" type=\"application\/pdf\" style=\"width:100%;height:600px\" aria-label=\"Incrustaci\u00f3 del fitxer Desplegament secund\u00e0ria IE Xirinacs.\"><\/object><a id=\"wp-block-file--media-2fb4795e-89a1-45aa-80d9-40d8e6e1f338\" href=\"https:\/\/agora.xtec.cat\/iexirinacs\/wp-content\/uploads\/usu2472\/2026\/03\/Desplegament-secundaria-IE-Xirinacs.pdf\">Desplegament secund\u00e0ria IE Xirinacs<\/a><a href=\"https:\/\/agora.xtec.cat\/iexirinacs\/wp-content\/uploads\/usu2472\/2026\/03\/Desplegament-secundaria-IE-Xirinacs.pdf\" class=\"wp-block-file__button wp-element-button\" download aria-describedby=\"wp-block-file--media-2fb4795e-89a1-45aa-80d9-40d8e6e1f338\">Baixa<\/a><\/div>\n\n\n\n<p><\/p>\n\n\n","protected":false},"excerpt":{"rendered":"<p>Vols saber quin \u00e9s el nostre plantejament de l&#8217;etapa de secund\u00e0ria i com donarem continu\u00eftat al nostre projecte en aquesta etapa? Compartim amb vosaltres una presentaci\u00f3 digital amb el plantejament metodol\u00f2gic, l&#8217;organitzaci\u00f3 curricular, el marc horari i altres informacions generals.<\/p>\n","protected":false},"author":1,"featured_media":0,"comment_status":"open","ping_status":"open","sticky":false,"template":"","format":"standard","meta":{"site-sidebar-layout":"default","site-content-layout":"","ast-site-content-layout":"default","site-content-style":"default","site-sidebar-style":"default","ast-global-header-display":"","ast-banner-title-visibility":"","ast-main-header-display":"","ast-hfb-above-header-display":"","ast-hfb-below-header-display":"","ast-hfb-mobile-header-display":"","site-post-title":"","ast-breadcrumbs-content":"","ast-featured-img":"","footer-sml-layout":"","theme-transparent-header-meta":"","adv-header-id-meta":"","stick-header-meta":"","header-above-stick-meta":"","header-main-stick-meta":"","header-below-stick-meta":"","astra-migrate-meta-layouts":"set","ast-page-background-enabled":"default","ast-page-background-meta":{"desktop":{"background-color":"var(--ast-global-color-4)","background-image":"","background-repeat":"repeat","background-position":"center center","background-size":"auto","background-attachment":"scroll","background-type":"","background-media":"","overlay-type":"","overlay-color":"","overlay-opacity":"","overlay-gradient":""},"tablet":{"background-color":"","background-image":"","background-repeat":"repeat","background-position":"center center","background-size":"auto","background-attachment":"scroll","background-type":"","background-media":"","overlay-type":"","overlay-color":"","overlay-opacity":"","overlay-gradient":""},"mobile":{"background-color":"","background-image":"","background-repeat":"repeat","background-position":"center center","background-size":"auto","background-attachment":"scroll","background-type":"","background-media":"","overlay-type":"","overlay-color":"","overlay-opacity":"","overlay-gradient":""}},"ast-content-background-meta":{"desktop":{"background-color":"var(--ast-global-color-5)","background-image":"","background-repeat":"repeat","background-position":"center center","background-size":"auto","background-attachment":"scroll","background-type":"","background-media":"","overlay-type":"","overlay-color":"","overlay-opacity":"","overlay-gradient":""},"tablet":{"background-color":"var(--ast-global-color-5)","background-image":"","background-repeat":"repeat","background-position":"center center","background-size":"auto","background-attachment":"scroll","background-type":"","background-media":"","overlay-type":"","overlay-color":"","overlay-opacity":"","overlay-gradient":""},"mobile":{"background-color":"var(--ast-global-color-5)","background-image":"","background-repeat":"repeat","background-position":"center center","background-size":"auto","background-attachment":"scroll","background-type":"","background-media":"","overlay-type":"","overlay-color":"","overlay-opacity":"","overlay-gradient":""}},"footnotes":""},"categories":[1],"tags":[],"class_list":["post-797","post","type-post","status-publish","format-standard","hentry","category-general"],"post_mailing_queue_ids":[],"_links":{"self":[{"href":"https:\/\/agora.xtec.cat\/iexirinacs\/wp-json\/wp\/v2\/posts\/797","targetHints":{"allow":["GET"]}}],"collection":[{"href":"https:\/\/agora.xtec.cat\/iexirinacs\/wp-json\/wp\/v2\/posts"}],"about":[{"href":"https:\/\/agora.xtec.cat\/iexirinacs\/wp-json\/wp\/v2\/types\/post"}],"author":[{"embeddable":true,"href":"https:\/\/agora.xtec.cat\/iexirinacs\/wp-json\/wp\/v2\/users\/1"}],"replies":[{"embeddable":true,"href":"https:\/\/agora.xtec.cat\/iexirinacs\/wp-json\/wp\/v2\/comments?post=797"}],"version-history":[{"count":6,"href":"https:\/\/agora.xtec.cat\/iexirinacs\/wp-json\/wp\/v2\/posts\/797\/revisions"}],"predecessor-version":[{"id":809,"href":"https:\/\/agora.xtec.cat\/iexirinacs\/wp-json\/wp\/v2\/posts\/797\/revisions\/809"}],"wp:attachment":[{"href":"https:\/\/agora.xtec.cat\/iexirinacs\/wp-json\/wp\/v2\/media?parent=797"}],"wp:term":[{"taxonomy":"category","embeddable":true,"href":"https:\/\/agora.xtec.cat\/iexirinacs\/wp-json\/wp\/v2\/categories?post=797"},{"taxonomy":"post_tag","embeddable":true,"href":"https:\/\/agora.xtec.cat\/iexirinacs\/wp-json\/wp\/v2\/tags?post=797"}],"curies":[{"name":"wp","href":"https:\/\/api.w.org\/{rel}","templated":true}]}}