{"id":9410,"date":"2023-09-16T18:22:11","date_gmt":"2023-09-16T16:22:11","guid":{"rendered":"https:\/\/agora.xtec.cat\/ieviver\/?p=9410"},"modified":"2023-09-16T18:22:11","modified_gmt":"2023-09-16T16:22:11","slug":"primers-dies-descola-als-grups-dei-5","status":"publish","type":"post","link":"https:\/\/agora.xtec.cat\/ieviver\/general\/primers-dies-descola-als-grups-dei-5\/","title":{"rendered":"PRIMERS DIES D&#8217;ESCOLA ALS GRUPS D&#8217;EI 5"},"content":{"rendered":"<p>Hola fam\u00edlies!<\/p>\n<p>La promoci\u00f3 del 2018 ja s&#8217;ha fet gran i comencen l&#8217;\u00faltim curs d&#8217;Educaci\u00f3 Infantil. Us deixem una mostra d&#8217;alguns moments viscuts amb molta alegria i il.lusi\u00f3 amb els amics,\u00a0 les amigues i les mestres.<\/p>\n<p><a href=\"https:\/\/photos.app.goo.gl\/1LgJuTSpyGHYb1sJA\">Cliqueu a l&#8217;enlla\u00e7 per accedir a l&#8217;\u00e0lbum.<\/a><\/p>\n<p>Continuem endavant amb el curs!<\/p>\n","protected":false},"excerpt":{"rendered":"<p>Hola fam\u00edlies!<br \/>\nLa promoci\u00f3 del 2018 ja s&#8217;ha fet gran i comencen l&#8217;\u00faltim curs d&#8217;Educaci\u00f3 Infantil. Us deixem una mostra d&#8217;alguns moments viscuts amb molta alegria i il.lusi\u00f3 amb els amics,\u00a0 les amigues i les mestres.<br \/>\n<a href=\"https:\/\/photos.app.goo.gl\/1LgJuTSpyGHYb1sJA\">Cliqueu a l&#8217;enlla\u00e7 per accedir a l&#8217;\u00e0lbum.<\/a><br \/>\nContinuem endavant amb el&hellip;  <a href=\"https:\/\/agora.xtec.cat\/ieviver\/general\/primers-dies-descola-als-grups-dei-5\/\" title=\"Read PRIMERS DIES D&#8217;ESCOLA ALS GRUPS D&#8217;EI 5\">Llegeix m\u00e9s\u00bb<\/a><\/p>\n","protected":false},"author":91,"featured_media":9411,"comment_status":"open","ping_status":"closed","sticky":false,"template":"","format":"standard","meta":{"_bbp_topic_count":0,"_bbp_reply_count":0,"_bbp_total_topic_count":0,"_bbp_total_reply_count":0,"_bbp_voice_count":0,"_bbp_anonymous_reply_count":0,"_bbp_topic_count_hidden":0,"_bbp_reply_count_hidden":0,"_bbp_forum_subforum_count":0,"footnotes":""},"categories":[62,1,2,4],"tags":[269,606,404,510,405,272,451],"class_list":["post-9410","post","type-post","status-publish","format-standard","has-post-thumbnail","hentry","category-curs-actual","category-general","category-infantil","category-portada","tag-comunitat-petits","tag-curs-2023-2024","tag-curs-actual","tag-ei-5","tag-general","tag-portada","tag-promocio-2018"],"post_mailing_queue_ids":[],"_links":{"self":[{"href":"https:\/\/agora.xtec.cat\/ieviver\/wp-json\/wp\/v2\/posts\/9410","targetHints":{"allow":["GET"]}}],"collection":[{"href":"https:\/\/agora.xtec.cat\/ieviver\/wp-json\/wp\/v2\/posts"}],"about":[{"href":"https:\/\/agora.xtec.cat\/ieviver\/wp-json\/wp\/v2\/types\/post"}],"author":[{"embeddable":true,"href":"https:\/\/agora.xtec.cat\/ieviver\/wp-json\/wp\/v2\/users\/91"}],"replies":[{"embeddable":true,"href":"https:\/\/agora.xtec.cat\/ieviver\/wp-json\/wp\/v2\/comments?post=9410"}],"version-history":[{"count":1,"href":"https:\/\/agora.xtec.cat\/ieviver\/wp-json\/wp\/v2\/posts\/9410\/revisions"}],"predecessor-version":[{"id":9412,"href":"https:\/\/agora.xtec.cat\/ieviver\/wp-json\/wp\/v2\/posts\/9410\/revisions\/9412"}],"wp:featuredmedia":[{"embeddable":true,"href":"https:\/\/agora.xtec.cat\/ieviver\/wp-json\/wp\/v2\/media\/9411"}],"wp:attachment":[{"href":"https:\/\/agora.xtec.cat\/ieviver\/wp-json\/wp\/v2\/media?parent=9410"}],"wp:term":[{"taxonomy":"category","embeddable":true,"href":"https:\/\/agora.xtec.cat\/ieviver\/wp-json\/wp\/v2\/categories?post=9410"},{"taxonomy":"post_tag","embeddable":true,"href":"https:\/\/agora.xtec.cat\/ieviver\/wp-json\/wp\/v2\/tags?post=9410"}],"curies":[{"name":"wp","href":"https:\/\/api.w.org\/{rel}","templated":true}]}}