{"id":8869,"date":"2023-02-14T12:34:15","date_gmt":"2023-02-14T11:34:15","guid":{"rendered":"https:\/\/agora.xtec.cat\/ieviver\/?p=8869"},"modified":"2023-02-14T12:34:35","modified_gmt":"2023-02-14T11:34:35","slug":"activitat-amb-families-classe-dels-titelles","status":"publish","type":"post","link":"https:\/\/agora.xtec.cat\/ieviver\/general\/activitat-amb-families-classe-dels-titelles\/","title":{"rendered":"ACTIVITAT AMB FAM\u00cdLIES: CLASSE DELS TITELLES"},"content":{"rendered":"<p><span class=\"hiddenGrammarError\" style=\"padding-bottom: 2px;background-image: url('..\/..\/..\/..\/..\/images\/squiggle.png');background-position: left bottom;cursor: default;color: #000000;font-family: 'Open Sans', Helvetica, Arial, sans-serif;font-size: 16px;font-style: normal;font-weight: 300;letter-spacing: normal;text-align: start;text-indent: 0px;text-transform: none\">Hola<\/span>\u00a0fam\u00edlies.<\/p>\n<p>Aquest curs aprofitem el projecte de pluriling\u00fcisme que estem desenvolupant al nostre institut escola per fer l&#8217;activitat amb les fam\u00edlies. Fem valdre la diversitat cultural i ling\u00fc\u00edstica que ens caracteritza i expliquem, amb la vostra ajuda, el conte cl\u00e0ssic &#8220;Els tres porquets&#8221; en diferents idiomes que es troben presents al nostre centre. Despr\u00e9s vam fer unes propostes que la Val\u00e8ria ens havia portat i tots plegats vam passar un mat\u00ed molt bonic.<br \/>\nMoltes gr\u00e0cies per la vostra participaci\u00f3! Us deixem<a href=\"https:\/\/photos.app.goo.gl\/c9bkxP1gw2f1B3Kw5\"> l&#8217;enlla\u00e7<\/a> amb les fotografies d&#8217;alguns moments viscuts.<br \/>\nFins aviat!<\/p>\n","protected":false},"excerpt":{"rendered":"<p>Hola\u00a0fam\u00edlies.<br \/>\nAquest curs aprofitem el projecte de pluriling\u00fcisme que estem desenvolupant al nostre institut escola per fer l&#8217;activitat amb les fam\u00edlies. Fem valdre la diversitat cultural i ling\u00fc\u00edstica que ens caracteritza i expliquem, amb la vostra ajuda, el conte cl\u00e0ssic &#8220;Els tres porquets&#8221; en diferents idiomes&hellip;  <a href=\"https:\/\/agora.xtec.cat\/ieviver\/general\/activitat-amb-families-classe-dels-titelles\/\" title=\"Read ACTIVITAT AMB FAM\u00cdLIES: CLASSE DELS TITELLES\">Llegeix m\u00e9s\u00bb<\/a><\/p>\n","protected":false},"author":91,"featured_media":8870,"comment_status":"open","ping_status":"closed","sticky":false,"template":"","format":"standard","meta":{"_bbp_topic_count":0,"_bbp_reply_count":0,"_bbp_total_topic_count":0,"_bbp_total_reply_count":0,"_bbp_voice_count":0,"_bbp_anonymous_reply_count":0,"_bbp_topic_count_hidden":0,"_bbp_reply_count_hidden":0,"_bbp_forum_subforum_count":0,"footnotes":""},"categories":[62,1,2,8,4],"tags":[420,302,269,460,404,138,272,451,476],"class_list":["post-8869","post","type-post","status-publish","format-standard","has-post-thumbnail","hentry","category-curs-actual","category-general","category-infantil","category-p4","category-portada","tag-activitat-en-familia","tag-cicle-petits","tag-comunitat-petits","tag-curs-2022-23","tag-curs-actual","tag-p4","tag-portada","tag-promocio-2018","tag-titelles"],"post_mailing_queue_ids":[],"_links":{"self":[{"href":"https:\/\/agora.xtec.cat\/ieviver\/wp-json\/wp\/v2\/posts\/8869","targetHints":{"allow":["GET"]}}],"collection":[{"href":"https:\/\/agora.xtec.cat\/ieviver\/wp-json\/wp\/v2\/posts"}],"about":[{"href":"https:\/\/agora.xtec.cat\/ieviver\/wp-json\/wp\/v2\/types\/post"}],"author":[{"embeddable":true,"href":"https:\/\/agora.xtec.cat\/ieviver\/wp-json\/wp\/v2\/users\/91"}],"replies":[{"embeddable":true,"href":"https:\/\/agora.xtec.cat\/ieviver\/wp-json\/wp\/v2\/comments?post=8869"}],"version-history":[{"count":3,"href":"https:\/\/agora.xtec.cat\/ieviver\/wp-json\/wp\/v2\/posts\/8869\/revisions"}],"predecessor-version":[{"id":8873,"href":"https:\/\/agora.xtec.cat\/ieviver\/wp-json\/wp\/v2\/posts\/8869\/revisions\/8873"}],"wp:featuredmedia":[{"embeddable":true,"href":"https:\/\/agora.xtec.cat\/ieviver\/wp-json\/wp\/v2\/media\/8870"}],"wp:attachment":[{"href":"https:\/\/agora.xtec.cat\/ieviver\/wp-json\/wp\/v2\/media?parent=8869"}],"wp:term":[{"taxonomy":"category","embeddable":true,"href":"https:\/\/agora.xtec.cat\/ieviver\/wp-json\/wp\/v2\/categories?post=8869"},{"taxonomy":"post_tag","embeddable":true,"href":"https:\/\/agora.xtec.cat\/ieviver\/wp-json\/wp\/v2\/tags?post=8869"}],"curies":[{"name":"wp","href":"https:\/\/api.w.org\/{rel}","templated":true}]}}