{"id":8857,"date":"2023-02-13T11:00:44","date_gmt":"2023-02-13T10:00:44","guid":{"rendered":"https:\/\/agora.xtec.cat\/ieviver\/?p=8857"},"modified":"2023-02-13T11:11:40","modified_gmt":"2023-02-13T10:11:40","slug":"setmana-cultural-a-la-comunitat-de-petits-i-petites-dilluns-pijama","status":"publish","type":"post","link":"https:\/\/agora.xtec.cat\/ieviver\/general\/setmana-cultural-a-la-comunitat-de-petits-i-petites-dilluns-pijama\/","title":{"rendered":"SETMANA CULTURAL A LA COMUNITAT DE PETITS I PETITES: DILLUNS PIJAMA"},"content":{"rendered":"<p>Hola fam\u00edlies!<\/p>\n<p>Aquest mat\u00ed gaireb\u00e9 ning\u00fa s&#8217;ha vestit per venir a l&#8217;escola! Mireu al <a href=\"https:\/\/photos.app.goo.gl\/wmiSCstzBMWLcJ3u7\">l&#8217;enlla\u00e7<\/a> els nostres pijames i qu\u00e8 guapos i guapes que estem els petits i petites!<\/p>\n","protected":false},"excerpt":{"rendered":"<p>Hola fam\u00edlies!<br \/>\nAquest mat\u00ed gaireb\u00e9 ning\u00fa s&#8217;ha vestit per venir a l&#8217;escola! Mireu al <a href=\"https:\/\/photos.app.goo.gl\/wmiSCstzBMWLcJ3u7\">l&#8217;enlla\u00e7<\/a> els nostres pijames i qu\u00e8 guapos i guapes que estem els petits i petites!<\/p>\n","protected":false},"author":91,"featured_media":0,"comment_status":"open","ping_status":"closed","sticky":false,"template":"","format":"standard","meta":{"_bbp_topic_count":0,"_bbp_reply_count":0,"_bbp_total_topic_count":0,"_bbp_total_reply_count":0,"_bbp_voice_count":0,"_bbp_anonymous_reply_count":0,"_bbp_topic_count_hidden":0,"_bbp_reply_count_hidden":0,"_bbp_forum_subforum_count":0,"footnotes":""},"categories":[84,62,1,2,3,8,9,4,78],"tags":[498,474,490,216,504,269,475,489,272,365,451,491,476],"class_list":["post-8857","post","type-post","status-publish","format-standard","hentry","category-carnestoltes","category-curs-actual","category-general","category-infantil","category-p3","category-p4","category-p5","category-portada","category-setmana-cultural","tag-curs2022-23","tag-astronautes","tag-avions","tag-ciclepetits","tag-classe-del-circ","tag-comunitat-petits","tag-globus","tag-guitarres","tag-portada","tag-promocio-2017","tag-promocio-2018","tag-promocio-2019","tag-titelles"],"post_mailing_queue_ids":[],"_links":{"self":[{"href":"https:\/\/agora.xtec.cat\/ieviver\/wp-json\/wp\/v2\/posts\/8857","targetHints":{"allow":["GET"]}}],"collection":[{"href":"https:\/\/agora.xtec.cat\/ieviver\/wp-json\/wp\/v2\/posts"}],"about":[{"href":"https:\/\/agora.xtec.cat\/ieviver\/wp-json\/wp\/v2\/types\/post"}],"author":[{"embeddable":true,"href":"https:\/\/agora.xtec.cat\/ieviver\/wp-json\/wp\/v2\/users\/91"}],"replies":[{"embeddable":true,"href":"https:\/\/agora.xtec.cat\/ieviver\/wp-json\/wp\/v2\/comments?post=8857"}],"version-history":[{"count":1,"href":"https:\/\/agora.xtec.cat\/ieviver\/wp-json\/wp\/v2\/posts\/8857\/revisions"}],"predecessor-version":[{"id":8858,"href":"https:\/\/agora.xtec.cat\/ieviver\/wp-json\/wp\/v2\/posts\/8857\/revisions\/8858"}],"wp:attachment":[{"href":"https:\/\/agora.xtec.cat\/ieviver\/wp-json\/wp\/v2\/media?parent=8857"}],"wp:term":[{"taxonomy":"category","embeddable":true,"href":"https:\/\/agora.xtec.cat\/ieviver\/wp-json\/wp\/v2\/categories?post=8857"},{"taxonomy":"post_tag","embeddable":true,"href":"https:\/\/agora.xtec.cat\/ieviver\/wp-json\/wp\/v2\/tags?post=8857"}],"curies":[{"name":"wp","href":"https:\/\/api.w.org\/{rel}","templated":true}]}}