{"id":8814,"date":"2023-02-07T11:30:08","date_gmt":"2023-02-07T10:30:08","guid":{"rendered":"https:\/\/agora.xtec.cat\/ieviver\/?p=8814"},"modified":"2023-02-07T11:30:08","modified_gmt":"2023-02-07T10:30:08","slug":"el-viver-escriu-febrer-el-projecte-de-la-classe-de-la-xocolata","status":"publish","type":"post","link":"https:\/\/agora.xtec.cat\/ieviver\/general\/el-viver-escriu-febrer-el-projecte-de-la-classe-de-la-xocolata\/","title":{"rendered":"El Viver escriu febrer: el projecte de la classe de la Xocolata!"},"content":{"rendered":"<p>Hola fam\u00edlies!<\/p>\n<p>A la classe de la xocolata estem fent el projecte &#8220;Hi poden haver diamants al pati de l&#8217;escola?&#8221; \u00e9s per aix\u00f2 que hem sortit al pati a observar les pedres que hi trobem. Finalment despr\u00e9s de comparar un diamant real amb les pedres del pati hem extret les nostres pr\u00f2pies hip\u00f2tesis. <a href=\"https:\/\/agora.xtec.cat\/ieviver\/wp-content\/uploads\/usu1293\/2023\/02\/PHOTO-2023-02-07-10-56-05.jpg\"><img loading=\"lazy\" decoding=\"async\" class=\"alignnone size-full wp-image-8815\" src=\"https:\/\/agora.xtec.cat\/ieviver\/wp-content\/uploads\/usu1293\/2023\/02\/PHOTO-2023-02-07-10-56-05.jpg\" alt=\"\" width=\"707\" height=\"1024\" srcset=\"https:\/\/agora.xtec.cat\/ieviver\/wp-content\/uploads\/usu1293\/2023\/02\/PHOTO-2023-02-07-10-56-05.jpg 707w, https:\/\/agora.xtec.cat\/ieviver\/wp-content\/uploads\/usu1293\/2023\/02\/PHOTO-2023-02-07-10-56-05-207x300.jpg 207w\" sizes=\"auto, (max-width: 707px) 100vw, 707px\" \/><\/a><\/p>\n","protected":false},"excerpt":{"rendered":"<p>Hola fam\u00edlies!<br \/>\nA la classe de la xocolata estem fent el projecte &#8220;Hi poden haver diamants al pati de l&#8217;escola?&#8221; \u00e9s per aix\u00f2 que hem sortit al pati a observar les pedres que hi trobem. Finalment despr\u00e9s de comparar un diamant real amb les pedres del&hellip;  <a href=\"https:\/\/agora.xtec.cat\/ieviver\/general\/el-viver-escriu-febrer-el-projecte-de-la-classe-de-la-xocolata\/\" title=\"Read El Viver escriu febrer: el projecte de la classe de la Xocolata!\">Llegeix m\u00e9s\u00bb<\/a><\/p>\n","protected":false},"author":115,"featured_media":0,"comment_status":"open","ping_status":"closed","sticky":false,"template":"","format":"standard","meta":{"_bbp_topic_count":0,"_bbp_reply_count":0,"_bbp_total_topic_count":0,"_bbp_total_reply_count":0,"_bbp_voice_count":0,"_bbp_anonymous_reply_count":0,"_bbp_topic_count_hidden":0,"_bbp_reply_count_hidden":0,"_bbp_forum_subforum_count":0,"footnotes":""},"categories":[11,82,62,64,1,4,5],"tags":[],"class_list":["post-8814","post","type-post","status-publish","format-standard","hentry","category-2n","category-atencio-a-les-families","category-curs-actual","category-el-viver-per-escrit","category-general","category-portada","category-primaria"],"post_mailing_queue_ids":[],"_links":{"self":[{"href":"https:\/\/agora.xtec.cat\/ieviver\/wp-json\/wp\/v2\/posts\/8814","targetHints":{"allow":["GET"]}}],"collection":[{"href":"https:\/\/agora.xtec.cat\/ieviver\/wp-json\/wp\/v2\/posts"}],"about":[{"href":"https:\/\/agora.xtec.cat\/ieviver\/wp-json\/wp\/v2\/types\/post"}],"author":[{"embeddable":true,"href":"https:\/\/agora.xtec.cat\/ieviver\/wp-json\/wp\/v2\/users\/115"}],"replies":[{"embeddable":true,"href":"https:\/\/agora.xtec.cat\/ieviver\/wp-json\/wp\/v2\/comments?post=8814"}],"version-history":[{"count":1,"href":"https:\/\/agora.xtec.cat\/ieviver\/wp-json\/wp\/v2\/posts\/8814\/revisions"}],"predecessor-version":[{"id":8816,"href":"https:\/\/agora.xtec.cat\/ieviver\/wp-json\/wp\/v2\/posts\/8814\/revisions\/8816"}],"wp:attachment":[{"href":"https:\/\/agora.xtec.cat\/ieviver\/wp-json\/wp\/v2\/media?parent=8814"}],"wp:term":[{"taxonomy":"category","embeddable":true,"href":"https:\/\/agora.xtec.cat\/ieviver\/wp-json\/wp\/v2\/categories?post=8814"},{"taxonomy":"post_tag","embeddable":true,"href":"https:\/\/agora.xtec.cat\/ieviver\/wp-json\/wp\/v2\/tags?post=8814"}],"curies":[{"name":"wp","href":"https:\/\/api.w.org\/{rel}","templated":true}]}}