{"id":8801,"date":"2023-02-05T15:20:57","date_gmt":"2023-02-05T14:20:57","guid":{"rendered":"https:\/\/agora.xtec.cat\/ieviver\/?p=8801"},"modified":"2023-02-05T15:20:57","modified_gmt":"2023-02-05T14:20:57","slug":"les-paraules-busquen-familia","status":"publish","type":"post","link":"https:\/\/agora.xtec.cat\/ieviver\/general\/les-paraules-busquen-familia\/","title":{"rendered":"Les paraules busquen fam\u00edlia"},"content":{"rendered":"<p>Hola fam\u00edlies,<\/p>\n<p>El dijous la Val\u00e8ria de la UAB va tornar a la nostra classe per fer una segona part de l&#8217;activitat amb les fam\u00edlies.<br \/>\nPrimer vam estar xerrant i compartint les viv\u00e8ncies del dia anterior. Despr\u00e9s, vam fer trencaclosques amb paraules del conte en diferents idiomes.\u00a0Finalment, amb les paraules clau del conte dels tres porquets en les diferents lleng\u00fces, vam fer aquest arbre que la classe dels Pop\u00a0<span class=\"hiddenSpellError\">its<\/span>\u00a0va voler titular com: Les paraules busquen fam\u00edlia. Aprofitant aquest\u00a0pluriling\u00fcisme, vam intentar anar traduint a les diferents lleng\u00fces les paraules del t\u00edtol i ens ha quedat aix\u00ed: Les\u00a0<span class=\"hiddenSpellError\">palabras<\/span>\u00a0<span class=\"hiddenSpellError\">cercano<\/span>\u00a0<span class=\"hiddenSpellError\">family<\/span>\u00a0(catal\u00e0, castell\u00e0, itali\u00e0 i angl\u00e8s).<\/p>\n<p>Cliqueu <a href=\"https:\/\/photos.app.goo.gl\/Yyr9wiCdJ5uVdbqR6\">AQU\u00cd<\/a> per veure les fotografies o a la seg\u00fcent imatge.<\/p>\n<p><a href=\"https:\/\/photos.app.goo.gl\/Yyr9wiCdJ5uVdbqR6\"><img loading=\"lazy\" decoding=\"async\" class=\"alignnone wp-image-8802 size-medium\" src=\"https:\/\/agora.xtec.cat\/ieviver\/wp-content\/uploads\/usu1293\/2023\/02\/IMG_5300-225x300.jpg\" alt=\"\" width=\"225\" height=\"300\" srcset=\"https:\/\/agora.xtec.cat\/ieviver\/wp-content\/uploads\/usu1293\/2023\/02\/IMG_5300-225x300.jpg 225w, https:\/\/agora.xtec.cat\/ieviver\/wp-content\/uploads\/usu1293\/2023\/02\/IMG_5300-768x1024.jpg 768w, https:\/\/agora.xtec.cat\/ieviver\/wp-content\/uploads\/usu1293\/2023\/02\/IMG_5300-1152x1536.jpg 1152w, https:\/\/agora.xtec.cat\/ieviver\/wp-content\/uploads\/usu1293\/2023\/02\/IMG_5300-1536x2048.jpg 1536w, https:\/\/agora.xtec.cat\/ieviver\/wp-content\/uploads\/usu1293\/2023\/02\/IMG_5300-scaled.jpg 1920w\" sizes=\"auto, (max-width: 225px) 100vw, 225px\" \/><\/a><\/p>\n","protected":false},"excerpt":{"rendered":"<p>Hola fam\u00edlies,<br \/>\nEl dijous la Val\u00e8ria de la UAB va tornar a la nostra classe per fer una segona part de l&#8217;activitat amb les fam\u00edlies.<br \/>\nPrimer vam estar xerrant i compartint les viv\u00e8ncies del dia anterior. Despr\u00e9s, vam fer trencaclosques amb paraules del conte en diferents idiomes.\u00a0Finalment,&hellip;  <a href=\"https:\/\/agora.xtec.cat\/ieviver\/general\/les-paraules-busquen-familia\/\" title=\"Read Les paraules busquen fam\u00edlia\">Llegeix m\u00e9s\u00bb<\/a><\/p>\n","protected":false},"author":10,"featured_media":8803,"comment_status":"open","ping_status":"closed","sticky":false,"template":"","format":"standard","meta":{"_bbp_topic_count":0,"_bbp_reply_count":0,"_bbp_total_topic_count":0,"_bbp_total_reply_count":0,"_bbp_voice_count":0,"_bbp_anonymous_reply_count":0,"_bbp_topic_count_hidden":0,"_bbp_reply_count_hidden":0,"_bbp_forum_subforum_count":0,"footnotes":""},"categories":[11,62,1,4,5],"tags":[140,298,460,532,167,316,522,477],"class_list":["post-8801","post","type-post","status-publish","format-standard","has-post-thumbnail","hentry","category-2n","category-curs-actual","category-general","category-portada","category-primaria","tag-2n","tag-comunitat-mitjans","tag-curs-2022-23","tag-ep-2a","tag-families","tag-mitjans","tag-plurilinguisme","tag-pop-its"],"post_mailing_queue_ids":[],"_links":{"self":[{"href":"https:\/\/agora.xtec.cat\/ieviver\/wp-json\/wp\/v2\/posts\/8801","targetHints":{"allow":["GET"]}}],"collection":[{"href":"https:\/\/agora.xtec.cat\/ieviver\/wp-json\/wp\/v2\/posts"}],"about":[{"href":"https:\/\/agora.xtec.cat\/ieviver\/wp-json\/wp\/v2\/types\/post"}],"author":[{"embeddable":true,"href":"https:\/\/agora.xtec.cat\/ieviver\/wp-json\/wp\/v2\/users\/10"}],"replies":[{"embeddable":true,"href":"https:\/\/agora.xtec.cat\/ieviver\/wp-json\/wp\/v2\/comments?post=8801"}],"version-history":[{"count":1,"href":"https:\/\/agora.xtec.cat\/ieviver\/wp-json\/wp\/v2\/posts\/8801\/revisions"}],"predecessor-version":[{"id":8804,"href":"https:\/\/agora.xtec.cat\/ieviver\/wp-json\/wp\/v2\/posts\/8801\/revisions\/8804"}],"wp:featuredmedia":[{"embeddable":true,"href":"https:\/\/agora.xtec.cat\/ieviver\/wp-json\/wp\/v2\/media\/8803"}],"wp:attachment":[{"href":"https:\/\/agora.xtec.cat\/ieviver\/wp-json\/wp\/v2\/media?parent=8801"}],"wp:term":[{"taxonomy":"category","embeddable":true,"href":"https:\/\/agora.xtec.cat\/ieviver\/wp-json\/wp\/v2\/categories?post=8801"},{"taxonomy":"post_tag","embeddable":true,"href":"https:\/\/agora.xtec.cat\/ieviver\/wp-json\/wp\/v2\/tags?post=8801"}],"curies":[{"name":"wp","href":"https:\/\/api.w.org\/{rel}","templated":true}]}}