{"id":8474,"date":"2022-10-07T15:36:53","date_gmt":"2022-10-07T13:36:53","guid":{"rendered":"https:\/\/agora.xtec.cat\/ieviver\/?p=8474"},"modified":"2022-10-07T15:36:53","modified_gmt":"2022-10-07T13:36:53","slug":"els-alumnes-de-1r-comencem-el-curs-de-piscina","status":"publish","type":"post","link":"https:\/\/agora.xtec.cat\/ieviver\/portada\/els-alumnes-de-1r-comencem-el-curs-de-piscina\/","title":{"rendered":"Els alumnes de 1r comencem el curs de piscina!"},"content":{"rendered":"<p>Els alumnes de 1rA i 1rB hem comen\u00e7at l&#8217;activitat de la piscina a les instal\u00b7lacions de Montcada Acqua. \u00c9s una activitat d&#8217;educaci\u00f3 f\u00edsica que farem cada dimecres a la tarda en horari escolar i que finalitzar\u00e0 al mes de maig. Segur que aprendrem a nedar molt i molt b\u00e9!\u00a0<a href=\"https:\/\/agora.xtec.cat\/ieviver\/wp-content\/uploads\/usu1293\/2022\/10\/IMG_7490.jpg\"><img loading=\"lazy\" decoding=\"async\" class=\"alignnone size-large wp-image-8476\" src=\"https:\/\/agora.xtec.cat\/ieviver\/wp-content\/uploads\/usu1293\/2022\/10\/IMG_7490-1024x768.jpg\" alt=\"\" width=\"1024\" height=\"768\" srcset=\"https:\/\/agora.xtec.cat\/ieviver\/wp-content\/uploads\/usu1293\/2022\/10\/IMG_7490-1024x768.jpg 1024w, https:\/\/agora.xtec.cat\/ieviver\/wp-content\/uploads\/usu1293\/2022\/10\/IMG_7490-300x225.jpg 300w, https:\/\/agora.xtec.cat\/ieviver\/wp-content\/uploads\/usu1293\/2022\/10\/IMG_7490-768x576.jpg 768w, https:\/\/agora.xtec.cat\/ieviver\/wp-content\/uploads\/usu1293\/2022\/10\/IMG_7490-1536x1152.jpg 1536w, https:\/\/agora.xtec.cat\/ieviver\/wp-content\/uploads\/usu1293\/2022\/10\/IMG_7490-200x150.jpg 200w, https:\/\/agora.xtec.cat\/ieviver\/wp-content\/uploads\/usu1293\/2022\/10\/IMG_7490.jpg 2016w\" sizes=\"auto, (max-width: 1024px) 100vw, 1024px\" \/><\/a><a href=\"https:\/\/agora.xtec.cat\/ieviver\/wp-content\/uploads\/usu1293\/2022\/10\/5a518b52-9988-4e33-9a37-3721c9eacdf3.jpg\"><img loading=\"lazy\" decoding=\"async\" class=\"alignnone size-large wp-image-8475\" src=\"https:\/\/agora.xtec.cat\/ieviver\/wp-content\/uploads\/usu1293\/2022\/10\/5a518b52-9988-4e33-9a37-3721c9eacdf3-1024x576.jpg\" alt=\"\" width=\"1024\" height=\"576\" srcset=\"https:\/\/agora.xtec.cat\/ieviver\/wp-content\/uploads\/usu1293\/2022\/10\/5a518b52-9988-4e33-9a37-3721c9eacdf3-1024x576.jpg 1024w, https:\/\/agora.xtec.cat\/ieviver\/wp-content\/uploads\/usu1293\/2022\/10\/5a518b52-9988-4e33-9a37-3721c9eacdf3-300x169.jpg 300w, https:\/\/agora.xtec.cat\/ieviver\/wp-content\/uploads\/usu1293\/2022\/10\/5a518b52-9988-4e33-9a37-3721c9eacdf3-768x432.jpg 768w, https:\/\/agora.xtec.cat\/ieviver\/wp-content\/uploads\/usu1293\/2022\/10\/5a518b52-9988-4e33-9a37-3721c9eacdf3-1536x864.jpg 1536w, https:\/\/agora.xtec.cat\/ieviver\/wp-content\/uploads\/usu1293\/2022\/10\/5a518b52-9988-4e33-9a37-3721c9eacdf3.jpg 1600w\" sizes=\"auto, (max-width: 1024px) 100vw, 1024px\" \/><\/a><\/p>\n<p>&nbsp;<\/p>\n","protected":false},"excerpt":{"rendered":"<p>Els alumnes de 1rA i 1rB hem comen\u00e7at l&#8217;activitat de la piscina a les instal\u00b7lacions de Montcada Acqua. \u00c9s una activitat d&#8217;educaci\u00f3 f\u00edsica que farem cada dimecres a la tarda en horari escolar i que finalitzar\u00e0 al mes de maig. Segur que aprendrem a nedar&hellip;  <a href=\"https:\/\/agora.xtec.cat\/ieviver\/portada\/els-alumnes-de-1r-comencem-el-curs-de-piscina\/\" title=\"Read Els alumnes de 1r comencem el curs de piscina!\">Llegeix m\u00e9s\u00bb<\/a><\/p>\n","protected":false},"author":115,"featured_media":0,"comment_status":"open","ping_status":"closed","sticky":false,"template":"","format":"standard","meta":{"_bbp_topic_count":0,"_bbp_reply_count":0,"_bbp_total_topic_count":0,"_bbp_total_reply_count":0,"_bbp_voice_count":0,"_bbp_anonymous_reply_count":0,"_bbp_topic_count_hidden":0,"_bbp_reply_count_hidden":0,"_bbp_forum_subforum_count":0,"footnotes":""},"categories":[10,82,83,62,63,4,5],"tags":[98,283,472,473,463,180],"class_list":["post-8474","post","type-post","status-publish","format-standard","hentry","category-1r","category-atencio-a-les-families","category-calendari-del-curs","category-curs-actual","category-educacio-fisica","category-portada","category-primaria","tag-1r","tag-diamants","tag-epri","tag-epri1","tag-esquelets","tag-piscina"],"post_mailing_queue_ids":[],"_links":{"self":[{"href":"https:\/\/agora.xtec.cat\/ieviver\/wp-json\/wp\/v2\/posts\/8474","targetHints":{"allow":["GET"]}}],"collection":[{"href":"https:\/\/agora.xtec.cat\/ieviver\/wp-json\/wp\/v2\/posts"}],"about":[{"href":"https:\/\/agora.xtec.cat\/ieviver\/wp-json\/wp\/v2\/types\/post"}],"author":[{"embeddable":true,"href":"https:\/\/agora.xtec.cat\/ieviver\/wp-json\/wp\/v2\/users\/115"}],"replies":[{"embeddable":true,"href":"https:\/\/agora.xtec.cat\/ieviver\/wp-json\/wp\/v2\/comments?post=8474"}],"version-history":[{"count":1,"href":"https:\/\/agora.xtec.cat\/ieviver\/wp-json\/wp\/v2\/posts\/8474\/revisions"}],"predecessor-version":[{"id":8477,"href":"https:\/\/agora.xtec.cat\/ieviver\/wp-json\/wp\/v2\/posts\/8474\/revisions\/8477"}],"wp:attachment":[{"href":"https:\/\/agora.xtec.cat\/ieviver\/wp-json\/wp\/v2\/media?parent=8474"}],"wp:term":[{"taxonomy":"category","embeddable":true,"href":"https:\/\/agora.xtec.cat\/ieviver\/wp-json\/wp\/v2\/categories?post=8474"},{"taxonomy":"post_tag","embeddable":true,"href":"https:\/\/agora.xtec.cat\/ieviver\/wp-json\/wp\/v2\/tags?post=8474"}],"curies":[{"name":"wp","href":"https:\/\/api.w.org\/{rel}","templated":true}]}}