{"id":8336,"date":"2022-05-10T21:23:12","date_gmt":"2022-05-10T19:23:12","guid":{"rendered":"https:\/\/agora.xtec.cat\/ieviver\/?p=8336"},"modified":"2022-05-10T22:46:17","modified_gmt":"2022-05-10T20:46:17","slug":"activitat-amb-les-families-de-la-classe-de-paper","status":"publish","type":"post","link":"https:\/\/agora.xtec.cat\/ieviver\/general\/activitat-amb-les-families-de-la-classe-de-paper\/","title":{"rendered":"Activitat amb les fam\u00edlies de la Classe de Paper"},"content":{"rendered":"<p>Avui hem gaudit d&#8217;una tarda molt divertida amb les nostres fam\u00edlies. Hem fet exercici f\u00edsic, massatges i per acabar&#8230;Hem finalitzat amb els nostres sentiments. Gr\u00e0cies per venir !!! Us deixem un enlla\u00e7 amb fotos de la tarda.<\/p>\n<p>&nbsp;<\/p>\n<p><a href=\"https:\/\/photos.google.com\/u\/2\/album\/AF1QipNTotmW6GmjIKHefr_cwHb94lLKPq9UxKRsmjXv\">Activitat amb les fam\u00edlies<\/a><\/p>\n","protected":false},"excerpt":{"rendered":"<p>Avui hem gaudit d&#8217;una tarda molt divertida amb les nostres fam\u00edlies. Hem fet exercici f\u00edsic, massatges i per acabar&#8230;Hem finalitzat amb els nostres sentiments. Gr\u00e0cies per venir !!! Us deixem un enlla\u00e7 amb fotos de la tarda.<br \/>\n&nbsp;<br \/>\n<a href=\"https:\/\/photos.google.com\/u\/2\/album\/AF1QipNTotmW6GmjIKHefr_cwHb94lLKPq9UxKRsmjXv\">Activitat amb les fam\u00edlies<\/a><\/p>\n","protected":false},"author":1,"featured_media":8337,"comment_status":"open","ping_status":"closed","sticky":false,"template":"","format":"standard","meta":{"_bbp_topic_count":0,"_bbp_reply_count":0,"_bbp_total_topic_count":0,"_bbp_total_reply_count":0,"_bbp_voice_count":0,"_bbp_anonymous_reply_count":0,"_bbp_topic_count_hidden":0,"_bbp_reply_count_hidden":0,"_bbp_forum_subforum_count":0,"footnotes":""},"categories":[15,62,63,1,4,5],"tags":[407,406],"class_list":["post-8336","post","type-post","status-publish","format-standard","has-post-thumbnail","hentry","category-6e","category-curs-actual","category-educacio-fisica","category-general","category-portada","category-primaria","tag-comunitat-de-grans","tag-la-classe-de-paper"],"post_mailing_queue_ids":[],"_links":{"self":[{"href":"https:\/\/agora.xtec.cat\/ieviver\/wp-json\/wp\/v2\/posts\/8336","targetHints":{"allow":["GET"]}}],"collection":[{"href":"https:\/\/agora.xtec.cat\/ieviver\/wp-json\/wp\/v2\/posts"}],"about":[{"href":"https:\/\/agora.xtec.cat\/ieviver\/wp-json\/wp\/v2\/types\/post"}],"author":[{"embeddable":true,"href":"https:\/\/agora.xtec.cat\/ieviver\/wp-json\/wp\/v2\/users\/1"}],"replies":[{"embeddable":true,"href":"https:\/\/agora.xtec.cat\/ieviver\/wp-json\/wp\/v2\/comments?post=8336"}],"version-history":[{"count":2,"href":"https:\/\/agora.xtec.cat\/ieviver\/wp-json\/wp\/v2\/posts\/8336\/revisions"}],"predecessor-version":[{"id":8340,"href":"https:\/\/agora.xtec.cat\/ieviver\/wp-json\/wp\/v2\/posts\/8336\/revisions\/8340"}],"wp:featuredmedia":[{"embeddable":true,"href":"https:\/\/agora.xtec.cat\/ieviver\/wp-json\/wp\/v2\/media\/8337"}],"wp:attachment":[{"href":"https:\/\/agora.xtec.cat\/ieviver\/wp-json\/wp\/v2\/media?parent=8336"}],"wp:term":[{"taxonomy":"category","embeddable":true,"href":"https:\/\/agora.xtec.cat\/ieviver\/wp-json\/wp\/v2\/categories?post=8336"},{"taxonomy":"post_tag","embeddable":true,"href":"https:\/\/agora.xtec.cat\/ieviver\/wp-json\/wp\/v2\/tags?post=8336"}],"curies":[{"name":"wp","href":"https:\/\/api.w.org\/{rel}","templated":true}]}}