{"id":8264,"date":"2022-04-20T21:43:35","date_gmt":"2022-04-20T19:43:35","guid":{"rendered":"https:\/\/agora.xtec.cat\/ieviver\/?p=8264"},"modified":"2022-04-20T21:47:19","modified_gmt":"2022-04-20T19:47:19","slug":"activitat-amb-families-dels-vaixells-i-els-pinguins","status":"publish","type":"post","link":"https:\/\/agora.xtec.cat\/ieviver\/general\/activitat-amb-families-dels-vaixells-i-els-pinguins\/","title":{"rendered":"ACTIVITAT AMB FAM\u00cdLIES DELS VAIXELLS I ELS PING\u00dcINS"},"content":{"rendered":"<p>Benvolgudes fam\u00edlies,<\/p>\n<p>Per fi hem pogut retrobar-nos dins l&#8217;escola per\u00a0dur a terme\u00a0una activitat\u00a0plegats. Vam compartir una estona molt bonica, us agra\u00efm la vostra participaci\u00f3 i esperem amb molta\u00a0il\u00b7lusi\u00f3\u00a0poder continuar compartint experi\u00e8ncies.<\/p>\n<p>Us deixem<a href=\"https:\/\/photos.app.goo.gl\/LCEb7dvPYQdzMA4z6\"> l&#8217;enlla\u00e7<\/a> per mirar les fotos de l&#8217;activitat amb la classe dels Vaixells<\/p>\n<p>Us deixem<a href=\"https:\/\/photos.app.goo.gl\/JNK5HnDuWMB4PPAf6\"> l&#8217;enlla\u00e7 <\/a>per mirar les fotos de l&#8217;activitat amb la classe dels Ping\u00fcins.<\/p>\n<p>Fins aviat!<\/p>\n","protected":false},"excerpt":{"rendered":"<p>Benvolgudes fam\u00edlies,<br \/>\nPer fi hem pogut retrobar-nos dins l&#8217;escola per\u00a0dur a terme\u00a0una activitat\u00a0plegats. Vam compartir una estona molt bonica, us agra\u00efm la vostra participaci\u00f3 i esperem amb molta\u00a0il\u00b7lusi\u00f3\u00a0poder continuar compartint experi\u00e8ncies.<br \/>\nUs deixem<a href=\"https:\/\/photos.app.goo.gl\/LCEb7dvPYQdzMA4z6\"> l&#8217;enlla\u00e7<\/a> per mirar les fotos de l&#8217;activitat amb la classe dels Vaixells<br \/>\nUs deixem<a&hellip;  <a href=\"https:\/\/agora.xtec.cat\/ieviver\/general\/activitat-amb-families-dels-vaixells-i-els-pinguins\/\" title=\"Read ACTIVITAT AMB FAM\u00cdLIES DELS VAIXELLS I ELS PING\u00dcINS\">Llegeix m\u00e9s\u00bb<\/a><\/p>\n","protected":false},"author":91,"featured_media":0,"comment_status":"open","ping_status":"closed","sticky":false,"template":"","format":"standard","meta":{"_bbp_topic_count":0,"_bbp_reply_count":0,"_bbp_total_topic_count":0,"_bbp_total_reply_count":0,"_bbp_voice_count":0,"_bbp_anonymous_reply_count":0,"_bbp_topic_count_hidden":0,"_bbp_reply_count_hidden":0,"_bbp_forum_subforum_count":0,"footnotes":""},"categories":[82,62,1,2,8,4],"tags":[420,302,269,368,404,138,366,272,365,367],"class_list":["post-8264","post","type-post","status-publish","format-standard","hentry","category-atencio-a-les-families","category-curs-actual","category-general","category-infantil","category-p4","category-portada","tag-activitat-en-familia","tag-cicle-petits","tag-comunitat-petits","tag-curs-2021-22","tag-curs-actual","tag-p4","tag-pinguins","tag-portada","tag-promocio-2017","tag-vaixells"],"post_mailing_queue_ids":[],"_links":{"self":[{"href":"https:\/\/agora.xtec.cat\/ieviver\/wp-json\/wp\/v2\/posts\/8264","targetHints":{"allow":["GET"]}}],"collection":[{"href":"https:\/\/agora.xtec.cat\/ieviver\/wp-json\/wp\/v2\/posts"}],"about":[{"href":"https:\/\/agora.xtec.cat\/ieviver\/wp-json\/wp\/v2\/types\/post"}],"author":[{"embeddable":true,"href":"https:\/\/agora.xtec.cat\/ieviver\/wp-json\/wp\/v2\/users\/91"}],"replies":[{"embeddable":true,"href":"https:\/\/agora.xtec.cat\/ieviver\/wp-json\/wp\/v2\/comments?post=8264"}],"version-history":[{"count":2,"href":"https:\/\/agora.xtec.cat\/ieviver\/wp-json\/wp\/v2\/posts\/8264\/revisions"}],"predecessor-version":[{"id":8266,"href":"https:\/\/agora.xtec.cat\/ieviver\/wp-json\/wp\/v2\/posts\/8264\/revisions\/8266"}],"wp:attachment":[{"href":"https:\/\/agora.xtec.cat\/ieviver\/wp-json\/wp\/v2\/media?parent=8264"}],"wp:term":[{"taxonomy":"category","embeddable":true,"href":"https:\/\/agora.xtec.cat\/ieviver\/wp-json\/wp\/v2\/categories?post=8264"},{"taxonomy":"post_tag","embeddable":true,"href":"https:\/\/agora.xtec.cat\/ieviver\/wp-json\/wp\/v2\/tags?post=8264"}],"curies":[{"name":"wp","href":"https:\/\/api.w.org\/{rel}","templated":true}]}}