{"id":8218,"date":"2022-04-06T15:51:50","date_gmt":"2022-04-06T13:51:50","guid":{"rendered":"https:\/\/agora.xtec.cat\/ieviver\/?p=8218"},"modified":"2022-04-06T15:53:21","modified_gmt":"2022-04-06T13:53:21","slug":"compartim-una-tarda-en-familia","status":"publish","type":"post","link":"https:\/\/agora.xtec.cat\/ieviver\/portada\/compartim-una-tarda-en-familia\/","title":{"rendered":"Compartim una tarda en fam\u00edlia"},"content":{"rendered":"<p>Hola fam\u00edlies \ud83d\ude0d,<\/p>\n<p>el dilluns vam compartir una tarda molt especial tots\/es junts. Vam fer jocs molt divertits des de l&#8217;\u00e0mbit d&#8217;educaci\u00f3 f\u00edsica i despr\u00e9s vam apuntar alguns desitjos i experi\u00e8ncies d&#8217;aquella tarda en fam\u00edlia.<\/p>\n<p>Cliqueu la seg\u00fcent <a href=\"https:\/\/photos.app.goo.gl\/jxkzoHu6zfZdn6599\">imatge \ud83d\udcf8<\/a><span style=\"font-family: inherit;font-size: 1em\">\u00a0<\/span><span style=\"font-family: inherit;font-size: 1em\">per veure l&#8217;\u00e0lbum sencer.<\/span><\/p>\n<p><a href=\"https:\/\/photos.app.goo.gl\/jxkzoHu6zfZdn6599\"><img loading=\"lazy\" decoding=\"async\" class=\"aligncenter wp-image-8220 size-large\" src=\"https:\/\/agora.xtec.cat\/ieviver\/wp-content\/uploads\/usu1293\/2022\/04\/IMG_4842-min-1024x768.jpg\" alt=\"\" width=\"1024\" height=\"768\" srcset=\"https:\/\/agora.xtec.cat\/ieviver\/wp-content\/uploads\/usu1293\/2022\/04\/IMG_4842-min-1024x768.jpg 1024w, https:\/\/agora.xtec.cat\/ieviver\/wp-content\/uploads\/usu1293\/2022\/04\/IMG_4842-min-300x225.jpg 300w, https:\/\/agora.xtec.cat\/ieviver\/wp-content\/uploads\/usu1293\/2022\/04\/IMG_4842-min-768x576.jpg 768w, https:\/\/agora.xtec.cat\/ieviver\/wp-content\/uploads\/usu1293\/2022\/04\/IMG_4842-min-1536x1152.jpg 1536w, https:\/\/agora.xtec.cat\/ieviver\/wp-content\/uploads\/usu1293\/2022\/04\/IMG_4842-min-2048x1536.jpg 2048w, https:\/\/agora.xtec.cat\/ieviver\/wp-content\/uploads\/usu1293\/2022\/04\/IMG_4842-min-200x150.jpg 200w\" sizes=\"auto, (max-width: 1024px) 100vw, 1024px\" \/><\/a><\/p>\n","protected":false},"excerpt":{"rendered":"<p>El dilluns vam compartir una tarda en fam\u00edlia a la classe de les Xips.&hellip;  <a href=\"https:\/\/agora.xtec.cat\/ieviver\/portada\/compartim-una-tarda-en-familia\/\" title=\"Read Compartim una tarda en fam\u00edlia\">Llegeix m\u00e9s\u00bb<\/a><\/p>\n","protected":false},"author":10,"featured_media":8219,"comment_status":"open","ping_status":"closed","sticky":false,"template":"","format":"standard","meta":{"_bbp_topic_count":0,"_bbp_reply_count":0,"_bbp_total_topic_count":0,"_bbp_total_reply_count":0,"_bbp_voice_count":0,"_bbp_anonymous_reply_count":0,"_bbp_topic_count_hidden":0,"_bbp_reply_count_hidden":0,"_bbp_forum_subforum_count":0,"footnotes":""},"categories":[10,82,62,63,4,5],"tags":[420,298,368,404,181,381,380],"class_list":["post-8218","post","type-post","status-publish","format-standard","has-post-thumbnail","hentry","category-1r","category-atencio-a-les-families","category-curs-actual","category-educacio-fisica","category-portada","category-primaria","tag-activitat-en-familia","tag-comunitat-mitjans","tag-curs-2021-22","tag-curs-actual","tag-educacio-fisica","tag-ep-1","tag-xips"],"post_mailing_queue_ids":[],"_links":{"self":[{"href":"https:\/\/agora.xtec.cat\/ieviver\/wp-json\/wp\/v2\/posts\/8218","targetHints":{"allow":["GET"]}}],"collection":[{"href":"https:\/\/agora.xtec.cat\/ieviver\/wp-json\/wp\/v2\/posts"}],"about":[{"href":"https:\/\/agora.xtec.cat\/ieviver\/wp-json\/wp\/v2\/types\/post"}],"author":[{"embeddable":true,"href":"https:\/\/agora.xtec.cat\/ieviver\/wp-json\/wp\/v2\/users\/10"}],"replies":[{"embeddable":true,"href":"https:\/\/agora.xtec.cat\/ieviver\/wp-json\/wp\/v2\/comments?post=8218"}],"version-history":[{"count":4,"href":"https:\/\/agora.xtec.cat\/ieviver\/wp-json\/wp\/v2\/posts\/8218\/revisions"}],"predecessor-version":[{"id":8224,"href":"https:\/\/agora.xtec.cat\/ieviver\/wp-json\/wp\/v2\/posts\/8218\/revisions\/8224"}],"wp:featuredmedia":[{"embeddable":true,"href":"https:\/\/agora.xtec.cat\/ieviver\/wp-json\/wp\/v2\/media\/8219"}],"wp:attachment":[{"href":"https:\/\/agora.xtec.cat\/ieviver\/wp-json\/wp\/v2\/media?parent=8218"}],"wp:term":[{"taxonomy":"category","embeddable":true,"href":"https:\/\/agora.xtec.cat\/ieviver\/wp-json\/wp\/v2\/categories?post=8218"},{"taxonomy":"post_tag","embeddable":true,"href":"https:\/\/agora.xtec.cat\/ieviver\/wp-json\/wp\/v2\/tags?post=8218"}],"curies":[{"name":"wp","href":"https:\/\/api.w.org\/{rel}","templated":true}]}}