{"id":8099,"date":"2022-03-28T22:17:19","date_gmt":"2022-03-28T20:17:19","guid":{"rendered":"https:\/\/agora.xtec.cat\/ieviver\/?p=8099"},"modified":"2022-03-28T22:17:19","modified_gmt":"2022-03-28T20:17:19","slug":"finalitzem-lactivitat-escola-literaria-amb-tantagora","status":"publish","type":"post","link":"https:\/\/agora.xtec.cat\/ieviver\/portada\/finalitzem-lactivitat-escola-literaria-amb-tantagora\/","title":{"rendered":"Finalitzem l&#8217;activitat &#8220;Escola liter\u00e0ria amb Tant\u00e0gora&#8221;"},"content":{"rendered":"<p>Estimades fam\u00edlies de la classe de les Xips,<\/p>\n<p>aquesta tarda hem realitzat l&#8217;\u00faltima sessi\u00f3 amb l&#8217;Elisenda de l&#8217;escola liter\u00e0ria. En aquest espai hem compartit riures, somriures, moments i experi\u00e8ncies \u00faniques i inoblidables\ud83d\ude0d. Moltes gr\u00e0cies, fam\u00edlies pel vostre acompanyament durant aquestes tardes a l&#8217;aula, i moltes gr\u00e0cies, Elisenda per transmetre amb aquesta passi\u00f3 la bona literatura, ens has fet somiar, imaginar i emocionar-nos\ud83d\udc9c.<\/p>\n<p>Us deixem un \u00e0lbum replet de moments especials i hist\u00f2ries compartides.<\/p>\n<p>Cliqueu a la seg\u00fcent <a href=\"https:\/\/photos.app.goo.gl\/ArT82bJvdFBJpQVo8\">fotografia<\/a> per anar a l&#8217;\u00e0lbum<a href=\"https:\/\/photos.app.goo.gl\/ArT82bJvdFBJpQVo8\"> \ud83d\udcf8<\/a><\/p>\n<p>&nbsp;<\/p>\n<p><a href=\"https:\/\/photos.app.goo.gl\/ArT82bJvdFBJpQVo8\"><img loading=\"lazy\" decoding=\"async\" class=\"alignnone wp-image-8100 size-large\" src=\"https:\/\/agora.xtec.cat\/ieviver\/wp-content\/uploads\/usu1293\/2022\/03\/IMG_4669-1024x768.jpg\" alt=\"\" width=\"1024\" height=\"768\" srcset=\"https:\/\/agora.xtec.cat\/ieviver\/wp-content\/uploads\/usu1293\/2022\/03\/IMG_4669-1024x768.jpg 1024w, https:\/\/agora.xtec.cat\/ieviver\/wp-content\/uploads\/usu1293\/2022\/03\/IMG_4669-300x225.jpg 300w, https:\/\/agora.xtec.cat\/ieviver\/wp-content\/uploads\/usu1293\/2022\/03\/IMG_4669-768x576.jpg 768w, https:\/\/agora.xtec.cat\/ieviver\/wp-content\/uploads\/usu1293\/2022\/03\/IMG_4669-1536x1152.jpg 1536w, https:\/\/agora.xtec.cat\/ieviver\/wp-content\/uploads\/usu1293\/2022\/03\/IMG_4669-2048x1536.jpg 2048w, https:\/\/agora.xtec.cat\/ieviver\/wp-content\/uploads\/usu1293\/2022\/03\/IMG_4669-200x150.jpg 200w\" sizes=\"auto, (max-width: 1024px) 100vw, 1024px\" \/><\/a><\/p>\n","protected":false},"excerpt":{"rendered":"<p>Estimades fam\u00edlies de la classe de les Xips,<br \/>\naquesta tarda hem realitzat l&#8217;\u00faltima sessi\u00f3 amb l&#8217;Elisenda de l&#8217;escola liter\u00e0ria. En aquest espai hem compartit riures, somriures, moments i experi\u00e8ncies \u00faniques i inoblidables\ud83d\ude0d. Moltes gr\u00e0cies, fam\u00edlies pel vostre acompanyament durant aquestes tardes a l&#8217;aula, i moltes gr\u00e0cies,&hellip;  <a href=\"https:\/\/agora.xtec.cat\/ieviver\/portada\/finalitzem-lactivitat-escola-literaria-amb-tantagora\/\" title=\"Read Finalitzem l&#8217;activitat &#8220;Escola liter\u00e0ria amb Tant\u00e0gora&#8221;\">Llegeix m\u00e9s\u00bb<\/a><\/p>\n","protected":false},"author":10,"featured_media":8101,"comment_status":"open","ping_status":"closed","sticky":false,"template":"","format":"standard","meta":{"_bbp_topic_count":0,"_bbp_reply_count":0,"_bbp_total_topic_count":0,"_bbp_total_reply_count":0,"_bbp_voice_count":0,"_bbp_anonymous_reply_count":0,"_bbp_topic_count_hidden":0,"_bbp_reply_count_hidden":0,"_bbp_forum_subforum_count":0,"footnotes":""},"categories":[10,82,62,4,5],"tags":[298,368,404,381,412,167,241,380],"class_list":["post-8099","post","type-post","status-publish","format-standard","has-post-thumbnail","hentry","category-1r","category-atencio-a-les-families","category-curs-actual","category-portada","category-primaria","tag-comunitat-mitjans","tag-curs-2021-22","tag-curs-actual","tag-ep-1","tag-escolaliteraria","tag-families","tag-literatura","tag-xips"],"post_mailing_queue_ids":[],"_links":{"self":[{"href":"https:\/\/agora.xtec.cat\/ieviver\/wp-json\/wp\/v2\/posts\/8099","targetHints":{"allow":["GET"]}}],"collection":[{"href":"https:\/\/agora.xtec.cat\/ieviver\/wp-json\/wp\/v2\/posts"}],"about":[{"href":"https:\/\/agora.xtec.cat\/ieviver\/wp-json\/wp\/v2\/types\/post"}],"author":[{"embeddable":true,"href":"https:\/\/agora.xtec.cat\/ieviver\/wp-json\/wp\/v2\/users\/10"}],"replies":[{"embeddable":true,"href":"https:\/\/agora.xtec.cat\/ieviver\/wp-json\/wp\/v2\/comments?post=8099"}],"version-history":[{"count":1,"href":"https:\/\/agora.xtec.cat\/ieviver\/wp-json\/wp\/v2\/posts\/8099\/revisions"}],"predecessor-version":[{"id":8102,"href":"https:\/\/agora.xtec.cat\/ieviver\/wp-json\/wp\/v2\/posts\/8099\/revisions\/8102"}],"wp:featuredmedia":[{"embeddable":true,"href":"https:\/\/agora.xtec.cat\/ieviver\/wp-json\/wp\/v2\/media\/8101"}],"wp:attachment":[{"href":"https:\/\/agora.xtec.cat\/ieviver\/wp-json\/wp\/v2\/media?parent=8099"}],"wp:term":[{"taxonomy":"category","embeddable":true,"href":"https:\/\/agora.xtec.cat\/ieviver\/wp-json\/wp\/v2\/categories?post=8099"},{"taxonomy":"post_tag","embeddable":true,"href":"https:\/\/agora.xtec.cat\/ieviver\/wp-json\/wp\/v2\/tags?post=8099"}],"curies":[{"name":"wp","href":"https:\/\/api.w.org\/{rel}","templated":true}]}}