{"id":8073,"date":"2022-03-28T15:34:32","date_gmt":"2022-03-28T13:34:32","guid":{"rendered":"https:\/\/agora.xtec.cat\/ieviver\/?p=8073"},"modified":"2022-03-30T22:02:27","modified_gmt":"2022-03-30T20:02:27","slug":"la-classe-de-larc-de-sant-marti-fem-descriptors-es","status":"publish","type":"post","link":"https:\/\/agora.xtec.cat\/ieviver\/general\/la-classe-de-larc-de-sant-marti-fem-descriptors-es\/","title":{"rendered":"La classe de l&#8217;Arc de Sant Mart\u00ed fem d&#8217;escriptors\/es!"},"content":{"rendered":"<p>Despr\u00e9s de la visita a la biblioteca del poble ens va cridar molt l&#8217;atenci\u00f3 el m\u00f3n dels llibres i ens vam fixar m\u00e9s en com \u00e9s un conte i que ha de tenir! Despr\u00e9s de llegir i fer el nostre referent vam escriure entre tots i totes el nostre primer conte\ud83c\udfc6.<\/p>\n<p>Vam donar exemple d&#8217;imaginaci\u00f3 i vam tenir molt present la correcta escriptura utilitzant signes de puntuaci\u00f3, faltes ortogr\u00e0fiques i separaci\u00f3 de par\u00e0grafs. A continuaci\u00f3 us deixem el conte i el nostre referent per si voleu fer-ne a casa \ud83d\ude0a<\/p>\n<p>&nbsp;<\/p>\n<p><a href=\"https:\/\/agora.xtec.cat\/ieviver\/wp-content\/uploads\/usu1293\/2022\/03\/5C8AFB69-87E7-426A-9152-640A00F5796C-1.jpg\"><img loading=\"lazy\" decoding=\"async\" class=\"alignnone size-large wp-image-8096\" src=\"https:\/\/agora.xtec.cat\/ieviver\/wp-content\/uploads\/usu1293\/2022\/03\/5C8AFB69-87E7-426A-9152-640A00F5796C-1-576x1024.jpg\" alt=\"\" width=\"576\" height=\"1024\" srcset=\"https:\/\/agora.xtec.cat\/ieviver\/wp-content\/uploads\/usu1293\/2022\/03\/5C8AFB69-87E7-426A-9152-640A00F5796C-1-576x1024.jpg 576w, https:\/\/agora.xtec.cat\/ieviver\/wp-content\/uploads\/usu1293\/2022\/03\/5C8AFB69-87E7-426A-9152-640A00F5796C-1-169x300.jpg 169w, https:\/\/agora.xtec.cat\/ieviver\/wp-content\/uploads\/usu1293\/2022\/03\/5C8AFB69-87E7-426A-9152-640A00F5796C-1-768x1365.jpg 768w, https:\/\/agora.xtec.cat\/ieviver\/wp-content\/uploads\/usu1293\/2022\/03\/5C8AFB69-87E7-426A-9152-640A00F5796C-1-864x1536.jpg 864w, https:\/\/agora.xtec.cat\/ieviver\/wp-content\/uploads\/usu1293\/2022\/03\/5C8AFB69-87E7-426A-9152-640A00F5796C-1-1152x2048.jpg 1152w, https:\/\/agora.xtec.cat\/ieviver\/wp-content\/uploads\/usu1293\/2022\/03\/5C8AFB69-87E7-426A-9152-640A00F5796C-1.jpg 1170w\" sizes=\"auto, (max-width: 576px) 100vw, 576px\" \/><\/a><\/p>\n<p><a href=\"https:\/\/agora.xtec.cat\/ieviver\/wp-content\/uploads\/usu1293\/2022\/03\/0A44CE18-98AC-450B-A4FA-4F56FB751313-1.jpg\"><img loading=\"lazy\" decoding=\"async\" class=\"alignnone size-large wp-image-8097\" src=\"https:\/\/agora.xtec.cat\/ieviver\/wp-content\/uploads\/usu1293\/2022\/03\/0A44CE18-98AC-450B-A4FA-4F56FB751313-1-576x1024.jpg\" alt=\"\" width=\"576\" height=\"1024\" srcset=\"https:\/\/agora.xtec.cat\/ieviver\/wp-content\/uploads\/usu1293\/2022\/03\/0A44CE18-98AC-450B-A4FA-4F56FB751313-1-576x1024.jpg 576w, https:\/\/agora.xtec.cat\/ieviver\/wp-content\/uploads\/usu1293\/2022\/03\/0A44CE18-98AC-450B-A4FA-4F56FB751313-1-169x300.jpg 169w, https:\/\/agora.xtec.cat\/ieviver\/wp-content\/uploads\/usu1293\/2022\/03\/0A44CE18-98AC-450B-A4FA-4F56FB751313-1-768x1365.jpg 768w, https:\/\/agora.xtec.cat\/ieviver\/wp-content\/uploads\/usu1293\/2022\/03\/0A44CE18-98AC-450B-A4FA-4F56FB751313-1-864x1536.jpg 864w, https:\/\/agora.xtec.cat\/ieviver\/wp-content\/uploads\/usu1293\/2022\/03\/0A44CE18-98AC-450B-A4FA-4F56FB751313-1-1152x2048.jpg 1152w, https:\/\/agora.xtec.cat\/ieviver\/wp-content\/uploads\/usu1293\/2022\/03\/0A44CE18-98AC-450B-A4FA-4F56FB751313-1.jpg 1170w\" sizes=\"auto, (max-width: 576px) 100vw, 576px\" \/><\/a><\/p>\n","protected":false},"excerpt":{"rendered":"<p>Despr\u00e9s de la visita a la biblioteca del poble ens va cridar molt l&#8217;atenci\u00f3 el m\u00f3n dels llibres i ens vam fixar m\u00e9s en com \u00e9s un conte i que ha de tenir! Despr\u00e9s de llegir i fer el nostre referent vam escriure entre tots&hellip;  <a href=\"https:\/\/agora.xtec.cat\/ieviver\/general\/la-classe-de-larc-de-sant-marti-fem-descriptors-es\/\" title=\"Read La classe de l&#8217;Arc de Sant Mart\u00ed fem d&#8217;escriptors\/es!\">Llegeix m\u00e9s\u00bb<\/a><\/p>\n","protected":false},"author":121,"featured_media":8094,"comment_status":"open","ping_status":"closed","sticky":false,"template":"","format":"standard","meta":{"_bbp_topic_count":0,"_bbp_reply_count":0,"_bbp_total_topic_count":0,"_bbp_total_reply_count":0,"_bbp_voice_count":0,"_bbp_anonymous_reply_count":0,"_bbp_topic_count_hidden":0,"_bbp_reply_count_hidden":0,"_bbp_forum_subforum_count":0,"footnotes":""},"categories":[11,62,64,1,4,5],"tags":[188,408,417,337,421],"class_list":["post-8073","post","type-post","status-publish","format-standard","has-post-thumbnail","hentry","category-2n","category-curs-actual","category-el-viver-per-escrit","category-general","category-portada","category-primaria","tag-ciclemitjans","tag-classe-2b","tag-classe-darc-de-sant-marti","tag-el-conte","tag-escrivim"],"post_mailing_queue_ids":[],"_links":{"self":[{"href":"https:\/\/agora.xtec.cat\/ieviver\/wp-json\/wp\/v2\/posts\/8073","targetHints":{"allow":["GET"]}}],"collection":[{"href":"https:\/\/agora.xtec.cat\/ieviver\/wp-json\/wp\/v2\/posts"}],"about":[{"href":"https:\/\/agora.xtec.cat\/ieviver\/wp-json\/wp\/v2\/types\/post"}],"author":[{"embeddable":true,"href":"https:\/\/agora.xtec.cat\/ieviver\/wp-json\/wp\/v2\/users\/121"}],"replies":[{"embeddable":true,"href":"https:\/\/agora.xtec.cat\/ieviver\/wp-json\/wp\/v2\/comments?post=8073"}],"version-history":[{"count":2,"href":"https:\/\/agora.xtec.cat\/ieviver\/wp-json\/wp\/v2\/posts\/8073\/revisions"}],"predecessor-version":[{"id":8141,"href":"https:\/\/agora.xtec.cat\/ieviver\/wp-json\/wp\/v2\/posts\/8073\/revisions\/8141"}],"wp:featuredmedia":[{"embeddable":true,"href":"https:\/\/agora.xtec.cat\/ieviver\/wp-json\/wp\/v2\/media\/8094"}],"wp:attachment":[{"href":"https:\/\/agora.xtec.cat\/ieviver\/wp-json\/wp\/v2\/media?parent=8073"}],"wp:term":[{"taxonomy":"category","embeddable":true,"href":"https:\/\/agora.xtec.cat\/ieviver\/wp-json\/wp\/v2\/categories?post=8073"},{"taxonomy":"post_tag","embeddable":true,"href":"https:\/\/agora.xtec.cat\/ieviver\/wp-json\/wp\/v2\/tags?post=8073"}],"curies":[{"name":"wp","href":"https:\/\/api.w.org\/{rel}","templated":true}]}}