{"id":7702,"date":"2022-03-04T09:45:22","date_gmt":"2022-03-04T08:45:22","guid":{"rendered":"https:\/\/agora.xtec.cat\/ieviver\/?p=7702"},"modified":"2022-03-04T09:45:22","modified_gmt":"2022-03-04T08:45:22","slug":"a-cantar-teatre-de-la-classe-de-larc-de-sant-marti","status":"publish","type":"post","link":"https:\/\/agora.xtec.cat\/ieviver\/general\/a-cantar-teatre-de-la-classe-de-larc-de-sant-marti\/","title":{"rendered":"A cantar!! Teatre de la classe de l\u2019Arc de Sant Mart\u00ed"},"content":{"rendered":"<p>Bon dia!<br \/>\nDespr\u00e9s d\u2019assajar i afinar la veu \ud83d\ude32 podem presentar la seg\u00fcent can\u00e7\u00f3 \ud83c\udfbc\u00a0que tants records i pel\u2022l\u00edcules de Disney ens fa recordar!<br \/>\nDe ben segur que ja sabeu de quina es tracta! Aix\u00ed que glopet d\u2019aigua, bona posici\u00f3 corporal, projecci\u00f3 de veu i a gaudir com nosaltres!<\/p>\n<p>\ud83e\udd73 A CANTAR\ud83c\udfa4 I BALLAR \ud83e\udd73.<\/p>\n<p>A continuaci\u00f3 us deixem l\u2019enlla\u00e7 per poder gaudir amb les nostres veus. Desitgem que us agradi:<\/p>\n<p><a href=\"https:\/\/drive.google.com\/file\/d\/1H6d0lJnUukontP8jSK55oqITq5HneONS\/view?usp=drivesdk\">https:\/\/drive.google.com\/file\/d\/1H6d0lJnUukontP8jSK55oqITq5HneONS\/view?usp=drivesdk<\/a><\/p>\n","protected":false},"excerpt":{"rendered":"<p>Bon dia!<br \/>\nDespr\u00e9s d\u2019assajar i afinar la veu \ud83d\ude32 podem presentar la seg\u00fcent can\u00e7\u00f3 \ud83c\udfbc\u00a0que tants records i pel\u2022l\u00edcules de Disney ens fa recordar!<br \/>\nDe ben segur que ja sabeu de quina es tracta! Aix\u00ed que glopet d\u2019aigua, bona posici\u00f3 corporal, projecci\u00f3 de veu i a gaudir&hellip;  <a href=\"https:\/\/agora.xtec.cat\/ieviver\/general\/a-cantar-teatre-de-la-classe-de-larc-de-sant-marti\/\" title=\"Read A cantar!! Teatre de la classe de l\u2019Arc de Sant Mart\u00ed\">Llegeix m\u00e9s\u00bb<\/a><\/p>\n","protected":false},"author":121,"featured_media":7703,"comment_status":"open","ping_status":"closed","sticky":false,"template":"","format":"standard","meta":{"_bbp_topic_count":0,"_bbp_reply_count":0,"_bbp_total_topic_count":0,"_bbp_total_reply_count":0,"_bbp_voice_count":0,"_bbp_anonymous_reply_count":0,"_bbp_topic_count_hidden":0,"_bbp_reply_count_hidden":0,"_bbp_forum_subforum_count":0,"footnotes":""},"categories":[11,62,1,4,5,79],"tags":[140,188,417,368,404,103],"class_list":["post-7702","post","type-post","status-publish","format-standard","has-post-thumbnail","hentry","category-2n","category-curs-actual","category-general","category-portada","category-primaria","category-teatre","tag-2n","tag-ciclemitjans","tag-classe-darc-de-sant-marti","tag-curs-2021-22","tag-curs-actual","tag-teatre"],"post_mailing_queue_ids":[],"_links":{"self":[{"href":"https:\/\/agora.xtec.cat\/ieviver\/wp-json\/wp\/v2\/posts\/7702","targetHints":{"allow":["GET"]}}],"collection":[{"href":"https:\/\/agora.xtec.cat\/ieviver\/wp-json\/wp\/v2\/posts"}],"about":[{"href":"https:\/\/agora.xtec.cat\/ieviver\/wp-json\/wp\/v2\/types\/post"}],"author":[{"embeddable":true,"href":"https:\/\/agora.xtec.cat\/ieviver\/wp-json\/wp\/v2\/users\/121"}],"replies":[{"embeddable":true,"href":"https:\/\/agora.xtec.cat\/ieviver\/wp-json\/wp\/v2\/comments?post=7702"}],"version-history":[{"count":3,"href":"https:\/\/agora.xtec.cat\/ieviver\/wp-json\/wp\/v2\/posts\/7702\/revisions"}],"predecessor-version":[{"id":7706,"href":"https:\/\/agora.xtec.cat\/ieviver\/wp-json\/wp\/v2\/posts\/7702\/revisions\/7706"}],"wp:featuredmedia":[{"embeddable":true,"href":"https:\/\/agora.xtec.cat\/ieviver\/wp-json\/wp\/v2\/media\/7703"}],"wp:attachment":[{"href":"https:\/\/agora.xtec.cat\/ieviver\/wp-json\/wp\/v2\/media?parent=7702"}],"wp:term":[{"taxonomy":"category","embeddable":true,"href":"https:\/\/agora.xtec.cat\/ieviver\/wp-json\/wp\/v2\/categories?post=7702"},{"taxonomy":"post_tag","embeddable":true,"href":"https:\/\/agora.xtec.cat\/ieviver\/wp-json\/wp\/v2\/tags?post=7702"}],"curies":[{"name":"wp","href":"https:\/\/api.w.org\/{rel}","templated":true}]}}