{"id":7088,"date":"2021-11-03T11:14:21","date_gmt":"2021-11-03T10:14:21","guid":{"rendered":"https:\/\/agora.xtec.cat\/ieviver\/?p=7088"},"modified":"2021-11-03T11:25:18","modified_gmt":"2021-11-03T10:25:18","slug":"els-mms-celebrem-la-castanyada-i-el-halloween","status":"publish","type":"post","link":"https:\/\/agora.xtec.cat\/ieviver\/portada\/els-mms-celebrem-la-castanyada-i-el-halloween\/","title":{"rendered":"Els M&amp;M&#8217;s celebrem la castanyada i el Halloween!"},"content":{"rendered":"<p>El passat divendres la classe dels <strong>M&amp;M&#8217;s<\/strong> vam celebrar el <strong>Halloween<\/strong> i la <strong>Castanyada<\/strong>. Pel mat\u00ed ens vam disfressar de personatges terror\u00edfics i\u00a0 molt originals, i per la tarda, vam convertir-nos en les tradicionals castanyeres.<\/p>\n<p>No va faltar la nostra particular<em> desfilada de disfresses<\/em> que vam fer amb la resta del cicle i que esperem repetir l&#8217;any vinent!<\/p>\n<p>I com \u00e9s tradici\u00f3, a la tarda vam ballar les danses m\u00e9s tradicionals i vam berenar les castanyes que ens va oferir l&#8217;<strong>AFA.<\/strong><\/p>\n<p>Un dia terror\u00edfic i meravell\u00f3s a la vegada. Els <strong>M&amp;M&#8217;s<\/strong> ens encanten les festes (;<\/p>\n<p><a href=\"https:\/\/agora.xtec.cat\/ieviver\/wp-content\/uploads\/usu1293\/2021\/11\/WhatsApp-Image-2021-11-03-at-11.01.45.jpeg\"><img loading=\"lazy\" decoding=\"async\" class=\"alignnone size-large wp-image-7089\" src=\"https:\/\/agora.xtec.cat\/ieviver\/wp-content\/uploads\/usu1293\/2021\/11\/WhatsApp-Image-2021-11-03-at-11.01.45-1024x461.jpeg\" alt=\"\" width=\"1024\" height=\"461\" srcset=\"https:\/\/agora.xtec.cat\/ieviver\/wp-content\/uploads\/usu1293\/2021\/11\/WhatsApp-Image-2021-11-03-at-11.01.45-1024x461.jpeg 1024w, https:\/\/agora.xtec.cat\/ieviver\/wp-content\/uploads\/usu1293\/2021\/11\/WhatsApp-Image-2021-11-03-at-11.01.45-300x135.jpeg 300w, https:\/\/agora.xtec.cat\/ieviver\/wp-content\/uploads\/usu1293\/2021\/11\/WhatsApp-Image-2021-11-03-at-11.01.45-768x346.jpeg 768w, https:\/\/agora.xtec.cat\/ieviver\/wp-content\/uploads\/usu1293\/2021\/11\/WhatsApp-Image-2021-11-03-at-11.01.45-1536x691.jpeg 1536w, https:\/\/agora.xtec.cat\/ieviver\/wp-content\/uploads\/usu1293\/2021\/11\/WhatsApp-Image-2021-11-03-at-11.01.45.jpeg 1600w\" sizes=\"auto, (max-width: 1024px) 100vw, 1024px\" \/><\/a><\/p>\n","protected":false},"excerpt":{"rendered":"<p>El passat divendres la classe dels M&amp;M&#8217;s vam celebrar el Halloween i la Castanyada. Pel mat\u00ed ens vam disfressar de personatges terror\u00edfics i\u00a0 molt originals, i per la tarda, vam convertir-nos en les tradicionals castanyeres.<br \/>\nNo va faltar la nostra particular desfilada de disfresses que vam&hellip;  <a href=\"https:\/\/agora.xtec.cat\/ieviver\/portada\/els-mms-celebrem-la-castanyada-i-el-halloween\/\" title=\"Read Els M&amp;M&#8217;s celebrem la castanyada i el Halloween!\">Llegeix m\u00e9s\u00bb<\/a><\/p>\n","protected":false},"author":20,"featured_media":6935,"comment_status":"open","ping_status":"closed","sticky":false,"template":"","format":"standard","meta":{"_bbp_topic_count":0,"_bbp_reply_count":0,"_bbp_total_topic_count":0,"_bbp_total_reply_count":0,"_bbp_voice_count":0,"_bbp_anonymous_reply_count":0,"_bbp_topic_count_hidden":0,"_bbp_reply_count_hidden":0,"_bbp_forum_subforum_count":0,"footnotes":""},"categories":[12,85,4,5],"tags":[],"class_list":["post-7088","post","type-post","status-publish","format-standard","has-post-thumbnail","hentry","category-3r","category-castanyada","category-portada","category-primaria"],"post_mailing_queue_ids":[],"_links":{"self":[{"href":"https:\/\/agora.xtec.cat\/ieviver\/wp-json\/wp\/v2\/posts\/7088","targetHints":{"allow":["GET"]}}],"collection":[{"href":"https:\/\/agora.xtec.cat\/ieviver\/wp-json\/wp\/v2\/posts"}],"about":[{"href":"https:\/\/agora.xtec.cat\/ieviver\/wp-json\/wp\/v2\/types\/post"}],"author":[{"embeddable":true,"href":"https:\/\/agora.xtec.cat\/ieviver\/wp-json\/wp\/v2\/users\/20"}],"replies":[{"embeddable":true,"href":"https:\/\/agora.xtec.cat\/ieviver\/wp-json\/wp\/v2\/comments?post=7088"}],"version-history":[{"count":2,"href":"https:\/\/agora.xtec.cat\/ieviver\/wp-json\/wp\/v2\/posts\/7088\/revisions"}],"predecessor-version":[{"id":7091,"href":"https:\/\/agora.xtec.cat\/ieviver\/wp-json\/wp\/v2\/posts\/7088\/revisions\/7091"}],"wp:featuredmedia":[{"embeddable":true,"href":"https:\/\/agora.xtec.cat\/ieviver\/wp-json\/wp\/v2\/media\/6935"}],"wp:attachment":[{"href":"https:\/\/agora.xtec.cat\/ieviver\/wp-json\/wp\/v2\/media?parent=7088"}],"wp:term":[{"taxonomy":"category","embeddable":true,"href":"https:\/\/agora.xtec.cat\/ieviver\/wp-json\/wp\/v2\/categories?post=7088"},{"taxonomy":"post_tag","embeddable":true,"href":"https:\/\/agora.xtec.cat\/ieviver\/wp-json\/wp\/v2\/tags?post=7088"}],"curies":[{"name":"wp","href":"https:\/\/api.w.org\/{rel}","templated":true}]}}