{"id":6981,"date":"2021-10-29T19:16:15","date_gmt":"2021-10-29T17:16:15","guid":{"rendered":"https:\/\/agora.xtec.cat\/ieviver\/?p=6981"},"modified":"2021-10-30T18:30:01","modified_gmt":"2021-10-30T16:30:01","slug":"les-xips-celebrem-la-castanyada-i-el-halloween","status":"publish","type":"post","link":"https:\/\/agora.xtec.cat\/ieviver\/portada\/les-xips-celebrem-la-castanyada-i-el-halloween\/","title":{"rendered":"Les XIPS celebrem la Castanyada i Halloween"},"content":{"rendered":"<p>Estimades fam\u00edlies, avui ha sigut un dia superespecial \ud83d\ude0d, aix\u00ed que a continuaci\u00f3 us expliquem i us pengem tot un recull de fotografies \ud83d\udcf7 del que hem anat fent per la celebraci\u00f3 \ud83c\udf89 de la Castanyada \ud83c\udf30 i Halloween\ud83d\udc7b.<\/p>\n<p>Aquest mat\u00ed quan hem arribat a l&#8217;escola, hem iniciat el dia fent el &#8220;trick or treat&#8221; a la classe de EI-3 (la classe dels cotxes). Els hi hem cantat una can\u00e7\u00f3 \ud83c\udfa4 de Halloween en angl\u00e8s &#8220;<em>If I were a ghost<\/em>&#8221; , i ho hem fet tan b\u00e9 que ens hem guanyat una bossa de llaminadures. Despr\u00e9s ens hem menjat els nostres panellets que estaven bon\u00edssims, que els vam fer el dimecres i tamb\u00e9 vam escriure la recepta. Abans de baixar al pati hem donat el premi a la guanyadora del concurs de Halloween de la &#8220;haunted house&#8221; , i despr\u00e9s hem fet una superdesfilada la comunitat de mitjans, acompanyats de m\u00fasica per ensenyar-nos les nostres disfresses. Despr\u00e9s del pati els nens i les nenes de EP-4 (la classe del multicolor) ens han vingut a fer el &#8220;trick or treat&#8221; amb un joc s\u00faper divertit, ells i elles ens han regalat uns dibuixos molt macos, i nosaltres els hi hem donat una bossa plena llaminadures!<\/p>\n<p>Finalment a la tarda hem celebrat la castanyada \ud83c\udf30, amb les danses \ud83d\udc83 t\u00edpiques al pati i despr\u00e9s hem menjat castanyes, calentes i ben torrades. Moltes gr\u00e0cies, AFA, estaven bon\u00edssimes \ud83d\ude1c.<\/p>\n<p>I aix\u00ed ha sigut el nostre dia. Ens ho hem passat molt b\u00e9!\u2b50<\/p>\n<p>Us animem que mireu totes les fotografies clicant a la c\u00e0mera de fotos <a href=\"https:\/\/photos.app.goo.gl\/xbjinmqpQEMrWzZL8\">\ud83d\udcf8 <\/a>o a la seg\u00fcent imatge:<\/p>\n<p><a href=\"https:\/\/photos.app.goo.gl\/xbjinmqpQEMrWzZL8\"><img loading=\"lazy\" decoding=\"async\" class=\"size-medium wp-image-6982 aligncenter\" src=\"https:\/\/agora.xtec.cat\/ieviver\/wp-content\/uploads\/usu1293\/2021\/10\/IMG_9579-300x225.jpg\" alt=\"\" width=\"300\" height=\"225\" srcset=\"https:\/\/agora.xtec.cat\/ieviver\/wp-content\/uploads\/usu1293\/2021\/10\/IMG_9579-300x225.jpg 300w, https:\/\/agora.xtec.cat\/ieviver\/wp-content\/uploads\/usu1293\/2021\/10\/IMG_9579-1024x768.jpg 1024w, https:\/\/agora.xtec.cat\/ieviver\/wp-content\/uploads\/usu1293\/2021\/10\/IMG_9579-768x576.jpg 768w, https:\/\/agora.xtec.cat\/ieviver\/wp-content\/uploads\/usu1293\/2021\/10\/IMG_9579-1536x1152.jpg 1536w, https:\/\/agora.xtec.cat\/ieviver\/wp-content\/uploads\/usu1293\/2021\/10\/IMG_9579-2048x1536.jpg 2048w, https:\/\/agora.xtec.cat\/ieviver\/wp-content\/uploads\/usu1293\/2021\/10\/IMG_9579-200x150.jpg 200w\" sizes=\"auto, (max-width: 300px) 100vw, 300px\" \/><\/a><\/p>\n<p>&nbsp;<\/p>\n","protected":false},"excerpt":{"rendered":"<p>Celebraci\u00f3 de la Castanyada i Halloween a la classe de les xips.&hellip;  <a href=\"https:\/\/agora.xtec.cat\/ieviver\/portada\/les-xips-celebrem-la-castanyada-i-el-halloween\/\" title=\"Read Les XIPS celebrem la Castanyada i Halloween\">Llegeix m\u00e9s\u00bb<\/a><\/p>\n","protected":false},"author":10,"featured_media":6982,"comment_status":"open","ping_status":"closed","sticky":false,"template":"","format":"standard","meta":{"_bbp_topic_count":0,"_bbp_reply_count":0,"_bbp_total_topic_count":0,"_bbp_total_reply_count":0,"_bbp_voice_count":0,"_bbp_anonymous_reply_count":0,"_bbp_topic_count_hidden":0,"_bbp_reply_count_hidden":0,"_bbp_forum_subforum_count":0,"footnotes":""},"categories":[10,60,85,62,4,5],"tags":[152,368,381,259,379,316,380],"class_list":["post-6981","post","type-post","status-publish","format-standard","has-post-thumbnail","hentry","category-1r","category-angles-2","category-castanyada","category-curs-actual","category-portada","category-primaria","tag-castanyada","tag-curs-2021-22","tag-ep-1","tag-halloween","tag-ieelviver","tag-mitjans","tag-xips"],"post_mailing_queue_ids":[],"_links":{"self":[{"href":"https:\/\/agora.xtec.cat\/ieviver\/wp-json\/wp\/v2\/posts\/6981","targetHints":{"allow":["GET"]}}],"collection":[{"href":"https:\/\/agora.xtec.cat\/ieviver\/wp-json\/wp\/v2\/posts"}],"about":[{"href":"https:\/\/agora.xtec.cat\/ieviver\/wp-json\/wp\/v2\/types\/post"}],"author":[{"embeddable":true,"href":"https:\/\/agora.xtec.cat\/ieviver\/wp-json\/wp\/v2\/users\/10"}],"replies":[{"embeddable":true,"href":"https:\/\/agora.xtec.cat\/ieviver\/wp-json\/wp\/v2\/comments?post=6981"}],"version-history":[{"count":3,"href":"https:\/\/agora.xtec.cat\/ieviver\/wp-json\/wp\/v2\/posts\/6981\/revisions"}],"predecessor-version":[{"id":7004,"href":"https:\/\/agora.xtec.cat\/ieviver\/wp-json\/wp\/v2\/posts\/6981\/revisions\/7004"}],"wp:featuredmedia":[{"embeddable":true,"href":"https:\/\/agora.xtec.cat\/ieviver\/wp-json\/wp\/v2\/media\/6982"}],"wp:attachment":[{"href":"https:\/\/agora.xtec.cat\/ieviver\/wp-json\/wp\/v2\/media?parent=6981"}],"wp:term":[{"taxonomy":"category","embeddable":true,"href":"https:\/\/agora.xtec.cat\/ieviver\/wp-json\/wp\/v2\/categories?post=6981"},{"taxonomy":"post_tag","embeddable":true,"href":"https:\/\/agora.xtec.cat\/ieviver\/wp-json\/wp\/v2\/tags?post=6981"}],"curies":[{"name":"wp","href":"https:\/\/api.w.org\/{rel}","templated":true}]}}