{"id":6399,"date":"2021-05-06T20:50:18","date_gmt":"2021-05-06T18:50:18","guid":{"rendered":"https:\/\/agora.xtec.cat\/ieviver\/?p=6399"},"modified":"2021-05-06T20:50:18","modified_gmt":"2021-05-06T18:50:18","slug":"els-instagramers-hem-anat-a-la-casa-de-les-aigues","status":"publish","type":"post","link":"https:\/\/agora.xtec.cat\/ieviver\/general\/els-instagramers-hem-anat-a-la-casa-de-les-aigues\/","title":{"rendered":"ELS INSTAGRAMERS HEM ANAT A LA CASA DE LES AIG\u00dcES"},"content":{"rendered":"<p>Els i les Instagramers estem molt contents i contentes perqu\u00e8 hem pogut entrar a visitar la casa de les Aig\u00fces. Teniem moltes ganes d&#8217;anar-hi, perqu\u00e8 tots els dies que hem fet la sortida a la natura la veiem i ens preguntavem com seria per dins.<\/p>\n<p>Vam escriure un mail a l&#8217;Ajuntament, i l&#8217;Adri\u00e0 ens ha vingut a obrir i a explicar-nos qu\u00e8 \u00e9s la casa de les aig\u00fces.<\/p>\n<p><a href=\"https:\/\/photos.app.goo.gl\/VFuvYpabjQEiiBNP7\">AQU\u00cd TENIU LES FOTOS<\/a><\/p>\n","protected":false},"excerpt":{"rendered":"<p>Els i les Instagramers estem molt contents i contentes perqu\u00e8 hem pogut entrar a visitar la casa de les Aig\u00fces. Teniem moltes ganes d&#8217;anar-hi, perqu\u00e8 tots els dies que hem fet la sortida a la natura la veiem i ens preguntavem com seria per dins.<br \/>\nVam&hellip;  <a href=\"https:\/\/agora.xtec.cat\/ieviver\/general\/els-instagramers-hem-anat-a-la-casa-de-les-aigues\/\" title=\"Read ELS INSTAGRAMERS HEM ANAT A LA CASA DE LES AIG\u00dcES\">Llegeix m\u00e9s\u00bb<\/a><\/p>\n","protected":false},"author":17,"featured_media":6400,"comment_status":"open","ping_status":"closed","sticky":false,"template":"","format":"standard","meta":{"_bbp_topic_count":0,"_bbp_reply_count":0,"_bbp_total_topic_count":0,"_bbp_total_reply_count":0,"_bbp_voice_count":0,"_bbp_anonymous_reply_count":0,"_bbp_topic_count_hidden":0,"_bbp_reply_count_hidden":0,"_bbp_forum_subforum_count":0,"footnotes":""},"categories":[11,62,1,4,5],"tags":[140,188,252,265,170,97,128,16],"class_list":["post-6399","post","type-post","status-publish","format-standard","has-post-thumbnail","hentry","category-2n","category-curs-actual","category-general","category-portada","category-primaria","tag-2n","tag-ciclemitjans","tag-curs2020-21","tag-instagramers","tag-institut-escola-el-viver","tag-primaria","tag-prom2013","tag-sortides"],"post_mailing_queue_ids":[],"_links":{"self":[{"href":"https:\/\/agora.xtec.cat\/ieviver\/wp-json\/wp\/v2\/posts\/6399","targetHints":{"allow":["GET"]}}],"collection":[{"href":"https:\/\/agora.xtec.cat\/ieviver\/wp-json\/wp\/v2\/posts"}],"about":[{"href":"https:\/\/agora.xtec.cat\/ieviver\/wp-json\/wp\/v2\/types\/post"}],"author":[{"embeddable":true,"href":"https:\/\/agora.xtec.cat\/ieviver\/wp-json\/wp\/v2\/users\/17"}],"replies":[{"embeddable":true,"href":"https:\/\/agora.xtec.cat\/ieviver\/wp-json\/wp\/v2\/comments?post=6399"}],"version-history":[{"count":1,"href":"https:\/\/agora.xtec.cat\/ieviver\/wp-json\/wp\/v2\/posts\/6399\/revisions"}],"predecessor-version":[{"id":6401,"href":"https:\/\/agora.xtec.cat\/ieviver\/wp-json\/wp\/v2\/posts\/6399\/revisions\/6401"}],"wp:featuredmedia":[{"embeddable":true,"href":"https:\/\/agora.xtec.cat\/ieviver\/wp-json\/wp\/v2\/media\/6400"}],"wp:attachment":[{"href":"https:\/\/agora.xtec.cat\/ieviver\/wp-json\/wp\/v2\/media?parent=6399"}],"wp:term":[{"taxonomy":"category","embeddable":true,"href":"https:\/\/agora.xtec.cat\/ieviver\/wp-json\/wp\/v2\/categories?post=6399"},{"taxonomy":"post_tag","embeddable":true,"href":"https:\/\/agora.xtec.cat\/ieviver\/wp-json\/wp\/v2\/tags?post=6399"}],"curies":[{"name":"wp","href":"https:\/\/api.w.org\/{rel}","templated":true}]}}