{"id":6367,"date":"2021-04-28T07:54:08","date_gmt":"2021-04-28T05:54:08","guid":{"rendered":"https:\/\/agora.xtec.cat\/ieviver\/?p=6367"},"modified":"2021-04-28T07:54:08","modified_gmt":"2021-04-28T05:54:08","slug":"els-instagramers-escrivim-un-mail-a-lajuntament","status":"publish","type":"post","link":"https:\/\/agora.xtec.cat\/ieviver\/portada\/els-instagramers-escrivim-un-mail-a-lajuntament\/","title":{"rendered":"ELS INSTAGRAMERS ESCRIVIM UN MAIL A L&#8217;AJUNTAMENT"},"content":{"rendered":"<p>Despr\u00e9s de fer 2 sortides a la natura m\u00e9s propera, encara no hem pogut entrar a veure la Casa de les Aig\u00fces. I \u00e9s que per entrar-hi, l&#8217;Ajuntament de Montcada ens ha de donar perm\u00eds. Aix\u00ed que a l&#8217;\u00faltima sortida vam estar investigant i vam trobar una adre\u00e7a de correu electr\u00f2nic per poder posar-nos en contacte amb l&#8217;Ajuntament. Ara hem escrit un mail, a veure si tenim sort i ens contesten r\u00e0pid!<\/p>\n<p><a href=\"https:\/\/agora.xtec.cat\/ieviver\/wp-content\/uploads\/usu1293\/2021\/04\/Mail-a-lAjuntament-2.jpg\"><img loading=\"lazy\" decoding=\"async\" class=\"alignnone size-large wp-image-6369\" src=\"https:\/\/agora.xtec.cat\/ieviver\/wp-content\/uploads\/usu1293\/2021\/04\/Mail-a-lAjuntament-2-724x1024.jpg\" alt=\"\" width=\"724\" height=\"1024\" srcset=\"https:\/\/agora.xtec.cat\/ieviver\/wp-content\/uploads\/usu1293\/2021\/04\/Mail-a-lAjuntament-2-724x1024.jpg 724w, https:\/\/agora.xtec.cat\/ieviver\/wp-content\/uploads\/usu1293\/2021\/04\/Mail-a-lAjuntament-2-212x300.jpg 212w, https:\/\/agora.xtec.cat\/ieviver\/wp-content\/uploads\/usu1293\/2021\/04\/Mail-a-lAjuntament-2-768x1086.jpg 768w\" sizes=\"auto, (max-width: 724px) 100vw, 724px\" \/><\/a><\/p>\n<p>&nbsp;<\/p>\n","protected":false},"excerpt":{"rendered":"<p>Despr\u00e9s de fer 2 sortides a la natura m\u00e9s propera, encara no hem pogut entrar a veure la Casa de les Aig\u00fces. I \u00e9s que per entrar-hi, l&#8217;Ajuntament de Montcada ens ha de donar perm\u00eds. Aix\u00ed que a l&#8217;\u00faltima sortida vam estar investigant i vam&hellip;  <a href=\"https:\/\/agora.xtec.cat\/ieviver\/portada\/els-instagramers-escrivim-un-mail-a-lajuntament\/\" title=\"Read ELS INSTAGRAMERS ESCRIVIM UN MAIL A L&#8217;AJUNTAMENT\">Llegeix m\u00e9s\u00bb<\/a><\/p>\n","protected":false},"author":17,"featured_media":6369,"comment_status":"open","ping_status":"closed","sticky":false,"template":"","format":"standard","meta":{"_bbp_topic_count":0,"_bbp_reply_count":0,"_bbp_total_topic_count":0,"_bbp_total_reply_count":0,"_bbp_voice_count":0,"_bbp_anonymous_reply_count":0,"_bbp_topic_count_hidden":0,"_bbp_reply_count_hidden":0,"_bbp_forum_subforum_count":0,"footnotes":""},"categories":[11,62,64,4,5],"tags":[140,188,252,175,265,170,128],"class_list":["post-6367","post","type-post","status-publish","format-standard","has-post-thumbnail","hentry","category-2n","category-curs-actual","category-el-viver-per-escrit","category-portada","category-primaria","tag-2n","tag-ciclemitjans","tag-curs2020-21","tag-el-viver-per-escrit","tag-instagramers","tag-institut-escola-el-viver","tag-prom2013"],"post_mailing_queue_ids":[],"_links":{"self":[{"href":"https:\/\/agora.xtec.cat\/ieviver\/wp-json\/wp\/v2\/posts\/6367","targetHints":{"allow":["GET"]}}],"collection":[{"href":"https:\/\/agora.xtec.cat\/ieviver\/wp-json\/wp\/v2\/posts"}],"about":[{"href":"https:\/\/agora.xtec.cat\/ieviver\/wp-json\/wp\/v2\/types\/post"}],"author":[{"embeddable":true,"href":"https:\/\/agora.xtec.cat\/ieviver\/wp-json\/wp\/v2\/users\/17"}],"replies":[{"embeddable":true,"href":"https:\/\/agora.xtec.cat\/ieviver\/wp-json\/wp\/v2\/comments?post=6367"}],"version-history":[{"count":1,"href":"https:\/\/agora.xtec.cat\/ieviver\/wp-json\/wp\/v2\/posts\/6367\/revisions"}],"predecessor-version":[{"id":6370,"href":"https:\/\/agora.xtec.cat\/ieviver\/wp-json\/wp\/v2\/posts\/6367\/revisions\/6370"}],"wp:featuredmedia":[{"embeddable":true,"href":"https:\/\/agora.xtec.cat\/ieviver\/wp-json\/wp\/v2\/media\/6369"}],"wp:attachment":[{"href":"https:\/\/agora.xtec.cat\/ieviver\/wp-json\/wp\/v2\/media?parent=6367"}],"wp:term":[{"taxonomy":"category","embeddable":true,"href":"https:\/\/agora.xtec.cat\/ieviver\/wp-json\/wp\/v2\/categories?post=6367"},{"taxonomy":"post_tag","embeddable":true,"href":"https:\/\/agora.xtec.cat\/ieviver\/wp-json\/wp\/v2\/tags?post=6367"}],"curies":[{"name":"wp","href":"https:\/\/api.w.org\/{rel}","templated":true}]}}