{"id":6343,"date":"2021-04-25T19:24:36","date_gmt":"2021-04-25T17:24:36","guid":{"rendered":"https:\/\/agora.xtec.cat\/ieviver\/?p=6343"},"modified":"2021-04-25T19:24:36","modified_gmt":"2021-04-25T17:24:36","slug":"els-famosos-23-dabril-sant-jordi","status":"publish","type":"post","link":"https:\/\/agora.xtec.cat\/ieviver\/general\/els-famosos-23-dabril-sant-jordi\/","title":{"rendered":"Els Famosos: 23 d&#8217;Abril- Sant Jordi"},"content":{"rendered":"<p>Els divendres vam gaudir d&#8217;un bonic dia de Sant Jordi. Al mat\u00ed vam dur a terme diferents activitats relacionades amb la diada : punts de llibre, sopes de lletres, elaboraci\u00f3 d&#8217;una rosa&#8230;Tamb\u00e9 ens va visitar l&#8217;equip directiu i ens van regalar llibres d&#8217;investigaci\u00f3 i una rosa de &#8220;xuxe&#8221; bon\u00edssima. A la tarda vam celebrar els Jocs Florals i els guanyadors de la nostra classe van ser :<\/p>\n<ul>\n<li>Omar Asi.<\/li>\n<li>Julieta Sierra.<\/li>\n<\/ul>\n<p>Moltes Felicitats a tots dos i a tota la classe que van fer uns textos magn\u00edfics, l&#8217;elecci\u00f3 va ser molt dif\u00edcil.<\/p>\n<p>Finalment, l&#8217;AFA va obsequiar a tot l&#8217;alumnat amb una galeta de xocolata amb tem\u00e0tica de Sant Jordi.<\/p>\n<p>Al seg\u00fcent enlla\u00e7 podeu veure algunes fotos d&#8217;aquest magn\u00edfic dia.<\/p>\n<p style=\"text-align: center\"><a href=\"https:\/\/drive.google.com\/drive\/folders\/1lo16KiKVoYNOFXVAv6aJjTQu-KHPRBTk?usp=sharing\" target=\"_blank\" rel=\"noopener noreferrer\">Sant Jordi-Famosos<\/a><\/p>\n<p>&nbsp;<\/p>\n","protected":false},"excerpt":{"rendered":"<p>Els divendres vam gaudir d&#8217;un bonic dia de Sant Jordi. Al mat\u00ed vam dur a terme diferents activitats relacionades amb la diada : punts de llibre, sopes de lletres, elaboraci\u00f3 d&#8217;una rosa&#8230;Tamb\u00e9 ens va visitar l&#8217;equip directiu i ens van regalar llibres d&#8217;investigaci\u00f3 i una&hellip;  <a href=\"https:\/\/agora.xtec.cat\/ieviver\/general\/els-famosos-23-dabril-sant-jordi\/\" title=\"Read Els Famosos: 23 d&#8217;Abril- Sant Jordi\">Llegeix m\u00e9s\u00bb<\/a><\/p>\n","protected":false},"author":1,"featured_media":6344,"comment_status":"open","ping_status":"closed","sticky":false,"template":"","format":"standard","meta":{"_bbp_topic_count":0,"_bbp_reply_count":0,"_bbp_total_topic_count":0,"_bbp_total_reply_count":0,"_bbp_voice_count":0,"_bbp_anonymous_reply_count":0,"_bbp_topic_count_hidden":0,"_bbp_reply_count_hidden":0,"_bbp_forum_subforum_count":0,"footnotes":""},"categories":[13,14,7,62,1,4,5,77],"tags":[303,252,326],"class_list":["post-6343","post","type-post","status-publish","format-standard","has-post-thumbnail","hentry","category-4t","category-5e","category-afa","category-curs-actual","category-general","category-portada","category-primaria","category-sant-jordi","tag-comunitat-grans","tag-curs2020-21","tag-famosos"],"post_mailing_queue_ids":[],"_links":{"self":[{"href":"https:\/\/agora.xtec.cat\/ieviver\/wp-json\/wp\/v2\/posts\/6343","targetHints":{"allow":["GET"]}}],"collection":[{"href":"https:\/\/agora.xtec.cat\/ieviver\/wp-json\/wp\/v2\/posts"}],"about":[{"href":"https:\/\/agora.xtec.cat\/ieviver\/wp-json\/wp\/v2\/types\/post"}],"author":[{"embeddable":true,"href":"https:\/\/agora.xtec.cat\/ieviver\/wp-json\/wp\/v2\/users\/1"}],"replies":[{"embeddable":true,"href":"https:\/\/agora.xtec.cat\/ieviver\/wp-json\/wp\/v2\/comments?post=6343"}],"version-history":[{"count":1,"href":"https:\/\/agora.xtec.cat\/ieviver\/wp-json\/wp\/v2\/posts\/6343\/revisions"}],"predecessor-version":[{"id":6345,"href":"https:\/\/agora.xtec.cat\/ieviver\/wp-json\/wp\/v2\/posts\/6343\/revisions\/6345"}],"wp:featuredmedia":[{"embeddable":true,"href":"https:\/\/agora.xtec.cat\/ieviver\/wp-json\/wp\/v2\/media\/6344"}],"wp:attachment":[{"href":"https:\/\/agora.xtec.cat\/ieviver\/wp-json\/wp\/v2\/media?parent=6343"}],"wp:term":[{"taxonomy":"category","embeddable":true,"href":"https:\/\/agora.xtec.cat\/ieviver\/wp-json\/wp\/v2\/categories?post=6343"},{"taxonomy":"post_tag","embeddable":true,"href":"https:\/\/agora.xtec.cat\/ieviver\/wp-json\/wp\/v2\/tags?post=6343"}],"curies":[{"name":"wp","href":"https:\/\/api.w.org\/{rel}","templated":true}]}}