{"id":6178,"date":"2021-03-08T17:53:13","date_gmt":"2021-03-08T16:53:13","guid":{"rendered":"https:\/\/agora.xtec.cat\/ieviver\/?p=6178"},"modified":"2021-03-09T18:07:28","modified_gmt":"2021-03-09T17:07:28","slug":"els-i-les-romantiques-dia-de-la-dona-treballadora","status":"publish","type":"post","link":"https:\/\/agora.xtec.cat\/ieviver\/general\/els-i-les-romantiques-dia-de-la-dona-treballadora\/","title":{"rendered":"Els i les rom\u00e0ntiques. Dia de la dona treballadora"},"content":{"rendered":"<p>Avui, dia 8 de mar\u00e7, celebrem a l\u2019escola el dia de la dona treballadora.<\/p>\n<p>Hem penjat lla\u00e7os lila com un acte simb\u00f2lic despr\u00e9s de reflexionar sobre els avan\u00e7os aconseguits, demanar m\u00e9s canvis i celebrar la valentia i la determinaci\u00f3 de les dones que han jugat un paper clau en la hist\u00f2ria dels seus pa\u00efsos i comunitats.<\/p>\n<p>&nbsp;<\/p>\n<p><a href=\"https:\/\/agora.xtec.cat\/ieviver\/wp-content\/uploads\/usu1293\/2021\/03\/Captura-de-pantalla-2021-03-09-a-las-17.45.32.png\"><img loading=\"lazy\" decoding=\"async\" class=\"alignnone size-full wp-image-6172\" src=\"https:\/\/agora.xtec.cat\/ieviver\/wp-content\/uploads\/usu1293\/2021\/03\/Captura-de-pantalla-2021-03-09-a-las-17.45.32.png\" alt=\"\" width=\"1003\" height=\"753\" srcset=\"https:\/\/agora.xtec.cat\/ieviver\/wp-content\/uploads\/usu1293\/2021\/03\/Captura-de-pantalla-2021-03-09-a-las-17.45.32.png 1003w, https:\/\/agora.xtec.cat\/ieviver\/wp-content\/uploads\/usu1293\/2021\/03\/Captura-de-pantalla-2021-03-09-a-las-17.45.32-300x225.png 300w, https:\/\/agora.xtec.cat\/ieviver\/wp-content\/uploads\/usu1293\/2021\/03\/Captura-de-pantalla-2021-03-09-a-las-17.45.32-768x577.png 768w, https:\/\/agora.xtec.cat\/ieviver\/wp-content\/uploads\/usu1293\/2021\/03\/Captura-de-pantalla-2021-03-09-a-las-17.45.32-200x150.png 200w\" sizes=\"auto, (max-width: 1003px) 100vw, 1003px\" \/><\/a><\/p>\n<p><a href=\"https:\/\/agora.xtec.cat\/ieviver\/wp-content\/uploads\/usu1293\/2021\/03\/Captura-de-pantalla-2021-03-09-a-las-17.55.16.png\"><img loading=\"lazy\" decoding=\"async\" class=\"alignnone size-full wp-image-6180\" src=\"https:\/\/agora.xtec.cat\/ieviver\/wp-content\/uploads\/usu1293\/2021\/03\/Captura-de-pantalla-2021-03-09-a-las-17.55.16.png\" alt=\"\" width=\"855\" height=\"642\" srcset=\"https:\/\/agora.xtec.cat\/ieviver\/wp-content\/uploads\/usu1293\/2021\/03\/Captura-de-pantalla-2021-03-09-a-las-17.55.16.png 855w, https:\/\/agora.xtec.cat\/ieviver\/wp-content\/uploads\/usu1293\/2021\/03\/Captura-de-pantalla-2021-03-09-a-las-17.55.16-300x225.png 300w, https:\/\/agora.xtec.cat\/ieviver\/wp-content\/uploads\/usu1293\/2021\/03\/Captura-de-pantalla-2021-03-09-a-las-17.55.16-768x577.png 768w, https:\/\/agora.xtec.cat\/ieviver\/wp-content\/uploads\/usu1293\/2021\/03\/Captura-de-pantalla-2021-03-09-a-las-17.55.16-200x150.png 200w\" sizes=\"auto, (max-width: 855px) 100vw, 855px\" \/><\/a> <a href=\"https:\/\/agora.xtec.cat\/ieviver\/wp-content\/uploads\/usu1293\/2021\/03\/Captura-de-pantalla-2021-03-09-a-las-17.55.37.png\"><img loading=\"lazy\" decoding=\"async\" class=\"alignnone size-large wp-image-6181\" src=\"https:\/\/agora.xtec.cat\/ieviver\/wp-content\/uploads\/usu1293\/2021\/03\/Captura-de-pantalla-2021-03-09-a-las-17.55.37.png\" alt=\"\" width=\"837\" height=\"631\" srcset=\"https:\/\/agora.xtec.cat\/ieviver\/wp-content\/uploads\/usu1293\/2021\/03\/Captura-de-pantalla-2021-03-09-a-las-17.55.37.png 837w, https:\/\/agora.xtec.cat\/ieviver\/wp-content\/uploads\/usu1293\/2021\/03\/Captura-de-pantalla-2021-03-09-a-las-17.55.37-300x226.png 300w, https:\/\/agora.xtec.cat\/ieviver\/wp-content\/uploads\/usu1293\/2021\/03\/Captura-de-pantalla-2021-03-09-a-las-17.55.37-768x579.png 768w, https:\/\/agora.xtec.cat\/ieviver\/wp-content\/uploads\/usu1293\/2021\/03\/Captura-de-pantalla-2021-03-09-a-las-17.55.37-200x150.png 200w\" sizes=\"auto, (max-width: 837px) 100vw, 837px\" \/><\/a><\/p>\n","protected":false},"excerpt":{"rendered":"<p>Avui, dia 8 de mar\u00e7, celebrem a l\u2019escola el dia de la dona treballadora.<br \/>\nHem penjat lla\u00e7os lila com un acte simb\u00f2lic despr\u00e9s de reflexionar sobre els avan\u00e7os aconseguits, demanar m\u00e9s canvis i celebrar la valentia i la determinaci\u00f3 de les dones que han jugat un&hellip;  <a href=\"https:\/\/agora.xtec.cat\/ieviver\/general\/els-i-les-romantiques-dia-de-la-dona-treballadora\/\" title=\"Read Els i les rom\u00e0ntiques. Dia de la dona treballadora\">Llegeix m\u00e9s\u00bb<\/a><\/p>\n","protected":false},"author":1,"featured_media":6172,"comment_status":"open","ping_status":"closed","sticky":false,"template":"","format":"standard","meta":{"_bbp_topic_count":0,"_bbp_reply_count":0,"_bbp_total_topic_count":0,"_bbp_total_reply_count":0,"_bbp_voice_count":0,"_bbp_anonymous_reply_count":0,"_bbp_topic_count_hidden":0,"_bbp_reply_count_hidden":0,"_bbp_forum_subforum_count":0,"footnotes":""},"categories":[15,1,4],"tags":[314],"class_list":["post-6178","post","type-post","status-publish","format-standard","has-post-thumbnail","hentry","category-6e","category-general","category-portada","tag-dia-de-la-dona"],"post_mailing_queue_ids":[],"_links":{"self":[{"href":"https:\/\/agora.xtec.cat\/ieviver\/wp-json\/wp\/v2\/posts\/6178","targetHints":{"allow":["GET"]}}],"collection":[{"href":"https:\/\/agora.xtec.cat\/ieviver\/wp-json\/wp\/v2\/posts"}],"about":[{"href":"https:\/\/agora.xtec.cat\/ieviver\/wp-json\/wp\/v2\/types\/post"}],"author":[{"embeddable":true,"href":"https:\/\/agora.xtec.cat\/ieviver\/wp-json\/wp\/v2\/users\/1"}],"replies":[{"embeddable":true,"href":"https:\/\/agora.xtec.cat\/ieviver\/wp-json\/wp\/v2\/comments?post=6178"}],"version-history":[{"count":2,"href":"https:\/\/agora.xtec.cat\/ieviver\/wp-json\/wp\/v2\/posts\/6178\/revisions"}],"predecessor-version":[{"id":6182,"href":"https:\/\/agora.xtec.cat\/ieviver\/wp-json\/wp\/v2\/posts\/6178\/revisions\/6182"}],"wp:featuredmedia":[{"embeddable":true,"href":"https:\/\/agora.xtec.cat\/ieviver\/wp-json\/wp\/v2\/media\/6172"}],"wp:attachment":[{"href":"https:\/\/agora.xtec.cat\/ieviver\/wp-json\/wp\/v2\/media?parent=6178"}],"wp:term":[{"taxonomy":"category","embeddable":true,"href":"https:\/\/agora.xtec.cat\/ieviver\/wp-json\/wp\/v2\/categories?post=6178"},{"taxonomy":"post_tag","embeddable":true,"href":"https:\/\/agora.xtec.cat\/ieviver\/wp-json\/wp\/v2\/tags?post=6178"}],"curies":[{"name":"wp","href":"https:\/\/api.w.org\/{rel}","templated":true}]}}