{"id":6040,"date":"2021-02-16T19:32:39","date_gmt":"2021-02-16T18:32:39","guid":{"rendered":"https:\/\/agora.xtec.cat\/ieviver\/?p=6040"},"modified":"2021-02-16T19:33:53","modified_gmt":"2021-02-16T18:33:53","slug":"la-setmana-cultural-i-el-carnestoltes-dels-winners","status":"publish","type":"post","link":"https:\/\/agora.xtec.cat\/ieviver\/portada\/la-setmana-cultural-i-el-carnestoltes-dels-winners\/","title":{"rendered":"La Setmana Cultural i el Carnestoltes dels Winners"},"content":{"rendered":"<p>Durant la Setmana Cultural vam realitzar un recorregut per les diferents etapes de la hist\u00f2ria, fent diferents tallers de cadascuna de les \u00e8poques: vam realitzar pintures \ud83d\udd8c rupestres amb pigments naturals com els prehist\u00f2rics, vam realitzar uns escuts medievals\ud83d\udee1, vam desxifrar un missatge egipci, vam fer el quadre \ud83d\uddbc de la Mona Lisa amb carbonet, entre d&#8217;altres tallers molt divertits. A m\u00e9s a m\u00e9s d&#8217;aix\u00f2 vam complir amb les consignes del consell del bull i del rei \ud83d\udc51 carnestoltes.<\/p>\n<p>Si voleu veure les imatges de la setmana cultural heu de clicar sobre el muntatge de fotos \ud83d\udcf7 seg\u00fcent:<\/p>\n<p><a href=\"https:\/\/photos.app.goo.gl\/gm9zV2fQSVHZ5jC29\"><img loading=\"lazy\" decoding=\"async\" class=\"aligncenter wp-image-6043 size-full\" src=\"https:\/\/agora.xtec.cat\/ieviver\/wp-content\/uploads\/usu1293\/2021\/02\/2.png\" alt=\"\" width=\"828\" height=\"315\" srcset=\"https:\/\/agora.xtec.cat\/ieviver\/wp-content\/uploads\/usu1293\/2021\/02\/2.png 828w, https:\/\/agora.xtec.cat\/ieviver\/wp-content\/uploads\/usu1293\/2021\/02\/2-300x114.png 300w, https:\/\/agora.xtec.cat\/ieviver\/wp-content\/uploads\/usu1293\/2021\/02\/2-768x292.png 768w\" sizes=\"auto, (max-width: 828px) 100vw, 828px\" \/><\/a><\/p>\n<p>&nbsp;<\/p>\n<p>Per\u00f2 la setmana cultural no acaba aqu\u00ed, encara us queden per veure les fotografies de la tarda de carnaval\ud83c\udfad. Durant la setmana vam estar dissenyant la nostra disfressa d&#8217;egipcis i aix\u00ed de preciosos vam quedar. Aquest any va ser una celebraci\u00f3 diferent, per\u00f2 en el nostre grup bombolla vam poder gaudir d&#8217;aquesta festa que tant ens agrada.<\/p>\n<p>Cliqueu sobre el seg\u00fcent muntatge d&#8217;imatges \ud83d\udcf8 per veure-les:<\/p>\n<p><a href=\"https:\/\/photos.app.goo.gl\/d1MWaYNKki57gGBm7\"><img loading=\"lazy\" decoding=\"async\" class=\"aligncenter wp-image-6042 size-full\" src=\"https:\/\/agora.xtec.cat\/ieviver\/wp-content\/uploads\/usu1293\/2021\/02\/1.png\" alt=\"\" width=\"828\" height=\"315\" srcset=\"https:\/\/agora.xtec.cat\/ieviver\/wp-content\/uploads\/usu1293\/2021\/02\/1.png 828w, https:\/\/agora.xtec.cat\/ieviver\/wp-content\/uploads\/usu1293\/2021\/02\/1-300x114.png 300w, https:\/\/agora.xtec.cat\/ieviver\/wp-content\/uploads\/usu1293\/2021\/02\/1-768x292.png 768w\" sizes=\"auto, (max-width: 828px) 100vw, 828px\" \/><\/a><\/p>\n<p>&nbsp;<\/p>\n","protected":false},"excerpt":{"rendered":"<p>Us expliquem com ha sigut la Setmana Cultural dels Winners i la tarda de Carnaval.&hellip;  <a href=\"https:\/\/agora.xtec.cat\/ieviver\/portada\/la-setmana-cultural-i-el-carnestoltes-dels-winners\/\" title=\"Read La Setmana Cultural i el Carnestoltes dels Winners\">Llegeix m\u00e9s\u00bb<\/a><\/p>\n","protected":false},"author":10,"featured_media":6047,"comment_status":"open","ping_status":"closed","sticky":false,"template":"","format":"standard","meta":{"_bbp_topic_count":0,"_bbp_reply_count":0,"_bbp_total_topic_count":0,"_bbp_total_reply_count":0,"_bbp_voice_count":0,"_bbp_anonymous_reply_count":0,"_bbp_topic_count_hidden":0,"_bbp_reply_count_hidden":0,"_bbp_forum_subforum_count":0,"footnotes":""},"categories":[12,84,62,4,5,78],"tags":[186,252,261,233,260],"class_list":["post-6040","post","type-post","status-publish","format-standard","has-post-thumbnail","hentry","category-3r","category-carnestoltes","category-curs-actual","category-portada","category-primaria","category-setmana-cultural","tag-carnestoltes","tag-curs2020-21","tag-ieviver","tag-setmanacultural","tag-winners"],"post_mailing_queue_ids":[],"_links":{"self":[{"href":"https:\/\/agora.xtec.cat\/ieviver\/wp-json\/wp\/v2\/posts\/6040","targetHints":{"allow":["GET"]}}],"collection":[{"href":"https:\/\/agora.xtec.cat\/ieviver\/wp-json\/wp\/v2\/posts"}],"about":[{"href":"https:\/\/agora.xtec.cat\/ieviver\/wp-json\/wp\/v2\/types\/post"}],"author":[{"embeddable":true,"href":"https:\/\/agora.xtec.cat\/ieviver\/wp-json\/wp\/v2\/users\/10"}],"replies":[{"embeddable":true,"href":"https:\/\/agora.xtec.cat\/ieviver\/wp-json\/wp\/v2\/comments?post=6040"}],"version-history":[{"count":2,"href":"https:\/\/agora.xtec.cat\/ieviver\/wp-json\/wp\/v2\/posts\/6040\/revisions"}],"predecessor-version":[{"id":6049,"href":"https:\/\/agora.xtec.cat\/ieviver\/wp-json\/wp\/v2\/posts\/6040\/revisions\/6049"}],"wp:featuredmedia":[{"embeddable":true,"href":"https:\/\/agora.xtec.cat\/ieviver\/wp-json\/wp\/v2\/media\/6047"}],"wp:attachment":[{"href":"https:\/\/agora.xtec.cat\/ieviver\/wp-json\/wp\/v2\/media?parent=6040"}],"wp:term":[{"taxonomy":"category","embeddable":true,"href":"https:\/\/agora.xtec.cat\/ieviver\/wp-json\/wp\/v2\/categories?post=6040"},{"taxonomy":"post_tag","embeddable":true,"href":"https:\/\/agora.xtec.cat\/ieviver\/wp-json\/wp\/v2\/tags?post=6040"}],"curies":[{"name":"wp","href":"https:\/\/api.w.org\/{rel}","templated":true}]}}