{"id":5754,"date":"2020-12-13T19:54:49","date_gmt":"2020-12-13T18:54:49","guid":{"rendered":"https:\/\/agora.xtec.cat\/ieviver\/?p=5754"},"modified":"2020-12-13T19:54:49","modified_gmt":"2020-12-13T18:54:49","slug":"la-carta-als-reis-dels-instagramers","status":"publish","type":"post","link":"https:\/\/agora.xtec.cat\/ieviver\/portada\/la-carta-als-reis-dels-instagramers\/","title":{"rendered":"LA CARTA ALS REIS DELS INSTAGRAMERS"},"content":{"rendered":"<p>Ja arriba Nadal!!! I ens encanta aquesta \u00e8poca de l&#8217;any. Ja sabem que aquest any, amb el tema del Covid, est\u00e0 la cosa m\u00e9s complicada per tothom. Per\u00f2 els Reis Mags s\u00f3n m\u00e0gics, i segur que ens podran portar alguna de les cosetes que hem demanat per la classe. Perqu\u00e8 els Instagramers, ens portem d&#8217;all\u00f2 m\u00e9s b\u00e9!!! \ud83d\ude07\ud83d\ude1c<\/p>\n<p style=\"text-align: center\"><a href=\"https:\/\/agora.xtec.cat\/ieviver\/wp-content\/uploads\/usu1293\/2020\/12\/IMG_20201202_104847.jpg\"><img loading=\"lazy\" decoding=\"async\" class=\"alignnone size-large wp-image-5755\" src=\"https:\/\/agora.xtec.cat\/ieviver\/wp-content\/uploads\/usu1293\/2020\/12\/IMG_20201202_104847-733x1024.jpg\" alt=\"\" width=\"733\" height=\"1024\" srcset=\"https:\/\/agora.xtec.cat\/ieviver\/wp-content\/uploads\/usu1293\/2020\/12\/IMG_20201202_104847-733x1024.jpg 733w, https:\/\/agora.xtec.cat\/ieviver\/wp-content\/uploads\/usu1293\/2020\/12\/IMG_20201202_104847-215x300.jpg 215w, https:\/\/agora.xtec.cat\/ieviver\/wp-content\/uploads\/usu1293\/2020\/12\/IMG_20201202_104847-768x1073.jpg 768w\" sizes=\"auto, (max-width: 733px) 100vw, 733px\" \/><\/a><\/p>\n","protected":false},"excerpt":{"rendered":"<p>Ja arriba Nadal!!! I ens encanta aquesta \u00e8poca de l&#8217;any. Ja sabem que aquest any, amb el tema del Covid, est\u00e0 la cosa m\u00e9s complicada per tothom. Per\u00f2 els Reis Mags s\u00f3n m\u00e0gics, i segur que ens podran portar alguna de les cosetes que hem&hellip;  <a href=\"https:\/\/agora.xtec.cat\/ieviver\/portada\/la-carta-als-reis-dels-instagramers\/\" title=\"Read LA CARTA ALS REIS DELS INSTAGRAMERS\">Llegeix m\u00e9s\u00bb<\/a><\/p>\n","protected":false},"author":17,"featured_media":5755,"comment_status":"open","ping_status":"closed","sticky":false,"template":"","format":"standard","meta":{"_bbp_topic_count":0,"_bbp_reply_count":0,"_bbp_total_topic_count":0,"_bbp_total_reply_count":0,"_bbp_voice_count":0,"_bbp_anonymous_reply_count":0,"_bbp_topic_count_hidden":0,"_bbp_reply_count_hidden":0,"_bbp_forum_subforum_count":0,"footnotes":""},"categories":[11,62,64,4,5],"tags":[188,252,175,265,170,220,274],"class_list":["post-5754","post","type-post","status-publish","format-standard","has-post-thumbnail","hentry","category-2n","category-curs-actual","category-el-viver-per-escrit","category-portada","category-primaria","tag-ciclemitjans","tag-curs2020-21","tag-el-viver-per-escrit","tag-instagramers","tag-institut-escola-el-viver","tag-nadal","tag-segon"],"post_mailing_queue_ids":[],"_links":{"self":[{"href":"https:\/\/agora.xtec.cat\/ieviver\/wp-json\/wp\/v2\/posts\/5754","targetHints":{"allow":["GET"]}}],"collection":[{"href":"https:\/\/agora.xtec.cat\/ieviver\/wp-json\/wp\/v2\/posts"}],"about":[{"href":"https:\/\/agora.xtec.cat\/ieviver\/wp-json\/wp\/v2\/types\/post"}],"author":[{"embeddable":true,"href":"https:\/\/agora.xtec.cat\/ieviver\/wp-json\/wp\/v2\/users\/17"}],"replies":[{"embeddable":true,"href":"https:\/\/agora.xtec.cat\/ieviver\/wp-json\/wp\/v2\/comments?post=5754"}],"version-history":[{"count":1,"href":"https:\/\/agora.xtec.cat\/ieviver\/wp-json\/wp\/v2\/posts\/5754\/revisions"}],"predecessor-version":[{"id":5756,"href":"https:\/\/agora.xtec.cat\/ieviver\/wp-json\/wp\/v2\/posts\/5754\/revisions\/5756"}],"wp:featuredmedia":[{"embeddable":true,"href":"https:\/\/agora.xtec.cat\/ieviver\/wp-json\/wp\/v2\/media\/5755"}],"wp:attachment":[{"href":"https:\/\/agora.xtec.cat\/ieviver\/wp-json\/wp\/v2\/media?parent=5754"}],"wp:term":[{"taxonomy":"category","embeddable":true,"href":"https:\/\/agora.xtec.cat\/ieviver\/wp-json\/wp\/v2\/categories?post=5754"},{"taxonomy":"post_tag","embeddable":true,"href":"https:\/\/agora.xtec.cat\/ieviver\/wp-json\/wp\/v2\/tags?post=5754"}],"curies":[{"name":"wp","href":"https:\/\/api.w.org\/{rel}","templated":true}]}}