{"id":5682,"date":"2020-11-21T08:36:29","date_gmt":"2020-11-21T07:36:29","guid":{"rendered":"https:\/\/agora.xtec.cat\/ieviver\/?p=5682"},"modified":"2020-11-21T08:37:18","modified_gmt":"2020-11-21T07:37:18","slug":"viver-per-escrit-els-famosos-escrivim-un-conte","status":"publish","type":"post","link":"https:\/\/agora.xtec.cat\/ieviver\/general\/viver-per-escrit-els-famosos-escrivim-un-conte\/","title":{"rendered":"El Viver per escrit : Els Famosos escrivim un conte."},"content":{"rendered":"<p>Aquest curs , realitzem setmanalment una feina a casa relacionada amb l\u2019expressi\u00f3 escrita per tal de refor\u00e7ar all\u00f2 que fem a l\u2019aula. A la primera activitat hem fet un conte amb un \u00f3s de protagonista.<\/p>\n<p>Llegiu, llegiu&#8230;mireu quin conte m\u00e9s divertit.<\/p>\n<p><a href=\"https:\/\/agora.xtec.cat\/ieviver\/wp-content\/uploads\/usu1293\/2020\/11\/44F86A09-8142-400C-970C-003DC97CA3F6.jpeg\"><img loading=\"lazy\" decoding=\"async\" class=\"alignnone size-full wp-image-5683\" src=\"https:\/\/agora.xtec.cat\/ieviver\/wp-content\/uploads\/usu1293\/2020\/11\/44F86A09-8142-400C-970C-003DC97CA3F6.jpeg\" alt=\"\" width=\"827\" height=\"755\" srcset=\"https:\/\/agora.xtec.cat\/ieviver\/wp-content\/uploads\/usu1293\/2020\/11\/44F86A09-8142-400C-970C-003DC97CA3F6.jpeg 827w, https:\/\/agora.xtec.cat\/ieviver\/wp-content\/uploads\/usu1293\/2020\/11\/44F86A09-8142-400C-970C-003DC97CA3F6-300x274.jpeg 300w, https:\/\/agora.xtec.cat\/ieviver\/wp-content\/uploads\/usu1293\/2020\/11\/44F86A09-8142-400C-970C-003DC97CA3F6-768x701.jpeg 768w\" sizes=\"auto, (max-width: 827px) 100vw, 827px\" \/><\/a><\/p>\n","protected":false},"excerpt":{"rendered":"<p>Aquest curs , realitzem setmanalment una feina a casa relacionada amb l\u2019expressi\u00f3 escrita per tal de refor\u00e7ar all\u00f2 que fem a l\u2019aula. A la primera activitat hem fet un conte amb un \u00f3s de protagonista.<br \/>\nLlegiu, llegiu&#8230;mireu quin conte m\u00e9s divertit.<br \/>\n<a href=\"https:\/\/agora.xtec.cat\/ieviver\/wp-content\/uploads\/usu1293\/2020\/11\/44F86A09-8142-400C-970C-003DC97CA3F6.jpeg\"><\/a><\/p>\n","protected":false},"author":1,"featured_media":5683,"comment_status":"open","ping_status":"closed","sticky":false,"template":"","format":"standard","meta":{"_bbp_topic_count":0,"_bbp_reply_count":0,"_bbp_total_topic_count":0,"_bbp_total_reply_count":0,"_bbp_voice_count":0,"_bbp_anonymous_reply_count":0,"_bbp_topic_count_hidden":0,"_bbp_reply_count_hidden":0,"_bbp_forum_subforum_count":0,"footnotes":""},"categories":[13,14,62,64,1,4,5],"tags":[251,252],"class_list":["post-5682","post","type-post","status-publish","format-standard","has-post-thumbnail","hentry","category-4t","category-5e","category-curs-actual","category-el-viver-per-escrit","category-general","category-portada","category-primaria","tag-ciclegrans","tag-curs2020-21"],"post_mailing_queue_ids":[],"_links":{"self":[{"href":"https:\/\/agora.xtec.cat\/ieviver\/wp-json\/wp\/v2\/posts\/5682","targetHints":{"allow":["GET"]}}],"collection":[{"href":"https:\/\/agora.xtec.cat\/ieviver\/wp-json\/wp\/v2\/posts"}],"about":[{"href":"https:\/\/agora.xtec.cat\/ieviver\/wp-json\/wp\/v2\/types\/post"}],"author":[{"embeddable":true,"href":"https:\/\/agora.xtec.cat\/ieviver\/wp-json\/wp\/v2\/users\/1"}],"replies":[{"embeddable":true,"href":"https:\/\/agora.xtec.cat\/ieviver\/wp-json\/wp\/v2\/comments?post=5682"}],"version-history":[{"count":2,"href":"https:\/\/agora.xtec.cat\/ieviver\/wp-json\/wp\/v2\/posts\/5682\/revisions"}],"predecessor-version":[{"id":5685,"href":"https:\/\/agora.xtec.cat\/ieviver\/wp-json\/wp\/v2\/posts\/5682\/revisions\/5685"}],"wp:featuredmedia":[{"embeddable":true,"href":"https:\/\/agora.xtec.cat\/ieviver\/wp-json\/wp\/v2\/media\/5683"}],"wp:attachment":[{"href":"https:\/\/agora.xtec.cat\/ieviver\/wp-json\/wp\/v2\/media?parent=5682"}],"wp:term":[{"taxonomy":"category","embeddable":true,"href":"https:\/\/agora.xtec.cat\/ieviver\/wp-json\/wp\/v2\/categories?post=5682"},{"taxonomy":"post_tag","embeddable":true,"href":"https:\/\/agora.xtec.cat\/ieviver\/wp-json\/wp\/v2\/tags?post=5682"}],"curies":[{"name":"wp","href":"https:\/\/api.w.org\/{rel}","templated":true}]}}