{"id":4691,"date":"2019-11-18T08:37:29","date_gmt":"2019-11-18T07:37:29","guid":{"rendered":"https:\/\/agora.xtec.cat\/ieviver\/?p=4691"},"modified":"2019-11-18T08:37:29","modified_gmt":"2019-11-18T07:37:29","slug":"la-sang-classe-de-la-magia-4t-a","status":"publish","type":"post","link":"https:\/\/agora.xtec.cat\/ieviver\/portada\/la-sang-classe-de-la-magia-4t-a\/","title":{"rendered":"La sang. Classe de la m\u00e0gia (4t A)"},"content":{"rendered":"<p>Al passad\u00eds dels Grans hem exposat les fotografies de les nostres maquetes de la sang i una petita explicaci\u00f3 perqu\u00e8 tothom s\u00e0piga qu\u00e8 hem fet. En aquesta p\u00e0gina web hi ha tamb\u00e9 una entrada on vam penjar el v\u00eddeo on expliquem com les hem fet. Podeu veure-les clicant aqu\u00ed\u00a0<a href=\"https:\/\/agora.xtec.cat\/ieviver\/portada\/la-sang-maquetes-de-la-classe-de-la-magia-4t-a\/\" target=\"_blank\" rel=\"noopener noreferrer\">https:\/\/agora.xtec.cat\/ieviver\/portada\/la-sang-maquetes-de-la-classe-de-la-magia-4t-a\/<\/a><\/p>\n<p><a href=\"https:\/\/agora.xtec.cat\/ieviver\/wp-content\/uploads\/usu1293\/2019\/11\/Imagen1.png\"><img loading=\"lazy\" decoding=\"async\" class=\"alignnone size-full wp-image-4692\" src=\"https:\/\/agora.xtec.cat\/ieviver\/wp-content\/uploads\/usu1293\/2019\/11\/Imagen1.png\" alt=\"\" width=\"920\" height=\"921\" srcset=\"https:\/\/agora.xtec.cat\/ieviver\/wp-content\/uploads\/usu1293\/2019\/11\/Imagen1.png 920w, https:\/\/agora.xtec.cat\/ieviver\/wp-content\/uploads\/usu1293\/2019\/11\/Imagen1-150x150.png 150w, https:\/\/agora.xtec.cat\/ieviver\/wp-content\/uploads\/usu1293\/2019\/11\/Imagen1-300x300.png 300w, https:\/\/agora.xtec.cat\/ieviver\/wp-content\/uploads\/usu1293\/2019\/11\/Imagen1-768x769.png 768w\" sizes=\"auto, (max-width: 920px) 100vw, 920px\" \/><\/a><\/p>\n","protected":false},"excerpt":{"rendered":"<p>Al passad\u00eds dels Grans hem exposat les fotografies de les nostres maquetes de la sang i una petita explicaci\u00f3 perqu\u00e8 tothom s\u00e0piga qu\u00e8 hem fet. En aquesta p\u00e0gina web hi ha tamb\u00e9 una entrada on vam penjar el v\u00eddeo on expliquem com les hem fet.&hellip;  <a href=\"https:\/\/agora.xtec.cat\/ieviver\/portada\/la-sang-classe-de-la-magia-4t-a\/\" title=\"Read La sang. Classe de la m\u00e0gia (4t A)\">Llegeix m\u00e9s\u00bb<\/a><\/p>\n","protected":false},"author":52,"featured_media":4692,"comment_status":"open","ping_status":"closed","sticky":false,"template":"","format":"standard","meta":{"_bbp_topic_count":0,"_bbp_reply_count":0,"_bbp_total_topic_count":0,"_bbp_total_reply_count":0,"_bbp_voice_count":0,"_bbp_anonymous_reply_count":0,"_bbp_topic_count_hidden":0,"_bbp_reply_count_hidden":0,"_bbp_forum_subforum_count":0,"footnotes":""},"categories":[13,62,64,4],"tags":[],"class_list":["post-4691","post","type-post","status-publish","format-standard","has-post-thumbnail","hentry","category-4t","category-curs-actual","category-el-viver-per-escrit","category-portada"],"post_mailing_queue_ids":[],"_links":{"self":[{"href":"https:\/\/agora.xtec.cat\/ieviver\/wp-json\/wp\/v2\/posts\/4691","targetHints":{"allow":["GET"]}}],"collection":[{"href":"https:\/\/agora.xtec.cat\/ieviver\/wp-json\/wp\/v2\/posts"}],"about":[{"href":"https:\/\/agora.xtec.cat\/ieviver\/wp-json\/wp\/v2\/types\/post"}],"author":[{"embeddable":true,"href":"https:\/\/agora.xtec.cat\/ieviver\/wp-json\/wp\/v2\/users\/52"}],"replies":[{"embeddable":true,"href":"https:\/\/agora.xtec.cat\/ieviver\/wp-json\/wp\/v2\/comments?post=4691"}],"version-history":[{"count":1,"href":"https:\/\/agora.xtec.cat\/ieviver\/wp-json\/wp\/v2\/posts\/4691\/revisions"}],"predecessor-version":[{"id":4693,"href":"https:\/\/agora.xtec.cat\/ieviver\/wp-json\/wp\/v2\/posts\/4691\/revisions\/4693"}],"wp:featuredmedia":[{"embeddable":true,"href":"https:\/\/agora.xtec.cat\/ieviver\/wp-json\/wp\/v2\/media\/4692"}],"wp:attachment":[{"href":"https:\/\/agora.xtec.cat\/ieviver\/wp-json\/wp\/v2\/media?parent=4691"}],"wp:term":[{"taxonomy":"category","embeddable":true,"href":"https:\/\/agora.xtec.cat\/ieviver\/wp-json\/wp\/v2\/categories?post=4691"},{"taxonomy":"post_tag","embeddable":true,"href":"https:\/\/agora.xtec.cat\/ieviver\/wp-json\/wp\/v2\/tags?post=4691"}],"curies":[{"name":"wp","href":"https:\/\/api.w.org\/{rel}","templated":true}]}}