{"id":10826,"date":"2025-09-29T10:00:59","date_gmt":"2025-09-29T08:00:59","guid":{"rendered":"https:\/\/agora.xtec.cat\/ieviver\/?p=10826"},"modified":"2026-03-23T12:05:00","modified_gmt":"2026-03-23T11:05:00","slug":"%f0%9f%a5%9b%f0%9f%8d%8e-fruita-i-llet-a-les-escoles%f0%9f%8d%8e%f0%9f%a5%9b","status":"publish","type":"post","link":"https:\/\/agora.xtec.cat\/ieviver\/infantil\/%f0%9f%a5%9b%f0%9f%8d%8e-fruita-i-llet-a-les-escoles%f0%9f%8d%8e%f0%9f%a5%9b\/","title":{"rendered":"\ud83e\udd5b\ud83c\udf4e FRUITA I LLET A LES ESCOLES\ud83c\udf4e\ud83e\udd5b"},"content":{"rendered":"<p>Benvolgudes fam\u00edlies,<\/p>\n<p>La nostra escola participa en el <a href=\"https:\/\/agricultura.gencat.cat\/ca\/ambits\/alimentacio\/promocio-agroalimentaria\/fruita-llet-escoles\/\">Programa de consum de fruita, hortalisses i llet a les escoles<\/a>, una iniciativa promoguda per la Uni\u00f3 Europea i impulsada pels departaments d\u2019Agricultura, Salut i Educaci\u00f3 de la Generalitat de Catalunya.<\/p>\n<p>L\u2019objectiu principal del programa \u00e9s fomentar h\u00e0bits alimentaris saludables des de la inf\u00e0ncia, promovent el consum de fruita fresca i productes lactis dins l\u2019entorn escolar.<\/p>\n<p data-section-id=\"tgkdzm\" data-start=\"676\" data-end=\"719\">\ud83e\uddd2 <strong>Qui hi participa a la nostra escola?<\/strong><\/p>\n<ul data-start=\"721\" data-end=\"809\">\n<li data-section-id=\"tzsbeh\" data-start=\"721\" data-end=\"769\">Educaci\u00f3 infantil: reben fruita i llet<\/li>\n<li data-section-id=\"10akb3i\" data-start=\"770\" data-end=\"809\">Educaci\u00f3 prim\u00e0ria: reben fruita<\/li>\n<\/ul>\n<p><span style=\"font-family: inherit; font-size: 1em;\">\ud83d\udcc5 <\/span><strong>Calendari d\u2019inici:<\/strong><\/p>\n<ul data-start=\"1081\" data-end=\"1200\">\n<li data-section-id=\"6a5hb4\" data-start=\"1081\" data-end=\"1145\">La fruita comen\u00e7ar\u00e0 a arribar a partir del mes d\u2019octubre<\/li>\n<li data-section-id=\"11cxdb2\" data-start=\"1146\" data-end=\"1200\">La llet es distribuir\u00e0 durant el mes de novembre<\/li>\n<\/ul>\n<p data-section-id=\"1tr2tqo\" data-start=\"816\" data-end=\"846\">\ud83c\udf4e\ud83e\udd5b <strong>Qu\u00e8 es fa a l\u2019escola?<\/strong><\/p>\n<ul data-start=\"848\" data-end=\"1241\">\n<li data-section-id=\"knmjbq\" data-start=\"848\" data-end=\"981\">Es reparteixen productes gratu\u00efts (fruita fresca i\/o llet) durant l\u2019esmorzar, i en cas que algun infant no ho vulgui, s&#8217;ho emportar\u00e0 per berenar a casa.<\/li>\n<li data-section-id=\"171bvso\" data-start=\"982\" data-end=\"1133\">En el cas de la fruita, es distribueix una setmana al mes, segons la temporada i proximitat del producte.<\/li>\n<li data-section-id=\"wko458\" data-start=\"1134\" data-end=\"1241\">Tamb\u00e9 es poden fer activitats educatives, tallers o visites relacionades amb l\u2019alimentaci\u00f3 saludable.<\/li>\n<\/ul>\n<p data-section-id=\"103knpf\" data-start=\"1248\" data-end=\"1276\">\ud83c\udf31 <strong>Per qu\u00e8 \u00e9s important?<\/strong><\/p>\n<p>Aquest programa ajuda a:<\/p>\n<ul data-start=\"1304\" data-end=\"1624\">\n<li data-section-id=\"19xl5fi\" data-start=\"1304\" data-end=\"1355\">Adquirir h\u00e0bits saludables des de petits\/es.<\/li>\n<li data-section-id=\"lu27r4\" data-start=\"1356\" data-end=\"1431\">Con\u00e8ixer la import\u00e0ncia de la fruita i la llet en una dieta equilibrada.<\/li>\n<li data-section-id=\"1pqtxsg\" data-start=\"1432\" data-end=\"1555\">Reduir el consum d\u2019aliments menys saludables (brioixeria, llaminadures, etc.).<\/li>\n<li data-section-id=\"4sbgra\" data-start=\"1556\" data-end=\"1624\">Implicar tota la comunitat educativa (infants, mestres i fam\u00edlies).<\/li>\n<\/ul>\n<p>La llet, per exemple, \u00e9s una bona font de calci, prote\u00efnes i vitamines, essencials per al creixement.<\/p>\n<hr data-start=\"1772\" data-end=\"1775\" \/>\n<p data-section-id=\"asoqyd\" data-start=\"1777\" data-end=\"1808\">\ud83e\udd1d <strong>El paper de les fam\u00edlies<\/strong><\/p>\n<p>Per refor\u00e7ar aquests h\u00e0bits, \u00e9s important que des de casa tamb\u00e9:<\/p>\n<ul data-start=\"1876\" data-end=\"2048\">\n<li data-section-id=\"pitctd\" data-start=\"1876\" data-end=\"1922\">Es promogui el consum de fruita di\u00e0ria.<\/li>\n<li data-section-id=\"10ooui2\" data-start=\"1923\" data-end=\"1977\">Es prioritzi una alimentaci\u00f3 variada i equilibrada.<\/li>\n<li data-section-id=\"na8lct\" data-start=\"1978\" data-end=\"2048\">Es valori positivament la participaci\u00f3 dels infants en el programa.<\/li>\n<\/ul>\n<p><a href=\"https:\/\/agora.xtec.cat\/ieviver\/wp-content\/uploads\/usu1293\/2026\/03\/fruita.png\"><img loading=\"lazy\" decoding=\"async\" class=\"size-full wp-image-10827 alignleft\" src=\"https:\/\/agora.xtec.cat\/ieviver\/wp-content\/uploads\/usu1293\/2026\/03\/fruita.png\" alt=\"\" width=\"430\" height=\"616\" srcset=\"https:\/\/agora.xtec.cat\/ieviver\/wp-content\/uploads\/usu1293\/2026\/03\/fruita.png 430w, https:\/\/agora.xtec.cat\/ieviver\/wp-content\/uploads\/usu1293\/2026\/03\/fruita-209x300.png 209w\" sizes=\"auto, (max-width: 430px) 100vw, 430px\" \/><\/a> <a href=\"https:\/\/agora.xtec.cat\/ieviver\/wp-content\/uploads\/usu1293\/2026\/03\/llet.png\"><img loading=\"lazy\" decoding=\"async\" class=\"size-large wp-image-10828 alignleft\" src=\"https:\/\/agora.xtec.cat\/ieviver\/wp-content\/uploads\/usu1293\/2026\/03\/llet.png\" alt=\"\" width=\"449\" height=\"660\" srcset=\"https:\/\/agora.xtec.cat\/ieviver\/wp-content\/uploads\/usu1293\/2026\/03\/llet.png 449w, https:\/\/agora.xtec.cat\/ieviver\/wp-content\/uploads\/usu1293\/2026\/03\/llet-204x300.png 204w\" sizes=\"auto, (max-width: 449px) 100vw, 449px\" \/><\/a><\/p>\n","protected":false},"excerpt":{"rendered":"<p>Benvolgudes fam\u00edlies,<br \/>\nLa nostra escola participa en el <a href=\"https:\/\/agricultura.gencat.cat\/ca\/ambits\/alimentacio\/promocio-agroalimentaria\/fruita-llet-escoles\/\">Programa de consum de fruita, hortalisses i llet a les escoles<\/a>, una iniciativa promoguda per la Uni\u00f3 Europea i impulsada pels departaments d\u2019Agricultura, Salut i Educaci\u00f3 de la Generalitat de Catalunya.<br \/>\nL\u2019objectiu principal del programa \u00e9s fomentar h\u00e0bits&hellip;  <a href=\"https:\/\/agora.xtec.cat\/ieviver\/infantil\/%f0%9f%a5%9b%f0%9f%8d%8e-fruita-i-llet-a-les-escoles%f0%9f%8d%8e%f0%9f%a5%9b\/\" title=\"Read \ud83e\udd5b\ud83c\udf4e FRUITA I LLET A LES ESCOLES\ud83c\udf4e\ud83e\udd5b\">Llegeix m\u00e9s\u00bb<\/a><\/p>\n","protected":false},"author":3,"featured_media":10827,"comment_status":"open","ping_status":"open","sticky":false,"template":"","format":"standard","meta":{"_bbp_topic_count":0,"_bbp_reply_count":0,"_bbp_total_topic_count":0,"_bbp_total_reply_count":0,"_bbp_voice_count":0,"_bbp_anonymous_reply_count":0,"_bbp_topic_count_hidden":0,"_bbp_reply_count_hidden":0,"_bbp_forum_subforum_count":0,"footnotes":""},"categories":[10,11,12,13,14,15,82,62,2,3,8,9,4,5],"tags":[298,269,775,773,362,145,777,97,774,776],"class_list":["post-10826","post","type-post","status-publish","format-standard","has-post-thumbnail","hentry","category-1r","category-2n","category-3r","category-4t","category-5e","category-6e","category-atencio-a-les-families","category-curs-actual","category-infantil","category-p3","category-p4","category-p5","category-portada","category-primaria","tag-comunitat-mitjans","tag-comunitat-petits","tag-departamentdagricultura","tag-fruitaillet","tag-grans","tag-infantil","tag-pesca-i-alimentacio","tag-primaria","tag-programafruitaillet","tag-ramaderia"],"post_mailing_queue_ids":[],"_links":{"self":[{"href":"https:\/\/agora.xtec.cat\/ieviver\/wp-json\/wp\/v2\/posts\/10826","targetHints":{"allow":["GET"]}}],"collection":[{"href":"https:\/\/agora.xtec.cat\/ieviver\/wp-json\/wp\/v2\/posts"}],"about":[{"href":"https:\/\/agora.xtec.cat\/ieviver\/wp-json\/wp\/v2\/types\/post"}],"author":[{"embeddable":true,"href":"https:\/\/agora.xtec.cat\/ieviver\/wp-json\/wp\/v2\/users\/3"}],"replies":[{"embeddable":true,"href":"https:\/\/agora.xtec.cat\/ieviver\/wp-json\/wp\/v2\/comments?post=10826"}],"version-history":[{"count":1,"href":"https:\/\/agora.xtec.cat\/ieviver\/wp-json\/wp\/v2\/posts\/10826\/revisions"}],"predecessor-version":[{"id":10829,"href":"https:\/\/agora.xtec.cat\/ieviver\/wp-json\/wp\/v2\/posts\/10826\/revisions\/10829"}],"wp:featuredmedia":[{"embeddable":true,"href":"https:\/\/agora.xtec.cat\/ieviver\/wp-json\/wp\/v2\/media\/10827"}],"wp:attachment":[{"href":"https:\/\/agora.xtec.cat\/ieviver\/wp-json\/wp\/v2\/media?parent=10826"}],"wp:term":[{"taxonomy":"category","embeddable":true,"href":"https:\/\/agora.xtec.cat\/ieviver\/wp-json\/wp\/v2\/categories?post=10826"},{"taxonomy":"post_tag","embeddable":true,"href":"https:\/\/agora.xtec.cat\/ieviver\/wp-json\/wp\/v2\/tags?post=10826"}],"curies":[{"name":"wp","href":"https:\/\/api.w.org\/{rel}","templated":true}]}}