{"id":10238,"date":"2024-11-27T09:50:44","date_gmt":"2024-11-27T08:50:44","guid":{"rendered":"https:\/\/agora.xtec.cat\/ieviver\/?p=10238"},"modified":"2024-11-27T09:50:55","modified_gmt":"2024-11-27T08:50:55","slug":"teatre-families-i-dia-de-la-infancia","status":"publish","type":"post","link":"https:\/\/agora.xtec.cat\/ieviver\/infantil\/teatre-families-i-dia-de-la-infancia\/","title":{"rendered":"Teatre fam\u00edlies"},"content":{"rendered":"<p>Estimades fam\u00edlies,<\/p>\n<p>el passat divendres les fam\u00edlies de la Comunitat de Petits i Mitjans ens vau sorprendre amb aquesta representaci\u00f3 teatral i musical de diferents pel\u00b7l\u00edcules Disney, aprofitant la tem\u00e0tica d&#8217;aquest curs per la Setmana Cultural del &#8220;cinema&#8221;.<\/p>\n<p>Podeu clicar <a href=\"https:\/\/photos.app.goo.gl\/X2G524Ug28GN3n1E6\">AQU\u00cd<\/a> per gaudir de la representaci\u00f3 teatral de les nostres fam\u00edlies i tamb\u00e9 de la sorpresa en format can\u00e7\u00f3 &#8220;Un regal&#8221; que van fer els nostres infants a les seves fam\u00edlies, aprofitant per commemorar el Dia de Santa Cec\u00edlia, patrona de la m\u00fasica.<\/p>\n<p>&nbsp;<\/p>\n<p><a href=\"https:\/\/photos.app.goo.gl\/X2G524Ug28GN3n1E6\"><img loading=\"lazy\" decoding=\"async\" class=\"aligncenter wp-image-10239 size-medium\" src=\"https:\/\/agora.xtec.cat\/ieviver\/wp-content\/uploads\/usu1293\/2024\/11\/Captura-de-pantalla-2024-11-27-094721-300x184.png\" alt=\"\" width=\"300\" height=\"184\" srcset=\"https:\/\/agora.xtec.cat\/ieviver\/wp-content\/uploads\/usu1293\/2024\/11\/Captura-de-pantalla-2024-11-27-094721-300x184.png 300w, https:\/\/agora.xtec.cat\/ieviver\/wp-content\/uploads\/usu1293\/2024\/11\/Captura-de-pantalla-2024-11-27-094721.png 592w\" sizes=\"auto, (max-width: 300px) 100vw, 300px\" \/><\/a><\/p>\n","protected":false},"excerpt":{"rendered":"<p>Estimades fam\u00edlies,<br \/>\nel passat divendres les fam\u00edlies de la Comunitat de Petits i Mitjans ens vau sorprendre amb aquesta representaci\u00f3 teatral i musical de diferents pel\u00b7l\u00edcules Disney, aprofitant la tem\u00e0tica d&#8217;aquest curs per la Setmana Cultural del &#8220;cinema&#8221;.<br \/>\nPodeu clicar <a href=\"https:\/\/photos.app.goo.gl\/X2G524Ug28GN3n1E6\">AQU\u00cd<\/a> per gaudir de la representaci\u00f3&hellip;  <a href=\"https:\/\/agora.xtec.cat\/ieviver\/infantil\/teatre-families-i-dia-de-la-infancia\/\" title=\"Read Teatre fam\u00edlies\">Llegeix m\u00e9s\u00bb<\/a><\/p>\n","protected":false},"author":10,"featured_media":10239,"comment_status":"open","ping_status":"closed","sticky":false,"template":"","format":"standard","meta":{"_bbp_topic_count":0,"_bbp_reply_count":0,"_bbp_total_topic_count":0,"_bbp_total_reply_count":0,"_bbp_voice_count":0,"_bbp_anonymous_reply_count":0,"_bbp_topic_count_hidden":0,"_bbp_reply_count_hidden":0,"_bbp_forum_subforum_count":0,"footnotes":""},"categories":[10,11,12,82,62,2,3,8,9,4,5,79],"tags":[298,269,703,103,511],"class_list":["post-10238","post","type-post","status-publish","format-standard","has-post-thumbnail","hentry","category-1r","category-2n","category-3r","category-atencio-a-les-families","category-curs-actual","category-infantil","category-p3","category-p4","category-p5","category-portada","category-primaria","category-teatre","tag-comunitat-mitjans","tag-comunitat-petits","tag-curs-24-25","tag-teatre","tag-teatrefamilies"],"post_mailing_queue_ids":[],"_links":{"self":[{"href":"https:\/\/agora.xtec.cat\/ieviver\/wp-json\/wp\/v2\/posts\/10238","targetHints":{"allow":["GET"]}}],"collection":[{"href":"https:\/\/agora.xtec.cat\/ieviver\/wp-json\/wp\/v2\/posts"}],"about":[{"href":"https:\/\/agora.xtec.cat\/ieviver\/wp-json\/wp\/v2\/types\/post"}],"author":[{"embeddable":true,"href":"https:\/\/agora.xtec.cat\/ieviver\/wp-json\/wp\/v2\/users\/10"}],"replies":[{"embeddable":true,"href":"https:\/\/agora.xtec.cat\/ieviver\/wp-json\/wp\/v2\/comments?post=10238"}],"version-history":[{"count":2,"href":"https:\/\/agora.xtec.cat\/ieviver\/wp-json\/wp\/v2\/posts\/10238\/revisions"}],"predecessor-version":[{"id":10241,"href":"https:\/\/agora.xtec.cat\/ieviver\/wp-json\/wp\/v2\/posts\/10238\/revisions\/10241"}],"wp:featuredmedia":[{"embeddable":true,"href":"https:\/\/agora.xtec.cat\/ieviver\/wp-json\/wp\/v2\/media\/10239"}],"wp:attachment":[{"href":"https:\/\/agora.xtec.cat\/ieviver\/wp-json\/wp\/v2\/media?parent=10238"}],"wp:term":[{"taxonomy":"category","embeddable":true,"href":"https:\/\/agora.xtec.cat\/ieviver\/wp-json\/wp\/v2\/categories?post=10238"},{"taxonomy":"post_tag","embeddable":true,"href":"https:\/\/agora.xtec.cat\/ieviver\/wp-json\/wp\/v2\/tags?post=10238"}],"curies":[{"name":"wp","href":"https:\/\/api.w.org\/{rel}","templated":true}]}}