{"id":835,"date":"2025-01-27T10:18:54","date_gmt":"2025-01-27T09:18:54","guid":{"rendered":"https:\/\/agora.xtec.cat\/ietramuntana\/?p=835"},"modified":"2025-02-17T09:57:58","modified_gmt":"2025-02-17T08:57:58","slug":"un-dia-a-la-vida-neolitica","status":"publish","type":"post","link":"https:\/\/agora.xtec.cat\/ietramuntana\/general\/un-dia-a-la-vida-neolitica\/","title":{"rendered":"Un dia a la vida neol\u00edtica"},"content":{"rendered":"\n<figure class=\"wp-block-image aligncenter size-full\"><a href=\"https:\/\/agora.xtec.cat\/ietramuntana\/wp-content\/uploads\/usu3053\/2025\/01\/Screenshot-2025-01-23-at-20-01-19-Noticia-1r-dESO-per-penjar-al-web-del-centre-web@vapordelfil.cat-Correu-de-Institut-Vapor-del-Fil.png\"><img loading=\"lazy\" decoding=\"async\" width=\"603\" height=\"369\" src=\"https:\/\/agora.xtec.cat\/ietramuntana\/wp-content\/uploads\/usu3053\/2025\/01\/Screenshot-2025-01-23-at-20-01-19-Noticia-1r-dESO-per-penjar-al-web-del-centre-web@vapordelfil.cat-Correu-de-Institut-Vapor-del-Fil.png\" alt=\"\" class=\"wp-image-836\" srcset=\"https:\/\/agora.xtec.cat\/ietramuntana\/wp-content\/uploads\/usu3053\/2025\/01\/Screenshot-2025-01-23-at-20-01-19-Noticia-1r-dESO-per-penjar-al-web-del-centre-web@vapordelfil.cat-Correu-de-Institut-Vapor-del-Fil.png 603w, https:\/\/agora.xtec.cat\/ietramuntana\/wp-content\/uploads\/usu3053\/2025\/01\/Screenshot-2025-01-23-at-20-01-19-Noticia-1r-dESO-per-penjar-al-web-del-centre-web@vapordelfil.cat-Correu-de-Institut-Vapor-del-Fil-300x184.png 300w\" sizes=\"auto, (max-width: 603px) 100vw, 603px\" \/><\/a><\/figure>\n\n\n\n<p>Dijous 5 de desembre, l&#8217;alumnat de primer d\u2019ESO vam anar de sortida al Parc de la Draga, a Banyoles, per aprendre com vivien al Neol\u00edtic.<br>Al principi de la sortida, vam esmorzar al costat de la Llacuna i ens van dividir en tres grups, amb els que far\u00edem les diferents din\u00e0miques per comprendre la vida dels homes i dones neol\u00edtics.<br>Des de la mat\u00e8ria de PiR (Pensament i Recerca) ja hav\u00edem estudiat algunes coses de la Prehist\u00f2ria i de la vida en aquesta etapa, aix\u00ed que an\u00e0vem a la sortida amb l\u2019objectiu d\u2019enriquir els coneixements que ja ten\u00edem.<\/p>\n\n\n\n<p><br>Dins de totes les din\u00e0miques que vam fer, vam poder tocar un tronc prehist\u00f2ric, amb 7.000 anys! Tamb\u00e9 vam moldre farina de blat com ho feien aleshores, amb una pedra rugosa, una forma bastant diferent de com ho fan ara. Vam entrar a les seves cabanes, molt diferents de les cases o pisos d\u2019avui dia. Una cosa curiosa \u00e9s que de decoraci\u00f3 hi havia cranis de bou, un s\u00edmbol d\u2019una creen\u00e7a que tenien. Vam aprendre a llen\u00e7ar amb llan\u00e7a, vam veure com treballaven uns arque\u00f2legs, com feien foc, amb pedres o amb ballarina, com el conservaven amb uns fongs que tarden molt a cremar i fins i tot vam poder fer eines a l&#8217;estil neol\u00edtic, amb pals, pedra, s\u00edlex i cera.<\/p>\n\n\n\n<!--more-->\n\n\n\n<p><br>A la sortida hem vist moltes coses i hem pogut viure un dia com al neol\u00edtic, veien que el que ara fem, com anar a la carnisseria a comprar carn, abans era sortir a ca\u00e7ar, trobar el que busques, tornar al poblat, fer foc i cuinar-lo, aix\u00ed diverses vegades a la setmana. Sens dubte una experi\u00e8ncia molt enriquidora per veure totes les difer\u00e8ncies i canvis que han sorgit des del Neol\u00edtic fins a l&#8217;\u00e8poca actual.<\/p>\n\n\n\n<figure class=\"wp-block-image aligncenter size-large is-resized\"><a href=\"https:\/\/agora.xtec.cat\/ietramuntana\/wp-content\/uploads\/usu3053\/2025\/01\/IMG_2674-scaled.jpg\"><img loading=\"lazy\" decoding=\"async\" width=\"768\" height=\"1024\" src=\"https:\/\/agora.xtec.cat\/ietramuntana\/wp-content\/uploads\/usu3053\/2025\/01\/IMG_2674-768x1024.jpg\" alt=\"\" class=\"wp-image-854\" style=\"width:230px;height:auto\" srcset=\"https:\/\/agora.xtec.cat\/ietramuntana\/wp-content\/uploads\/usu3053\/2025\/01\/IMG_2674-768x1024.jpg 768w, https:\/\/agora.xtec.cat\/ietramuntana\/wp-content\/uploads\/usu3053\/2025\/01\/IMG_2674-225x300.jpg 225w, https:\/\/agora.xtec.cat\/ietramuntana\/wp-content\/uploads\/usu3053\/2025\/01\/IMG_2674-1152x1536.jpg 1152w, https:\/\/agora.xtec.cat\/ietramuntana\/wp-content\/uploads\/usu3053\/2025\/01\/IMG_2674-1536x2048.jpg 1536w, https:\/\/agora.xtec.cat\/ietramuntana\/wp-content\/uploads\/usu3053\/2025\/01\/IMG_2674-scaled.jpg 1920w\" sizes=\"auto, (max-width: 768px) 100vw, 768px\" \/><\/a><figcaption class=\"wp-element-caption\">Fent fletxes amb plomes i cera d&#8217;abelles<\/figcaption><\/figure>\n\n\n\n<p><br>Despr\u00e9s de dinar i gaudir d\u2019una experi\u00e8ncia inoblidable al parc de la Draga, vam tornar a casa amb un munt d\u2019experi\u00e8ncies noves per gaudir d\u2019un gran pont.<\/p>\n\n\n\n<p><\/p>\n","protected":false},"excerpt":{"rendered":"<p>Dijous 5 de desembre, l&#8217;alumnat de primer d\u2019ESO vam anar de sortida al Parc de la Draga, a Banyoles, per aprendre com vivien al Neol\u00edtic.Al principi de la sortida, vam esmorzar al costat de la Llacuna i ens van dividir en tres grups, amb els que far\u00edem les diferents din\u00e0miques per comprendre la vida dels [&hellip;]<\/p>\n","protected":false},"author":4,"featured_media":952,"comment_status":"open","ping_status":"open","sticky":false,"template":"","format":"standard","meta":{"site-sidebar-layout":"default","site-content-layout":"","ast-site-content-layout":"","site-content-style":"default","site-sidebar-style":"default","ast-global-header-display":"","ast-banner-title-visibility":"","ast-main-header-display":"","ast-hfb-above-header-display":"","ast-hfb-below-header-display":"","ast-hfb-mobile-header-display":"","site-post-title":"","ast-breadcrumbs-content":"","ast-featured-img":"","footer-sml-layout":"","theme-transparent-header-meta":"","adv-header-id-meta":"","stick-header-meta":"","header-above-stick-meta":"","header-main-stick-meta":"","header-below-stick-meta":"","astra-migrate-meta-layouts":"default","ast-page-background-enabled":"default","ast-page-background-meta":{"desktop":{"background-color":"var(--ast-global-color-4)","background-image":"","background-repeat":"repeat","background-position":"center center","background-size":"auto","background-attachment":"scroll","background-type":"","background-media":"","overlay-type":"","overlay-color":"","overlay-opacity":"","overlay-gradient":""},"tablet":{"background-color":"","background-image":"","background-repeat":"repeat","background-position":"center center","background-size":"auto","background-attachment":"scroll","background-type":"","background-media":"","overlay-type":"","overlay-color":"","overlay-opacity":"","overlay-gradient":""},"mobile":{"background-color":"","background-image":"","background-repeat":"repeat","background-position":"center center","background-size":"auto","background-attachment":"scroll","background-type":"","background-media":"","overlay-type":"","overlay-color":"","overlay-opacity":"","overlay-gradient":""}},"ast-content-background-meta":{"desktop":{"background-color":"var(--ast-global-color-5)","background-image":"","background-repeat":"repeat","background-position":"center center","background-size":"auto","background-attachment":"scroll","background-type":"","background-media":"","overlay-type":"","overlay-color":"","overlay-opacity":"","overlay-gradient":""},"tablet":{"background-color":"var(--ast-global-color-5)","background-image":"","background-repeat":"repeat","background-position":"center center","background-size":"auto","background-attachment":"scroll","background-type":"","background-media":"","overlay-type":"","overlay-color":"","overlay-opacity":"","overlay-gradient":""},"mobile":{"background-color":"var(--ast-global-color-5)","background-image":"","background-repeat":"repeat","background-position":"center center","background-size":"auto","background-attachment":"scroll","background-type":"","background-media":"","overlay-type":"","overlay-color":"","overlay-opacity":"","overlay-gradient":""}},"footnotes":""},"categories":[74,1,4,72],"tags":[],"class_list":["post-835","post","type-post","status-publish","format-standard","has-post-thumbnail","hentry","category-1-eso-secundaria","category-general","category-portada","category-secundaria"],"post_mailing_queue_ids":[],"_links":{"self":[{"href":"https:\/\/agora.xtec.cat\/ietramuntana\/wp-json\/wp\/v2\/posts\/835","targetHints":{"allow":["GET"]}}],"collection":[{"href":"https:\/\/agora.xtec.cat\/ietramuntana\/wp-json\/wp\/v2\/posts"}],"about":[{"href":"https:\/\/agora.xtec.cat\/ietramuntana\/wp-json\/wp\/v2\/types\/post"}],"author":[{"embeddable":true,"href":"https:\/\/agora.xtec.cat\/ietramuntana\/wp-json\/wp\/v2\/users\/4"}],"replies":[{"embeddable":true,"href":"https:\/\/agora.xtec.cat\/ietramuntana\/wp-json\/wp\/v2\/comments?post=835"}],"version-history":[{"count":4,"href":"https:\/\/agora.xtec.cat\/ietramuntana\/wp-json\/wp\/v2\/posts\/835\/revisions"}],"predecessor-version":[{"id":950,"href":"https:\/\/agora.xtec.cat\/ietramuntana\/wp-json\/wp\/v2\/posts\/835\/revisions\/950"}],"wp:featuredmedia":[{"embeddable":true,"href":"https:\/\/agora.xtec.cat\/ietramuntana\/wp-json\/wp\/v2\/media\/952"}],"wp:attachment":[{"href":"https:\/\/agora.xtec.cat\/ietramuntana\/wp-json\/wp\/v2\/media?parent=835"}],"wp:term":[{"taxonomy":"category","embeddable":true,"href":"https:\/\/agora.xtec.cat\/ietramuntana\/wp-json\/wp\/v2\/categories?post=835"},{"taxonomy":"post_tag","embeddable":true,"href":"https:\/\/agora.xtec.cat\/ietramuntana\/wp-json\/wp\/v2\/tags?post=835"}],"curies":[{"name":"wp","href":"https:\/\/api.w.org\/{rel}","templated":true}]}}