{"id":752,"date":"2025-04-01T20:44:00","date_gmt":"2025-04-01T18:44:00","guid":{"rendered":"https:\/\/agora.xtec.cat\/ietramuntana\/?p=752"},"modified":"2025-04-01T20:44:01","modified_gmt":"2025-04-01T18:44:01","slug":"un-expert-del-mit-a-lescola","status":"publish","type":"post","link":"https:\/\/agora.xtec.cat\/ietramuntana\/general\/un-expert-del-mit-a-lescola\/","title":{"rendered":"Un expert del MIT a l&#8217;escola"},"content":{"rendered":"\n<p><strong>UN EXPERT DEL MIT A L\u2019ESCOLA: PROMOVENT LA MIRADA MAKER<\/strong><\/p>\n\n\n\n<p>Durant tres setmanes del passat gener, el nostre centre va tenir el privilegi de comptar amb la pres\u00e8ncia del Wilhem Hector, un estudiant d\u2019\u00faltim any del MIT (Massachusetts Institute of Technology) que va venir a ajudar-nos a impulsar la mirada <em>maker<\/em>. La seva estada va estar plena d\u2019aprenentatges, experi\u00e8ncies i iniciatives que han deixat una empremta important a la nostra comunitat educativa.<\/p>\n\n\n\n<p>D\u2019una banda, en Wilhem va estar col\u00b7laborant activament en els projectes cient\u00edfic-tecnol\u00f2gics de 3r d\u2019ESO i tamb\u00e9 amb els de 4t. La seva experi\u00e8ncia i coneixement van ajudar a enriquir les propostes, aportant idees innovadores i guiant l\u2019alumnat en el proc\u00e9s de creaci\u00f3 i resoluci\u00f3 de reptes.<\/p>\n\n\n\n<p>D\u2019altra banda, una de les seves contribucions m\u00e9s destacades ha estat la formaci\u00f3 de 30 alumnes de secund\u00e0ria com a referents <em>makers<\/em> del centre. Aquests estudiants, seleccionats per la seva motivaci\u00f3 i inter\u00e8s, han apr\u00e8s a utilitzar eines de fabricaci\u00f3 digital com la impressi\u00f3 3D, la talladora l\u00e0ser, programaci\u00f3, Arduino&#8230; Ara, s\u00f3n ells els qui assumeixen el rol de creadors i assessors dins l\u2019escola, ajudant tant al professorat com als companys a dur a terme projectes que requereixen la creaci\u00f3 de materials.<\/p>\n\n\n\n<p>Com a tancament d\u2019aquesta experi\u00e8ncia, vam tenir l\u2019oportunitat de presentar la feina realitzada a la jornada de cloenda del programa MISTI al CESIRE, un esdeveniment en qu\u00e8 vam compartir els nostres aven\u00e7os amb altres centres i amb la Consellera d\u2019Educaci\u00f3, Esther Niub\u00f3. Va ser una gran ocasi\u00f3 per mostrar com el nostre centre est\u00e0 apostant per una educaci\u00f3 innovadora i pr\u00e0ctica, posant l\u2019alumnat al centre del proc\u00e9s d\u2019aprenentatge.<\/p>\n\n\n\n<p>Gr\u00e0cies, Hector, per ajudar-nos a fer cr\u00e9ixer l\u2019esperit maker!<\/p>\n\n\n\n<div class=\"wp-block-getwid-images-slider has-arrows-inside has-dots-inside has-images-center\"><div class=\"wp-block-getwid-images-slider__wrapper\" data-effect=\"slide\" data-slides-show=\"1\" data-slides-show-laptop=\"1\" data-slides-show-tablet=\"1\" data-slides-show-mobile=\"1\" data-slides-scroll=\"1\" data-autoplay=\"false\" data-pause-hover=\"false\" data-autoplay-speed=\"6000\" data-infinite=\"true\" data-animation-speed=\"800\" data-center-mode=\"false\" data-variable-width=\"false\" data-arrows=\"inside\" data-dots=\"inside\" data-spacing=\"none\"><div class=\"wp-block-getwid-images-slider__item\"><figure><img loading=\"lazy\" decoding=\"async\" width=\"526\" height=\"397\" src=\"https:\/\/agora.xtec.cat\/ietramuntana\/wp-content\/uploads\/usu3053\/2025\/04\/Picture2.jpg\" alt=\"\" data-id=\"1150\" data-link=\"https:\/\/agora.xtec.cat\/ietramuntana\/?attachment_id=1150\" data-original-link=\"https:\/\/agora.xtec.cat\/ietramuntana\/wp-content\/uploads\/usu3053\/2025\/04\/Picture2.jpg\" class=\"wp-block-getwid-images-slider__image wp-image-1150\" srcset=\"https:\/\/agora.xtec.cat\/ietramuntana\/wp-content\/uploads\/usu3053\/2025\/04\/Picture2.jpg 526w, https:\/\/agora.xtec.cat\/ietramuntana\/wp-content\/uploads\/usu3053\/2025\/04\/Picture2-300x226.jpg 300w, https:\/\/agora.xtec.cat\/ietramuntana\/wp-content\/uploads\/usu3053\/2025\/04\/Picture2-200x150.jpg 200w\" sizes=\"auto, (max-width: 526px) 100vw, 526px\" \/><\/figure><\/div><div class=\"wp-block-getwid-images-slider__item\"><figure><img loading=\"lazy\" decoding=\"async\" width=\"538\" height=\"495\" src=\"https:\/\/agora.xtec.cat\/ietramuntana\/wp-content\/uploads\/usu3053\/2025\/04\/Picture3.jpg\" alt=\"\" data-id=\"1149\" data-link=\"https:\/\/agora.xtec.cat\/ietramuntana\/?attachment_id=1149\" data-original-link=\"https:\/\/agora.xtec.cat\/ietramuntana\/wp-content\/uploads\/usu3053\/2025\/04\/Picture3.jpg\" class=\"wp-block-getwid-images-slider__image wp-image-1149\" srcset=\"https:\/\/agora.xtec.cat\/ietramuntana\/wp-content\/uploads\/usu3053\/2025\/04\/Picture3.jpg 538w, https:\/\/agora.xtec.cat\/ietramuntana\/wp-content\/uploads\/usu3053\/2025\/04\/Picture3-300x276.jpg 300w\" sizes=\"auto, (max-width: 538px) 100vw, 538px\" \/><\/figure><\/div><div class=\"wp-block-getwid-images-slider__item\"><figure><img loading=\"lazy\" decoding=\"async\" width=\"526\" height=\"397\" src=\"https:\/\/agora.xtec.cat\/ietramuntana\/wp-content\/uploads\/usu3053\/2025\/04\/Picture4.jpg\" alt=\"\" data-id=\"1148\" data-link=\"https:\/\/agora.xtec.cat\/ietramuntana\/?attachment_id=1148\" data-original-link=\"https:\/\/agora.xtec.cat\/ietramuntana\/wp-content\/uploads\/usu3053\/2025\/04\/Picture4.jpg\" class=\"wp-block-getwid-images-slider__image wp-image-1148\" srcset=\"https:\/\/agora.xtec.cat\/ietramuntana\/wp-content\/uploads\/usu3053\/2025\/04\/Picture4.jpg 526w, https:\/\/agora.xtec.cat\/ietramuntana\/wp-content\/uploads\/usu3053\/2025\/04\/Picture4-300x226.jpg 300w, https:\/\/agora.xtec.cat\/ietramuntana\/wp-content\/uploads\/usu3053\/2025\/04\/Picture4-200x150.jpg 200w\" sizes=\"auto, (max-width: 526px) 100vw, 526px\" \/><\/figure><\/div><div class=\"wp-block-getwid-images-slider__item\"><figure><img loading=\"lazy\" decoding=\"async\" width=\"526\" height=\"397\" src=\"https:\/\/agora.xtec.cat\/ietramuntana\/wp-content\/uploads\/usu3053\/2025\/04\/Picture1.jpg\" alt=\"\" data-id=\"1147\" data-link=\"https:\/\/agora.xtec.cat\/ietramuntana\/?attachment_id=1147\" data-original-link=\"https:\/\/agora.xtec.cat\/ietramuntana\/wp-content\/uploads\/usu3053\/2025\/04\/Picture1.jpg\" class=\"wp-block-getwid-images-slider__image wp-image-1147\" srcset=\"https:\/\/agora.xtec.cat\/ietramuntana\/wp-content\/uploads\/usu3053\/2025\/04\/Picture1.jpg 526w, https:\/\/agora.xtec.cat\/ietramuntana\/wp-content\/uploads\/usu3053\/2025\/04\/Picture1-300x226.jpg 300w, https:\/\/agora.xtec.cat\/ietramuntana\/wp-content\/uploads\/usu3053\/2025\/04\/Picture1-200x150.jpg 200w\" sizes=\"auto, (max-width: 526px) 100vw, 526px\" \/><\/figure><\/div><\/div><\/div>\n","protected":false},"excerpt":{"rendered":"<p>UN EXPERT DEL MIT A L\u2019ESCOLA: PROMOVENT LA MIRADA MAKER Durant tres setmanes del passat gener, el nostre centre va tenir el privilegi de comptar amb la pres\u00e8ncia del Wilhem Hector, un estudiant d\u2019\u00faltim any del MIT (Massachusetts Institute of Technology) que va venir a ajudar-nos a impulsar la mirada maker. La seva estada va [&hellip;]<\/p>\n","protected":false},"author":4,"featured_media":1150,"comment_status":"open","ping_status":"open","sticky":false,"template":"","format":"standard","meta":{"site-sidebar-layout":"default","site-content-layout":"","ast-site-content-layout":"","site-content-style":"default","site-sidebar-style":"default","ast-global-header-display":"","ast-banner-title-visibility":"","ast-main-header-display":"","ast-hfb-above-header-display":"","ast-hfb-below-header-display":"","ast-hfb-mobile-header-display":"","site-post-title":"","ast-breadcrumbs-content":"","ast-featured-img":"","footer-sml-layout":"","theme-transparent-header-meta":"","adv-header-id-meta":"","stick-header-meta":"","header-above-stick-meta":"","header-main-stick-meta":"","header-below-stick-meta":"","astra-migrate-meta-layouts":"default","ast-page-background-enabled":"default","ast-page-background-meta":{"desktop":{"background-color":"var(--ast-global-color-4)","background-image":"","background-repeat":"repeat","background-position":"center center","background-size":"auto","background-attachment":"scroll","background-type":"","background-media":"","overlay-type":"","overlay-color":"","overlay-opacity":"","overlay-gradient":""},"tablet":{"background-color":"","background-image":"","background-repeat":"repeat","background-position":"center center","background-size":"auto","background-attachment":"scroll","background-type":"","background-media":"","overlay-type":"","overlay-color":"","overlay-opacity":"","overlay-gradient":""},"mobile":{"background-color":"","background-image":"","background-repeat":"repeat","background-position":"center center","background-size":"auto","background-attachment":"scroll","background-type":"","background-media":"","overlay-type":"","overlay-color":"","overlay-opacity":"","overlay-gradient":""}},"ast-content-background-meta":{"desktop":{"background-color":"var(--ast-global-color-5)","background-image":"","background-repeat":"repeat","background-position":"center center","background-size":"auto","background-attachment":"scroll","background-type":"","background-media":"","overlay-type":"","overlay-color":"","overlay-opacity":"","overlay-gradient":""},"tablet":{"background-color":"var(--ast-global-color-5)","background-image":"","background-repeat":"repeat","background-position":"center center","background-size":"auto","background-attachment":"scroll","background-type":"","background-media":"","overlay-type":"","overlay-color":"","overlay-opacity":"","overlay-gradient":""},"mobile":{"background-color":"var(--ast-global-color-5)","background-image":"","background-repeat":"repeat","background-position":"center center","background-size":"auto","background-attachment":"scroll","background-type":"","background-media":"","overlay-type":"","overlay-color":"","overlay-opacity":"","overlay-gradient":""}},"footnotes":""},"categories":[1,4,72],"tags":[],"class_list":["post-752","post","type-post","status-publish","format-standard","has-post-thumbnail","hentry","category-general","category-portada","category-secundaria"],"post_mailing_queue_ids":[],"_links":{"self":[{"href":"https:\/\/agora.xtec.cat\/ietramuntana\/wp-json\/wp\/v2\/posts\/752","targetHints":{"allow":["GET"]}}],"collection":[{"href":"https:\/\/agora.xtec.cat\/ietramuntana\/wp-json\/wp\/v2\/posts"}],"about":[{"href":"https:\/\/agora.xtec.cat\/ietramuntana\/wp-json\/wp\/v2\/types\/post"}],"author":[{"embeddable":true,"href":"https:\/\/agora.xtec.cat\/ietramuntana\/wp-json\/wp\/v2\/users\/4"}],"replies":[{"embeddable":true,"href":"https:\/\/agora.xtec.cat\/ietramuntana\/wp-json\/wp\/v2\/comments?post=752"}],"version-history":[{"count":2,"href":"https:\/\/agora.xtec.cat\/ietramuntana\/wp-json\/wp\/v2\/posts\/752\/revisions"}],"predecessor-version":[{"id":1152,"href":"https:\/\/agora.xtec.cat\/ietramuntana\/wp-json\/wp\/v2\/posts\/752\/revisions\/1152"}],"wp:featuredmedia":[{"embeddable":true,"href":"https:\/\/agora.xtec.cat\/ietramuntana\/wp-json\/wp\/v2\/media\/1150"}],"wp:attachment":[{"href":"https:\/\/agora.xtec.cat\/ietramuntana\/wp-json\/wp\/v2\/media?parent=752"}],"wp:term":[{"taxonomy":"category","embeddable":true,"href":"https:\/\/agora.xtec.cat\/ietramuntana\/wp-json\/wp\/v2\/categories?post=752"},{"taxonomy":"post_tag","embeddable":true,"href":"https:\/\/agora.xtec.cat\/ietramuntana\/wp-json\/wp\/v2\/tags?post=752"}],"curies":[{"name":"wp","href":"https:\/\/api.w.org\/{rel}","templated":true}]}}