{"id":688,"date":"2024-12-16T10:00:09","date_gmt":"2024-12-16T09:00:09","guid":{"rendered":"https:\/\/agora.xtec.cat\/ietramuntana\/?p=688"},"modified":"2025-02-17T10:10:14","modified_gmt":"2025-02-17T09:10:14","slug":"visita-duna-mare-experta","status":"publish","type":"post","link":"https:\/\/agora.xtec.cat\/ietramuntana\/general\/visita-duna-mare-experta\/","title":{"rendered":"Visita d&#8217;una mare experta"},"content":{"rendered":"\n<figure class=\"wp-block-image size-large is-resized\"><a href=\"https:\/\/agora.xtec.cat\/ietramuntana\/wp-content\/uploads\/usu3053\/2024\/12\/IMG_20241205_144832-3-scaled.jpg\"><img loading=\"lazy\" decoding=\"async\" width=\"1024\" height=\"461\" src=\"https:\/\/agora.xtec.cat\/ietramuntana\/wp-content\/uploads\/usu3053\/2024\/12\/IMG_20241205_144832-3-1024x461.jpg\" alt=\"\" class=\"wp-image-699\" style=\"width:977px;height:auto\" srcset=\"https:\/\/agora.xtec.cat\/ietramuntana\/wp-content\/uploads\/usu3053\/2024\/12\/IMG_20241205_144832-3-1024x461.jpg 1024w, https:\/\/agora.xtec.cat\/ietramuntana\/wp-content\/uploads\/usu3053\/2024\/12\/IMG_20241205_144832-3-300x135.jpg 300w, https:\/\/agora.xtec.cat\/ietramuntana\/wp-content\/uploads\/usu3053\/2024\/12\/IMG_20241205_144832-3-768x345.jpg 768w, https:\/\/agora.xtec.cat\/ietramuntana\/wp-content\/uploads\/usu3053\/2024\/12\/IMG_20241205_144832-3-1536x691.jpg 1536w, https:\/\/agora.xtec.cat\/ietramuntana\/wp-content\/uploads\/usu3053\/2024\/12\/IMG_20241205_144832-3-2048x921.jpg 2048w\" sizes=\"auto, (max-width: 1024px) 100vw, 1024px\" \/><\/a><\/figure>\n\n\n\n<p><strong>Visita d\u2019una experta:&nbsp;La Marta, mare de la Lua, ens explica la seva feina com a logopeda i el treball amb persones sordes.<\/strong><\/p>\n\n\n\n<p>En els grups de 1r de prim\u00e0ria, dins del treball dels sentits, ha&nbsp;sorgit l&#8217;inter\u00e8s de saber qu\u00e8 passa quan a una persona t\u00e9 un dels sentits afectat.&nbsp;&nbsp;Com \u00e9s el seu dia a dia?<\/p>\n\n\n\n<p>La Lua va explicar que la seva mare \u00e9s&nbsp;logopeda&nbsp;i que treballa amb nens i nenes sordes. Aix\u00ed que la convidem perqu\u00e8 ens expliqui una mica m\u00e9s de qu\u00e8 tracta la seva feina.<\/p>\n\n\n\n<p>Va portar material divers del CREDA, per con\u00e8ixer una mica m\u00e9s com funciona el sentit de l\u2019o\u00efda i qu\u00e8 necessiten les persones sordes per poder rebre est\u00edmuls sonors. Tamb\u00e9 ens va facilitar l\u2019alfabet dactilol\u00f2gic per con\u00e8ixer els s\u00edmbols que s\u2019utilitzen i escriure el nostre nom.<\/p>\n\n\n\n<p>Va ser molt interessant escoltar la Marta i tenir durant una tarda una experta que pogu\u00e9s contestar totes les nostres preguntes.&nbsp;<\/p>\n\n\n\n<p>Moltes gr\u00e0cies, Marta!!<\/p>\n\n\n\n<figure class=\"wp-block-gallery has-nested-images columns-default is-cropped wp-block-gallery-1 is-layout-flex wp-block-gallery-is-layout-flex\">\n<figure class=\"wp-block-image size-large\"><a href=\"https:\/\/agora.xtec.cat\/ietramuntana\/wp-content\/uploads\/usu3053\/2024\/12\/IMG_20241205_145752-1-scaled.jpg\"><img loading=\"lazy\" decoding=\"async\" width=\"1024\" height=\"461\" data-id=\"695\" src=\"https:\/\/agora.xtec.cat\/ietramuntana\/wp-content\/uploads\/usu3053\/2024\/12\/IMG_20241205_145752-1-1024x461.jpg\" alt=\"\" class=\"wp-image-695\" srcset=\"https:\/\/agora.xtec.cat\/ietramuntana\/wp-content\/uploads\/usu3053\/2024\/12\/IMG_20241205_145752-1-1024x461.jpg 1024w, https:\/\/agora.xtec.cat\/ietramuntana\/wp-content\/uploads\/usu3053\/2024\/12\/IMG_20241205_145752-1-300x135.jpg 300w, https:\/\/agora.xtec.cat\/ietramuntana\/wp-content\/uploads\/usu3053\/2024\/12\/IMG_20241205_145752-1-768x345.jpg 768w, https:\/\/agora.xtec.cat\/ietramuntana\/wp-content\/uploads\/usu3053\/2024\/12\/IMG_20241205_145752-1-1536x691.jpg 1536w, https:\/\/agora.xtec.cat\/ietramuntana\/wp-content\/uploads\/usu3053\/2024\/12\/IMG_20241205_145752-1-2048x921.jpg 2048w\" sizes=\"auto, (max-width: 1024px) 100vw, 1024px\" \/><\/a><\/figure>\n\n\n\n<figure class=\"wp-block-image size-large\"><a href=\"https:\/\/agora.xtec.cat\/ietramuntana\/wp-content\/uploads\/usu3053\/2024\/12\/IMG-20241213-WA0004-2.jpg\"><img loading=\"lazy\" decoding=\"async\" width=\"1024\" height=\"768\" data-id=\"698\" src=\"https:\/\/agora.xtec.cat\/ietramuntana\/wp-content\/uploads\/usu3053\/2024\/12\/IMG-20241213-WA0004-2-1024x768.jpg\" alt=\"\" class=\"wp-image-698\" srcset=\"https:\/\/agora.xtec.cat\/ietramuntana\/wp-content\/uploads\/usu3053\/2024\/12\/IMG-20241213-WA0004-2-1024x768.jpg 1024w, https:\/\/agora.xtec.cat\/ietramuntana\/wp-content\/uploads\/usu3053\/2024\/12\/IMG-20241213-WA0004-2-300x225.jpg 300w, https:\/\/agora.xtec.cat\/ietramuntana\/wp-content\/uploads\/usu3053\/2024\/12\/IMG-20241213-WA0004-2-768x576.jpg 768w, https:\/\/agora.xtec.cat\/ietramuntana\/wp-content\/uploads\/usu3053\/2024\/12\/IMG-20241213-WA0004-2-1536x1152.jpg 1536w, https:\/\/agora.xtec.cat\/ietramuntana\/wp-content\/uploads\/usu3053\/2024\/12\/IMG-20241213-WA0004-2-200x150.jpg 200w, https:\/\/agora.xtec.cat\/ietramuntana\/wp-content\/uploads\/usu3053\/2024\/12\/IMG-20241213-WA0004-2.jpg 2048w\" sizes=\"auto, (max-width: 1024px) 100vw, 1024px\" \/><\/a><\/figure>\n\n\n\n<figure class=\"wp-block-image size-large\"><a href=\"https:\/\/agora.xtec.cat\/ietramuntana\/wp-content\/uploads\/usu3053\/2024\/12\/IMG_20241205_145741-1-scaled.jpg\"><img loading=\"lazy\" decoding=\"async\" width=\"1024\" height=\"461\" data-id=\"694\" src=\"https:\/\/agora.xtec.cat\/ietramuntana\/wp-content\/uploads\/usu3053\/2024\/12\/IMG_20241205_145741-1-1024x461.jpg\" alt=\"\" class=\"wp-image-694\" srcset=\"https:\/\/agora.xtec.cat\/ietramuntana\/wp-content\/uploads\/usu3053\/2024\/12\/IMG_20241205_145741-1-1024x461.jpg 1024w, https:\/\/agora.xtec.cat\/ietramuntana\/wp-content\/uploads\/usu3053\/2024\/12\/IMG_20241205_145741-1-300x135.jpg 300w, https:\/\/agora.xtec.cat\/ietramuntana\/wp-content\/uploads\/usu3053\/2024\/12\/IMG_20241205_145741-1-768x345.jpg 768w, https:\/\/agora.xtec.cat\/ietramuntana\/wp-content\/uploads\/usu3053\/2024\/12\/IMG_20241205_145741-1-1536x691.jpg 1536w, https:\/\/agora.xtec.cat\/ietramuntana\/wp-content\/uploads\/usu3053\/2024\/12\/IMG_20241205_145741-1-2048x921.jpg 2048w\" sizes=\"auto, (max-width: 1024px) 100vw, 1024px\" \/><\/a><\/figure>\n<\/figure>\n\n\n\n<pre class=\"wp-block-code\"><code><\/code><\/pre>\n\n\n\n<p><\/p>\n","protected":false},"excerpt":{"rendered":"<p>Visita d\u2019una experta:&nbsp;La Marta, mare de la Lua, ens explica la seva feina com a logopeda i el treball amb persones sordes. En els grups de 1r de prim\u00e0ria, dins del treball dels sentits, ha&nbsp;sorgit l&#8217;inter\u00e8s de saber qu\u00e8 passa quan a una persona t\u00e9 un dels sentits afectat.&nbsp;&nbsp;Com \u00e9s el seu dia a dia? [&hellip;]<\/p>\n","protected":false},"author":5,"featured_media":699,"comment_status":"open","ping_status":"open","sticky":false,"template":"","format":"standard","meta":{"site-sidebar-layout":"default","site-content-layout":"","ast-site-content-layout":"","site-content-style":"default","site-sidebar-style":"default","ast-global-header-display":"","ast-banner-title-visibility":"","ast-main-header-display":"","ast-hfb-above-header-display":"","ast-hfb-below-header-display":"","ast-hfb-mobile-header-display":"","site-post-title":"","ast-breadcrumbs-content":"","ast-featured-img":"","footer-sml-layout":"","theme-transparent-header-meta":"","adv-header-id-meta":"","stick-header-meta":"","header-above-stick-meta":"","header-main-stick-meta":"","header-below-stick-meta":"","astra-migrate-meta-layouts":"default","ast-page-background-enabled":"default","ast-page-background-meta":{"desktop":{"background-color":"var(--ast-global-color-4)","background-image":"","background-repeat":"repeat","background-position":"center center","background-size":"auto","background-attachment":"scroll","background-type":"","background-media":"","overlay-type":"","overlay-color":"","overlay-opacity":"","overlay-gradient":""},"tablet":{"background-color":"","background-image":"","background-repeat":"repeat","background-position":"center center","background-size":"auto","background-attachment":"scroll","background-type":"","background-media":"","overlay-type":"","overlay-color":"","overlay-opacity":"","overlay-gradient":""},"mobile":{"background-color":"","background-image":"","background-repeat":"repeat","background-position":"center center","background-size":"auto","background-attachment":"scroll","background-type":"","background-media":"","overlay-type":"","overlay-color":"","overlay-opacity":"","overlay-gradient":""}},"ast-content-background-meta":{"desktop":{"background-color":"var(--ast-global-color-5)","background-image":"","background-repeat":"repeat","background-position":"center center","background-size":"auto","background-attachment":"scroll","background-type":"","background-media":"","overlay-type":"","overlay-color":"","overlay-opacity":"","overlay-gradient":""},"tablet":{"background-color":"var(--ast-global-color-5)","background-image":"","background-repeat":"repeat","background-position":"center center","background-size":"auto","background-attachment":"scroll","background-type":"","background-media":"","overlay-type":"","overlay-color":"","overlay-opacity":"","overlay-gradient":""},"mobile":{"background-color":"var(--ast-global-color-5)","background-image":"","background-repeat":"repeat","background-position":"center center","background-size":"auto","background-attachment":"scroll","background-type":"","background-media":"","overlay-type":"","overlay-color":"","overlay-opacity":"","overlay-gradient":""}},"footnotes":""},"categories":[10,1,4,5],"tags":[79,80,81],"class_list":["post-688","post","type-post","status-publish","format-standard","has-post-thumbnail","hentry","category-1r","category-general","category-portada","category-primaria","tag-experta","tag-familia","tag-persones-sordes"],"post_mailing_queue_ids":[],"_links":{"self":[{"href":"https:\/\/agora.xtec.cat\/ietramuntana\/wp-json\/wp\/v2\/posts\/688","targetHints":{"allow":["GET"]}}],"collection":[{"href":"https:\/\/agora.xtec.cat\/ietramuntana\/wp-json\/wp\/v2\/posts"}],"about":[{"href":"https:\/\/agora.xtec.cat\/ietramuntana\/wp-json\/wp\/v2\/types\/post"}],"author":[{"embeddable":true,"href":"https:\/\/agora.xtec.cat\/ietramuntana\/wp-json\/wp\/v2\/users\/5"}],"replies":[{"embeddable":true,"href":"https:\/\/agora.xtec.cat\/ietramuntana\/wp-json\/wp\/v2\/comments?post=688"}],"version-history":[{"count":5,"href":"https:\/\/agora.xtec.cat\/ietramuntana\/wp-json\/wp\/v2\/posts\/688\/revisions"}],"predecessor-version":[{"id":967,"href":"https:\/\/agora.xtec.cat\/ietramuntana\/wp-json\/wp\/v2\/posts\/688\/revisions\/967"}],"wp:featuredmedia":[{"embeddable":true,"href":"https:\/\/agora.xtec.cat\/ietramuntana\/wp-json\/wp\/v2\/media\/699"}],"wp:attachment":[{"href":"https:\/\/agora.xtec.cat\/ietramuntana\/wp-json\/wp\/v2\/media?parent=688"}],"wp:term":[{"taxonomy":"category","embeddable":true,"href":"https:\/\/agora.xtec.cat\/ietramuntana\/wp-json\/wp\/v2\/categories?post=688"},{"taxonomy":"post_tag","embeddable":true,"href":"https:\/\/agora.xtec.cat\/ietramuntana\/wp-json\/wp\/v2\/tags?post=688"}],"curies":[{"name":"wp","href":"https:\/\/api.w.org\/{rel}","templated":true}]}}