{"id":668,"date":"2024-12-02T09:50:44","date_gmt":"2024-12-02T08:50:44","guid":{"rendered":"https:\/\/agora.xtec.cat\/ietramuntana\/?p=668"},"modified":"2025-02-17T10:10:56","modified_gmt":"2025-02-17T09:10:56","slug":"gracies-equip-de-cuina","status":"publish","type":"post","link":"https:\/\/agora.xtec.cat\/ietramuntana\/general\/gracies-equip-de-cuina\/","title":{"rendered":"Gr\u00e0cies, equip de cuina!"},"content":{"rendered":"\n<div class=\"wp-block-getwid-images-slider has-arrows-inside has-dots-inside has-images-center\"><div class=\"wp-block-getwid-images-slider__wrapper\" data-effect=\"slide\" data-slides-show=\"1\" data-slides-show-laptop=\"1\" data-slides-show-tablet=\"1\" data-slides-show-mobile=\"1\" data-slides-scroll=\"1\" data-autoplay=\"true\" data-pause-hover=\"false\" data-autoplay-speed=\"6000\" data-infinite=\"true\" data-animation-speed=\"800\" data-center-mode=\"false\" data-variable-width=\"false\" data-arrows=\"inside\" data-dots=\"inside\" data-spacing=\"none\"><div class=\"wp-block-getwid-images-slider__item\"><figure><img loading=\"lazy\" decoding=\"async\" width=\"1536\" height=\"1152\" src=\"https:\/\/agora.xtec.cat\/ietramuntana\/wp-content\/uploads\/usu3053\/2024\/12\/Detall-musica-4-1536x1152.jpg\" alt=\"\" data-id=\"673\" data-link=\"https:\/\/agora.xtec.cat\/ietramuntana\/general\/gracies-equip-de-cuina\/attachment\/detall-musica-4\/\" data-original-link=\"https:\/\/agora.xtec.cat\/ietramuntana\/wp-content\/uploads\/usu3053\/2024\/12\/Detall-musica-4.jpg\" class=\"wp-block-getwid-images-slider__image wp-image-673\" srcset=\"https:\/\/agora.xtec.cat\/ietramuntana\/wp-content\/uploads\/usu3053\/2024\/12\/Detall-musica-4-1536x1152.jpg 1536w, https:\/\/agora.xtec.cat\/ietramuntana\/wp-content\/uploads\/usu3053\/2024\/12\/Detall-musica-4-300x225.jpg 300w, https:\/\/agora.xtec.cat\/ietramuntana\/wp-content\/uploads\/usu3053\/2024\/12\/Detall-musica-4-1024x768.jpg 1024w, https:\/\/agora.xtec.cat\/ietramuntana\/wp-content\/uploads\/usu3053\/2024\/12\/Detall-musica-4-768x576.jpg 768w, https:\/\/agora.xtec.cat\/ietramuntana\/wp-content\/uploads\/usu3053\/2024\/12\/Detall-musica-4-200x150.jpg 200w, https:\/\/agora.xtec.cat\/ietramuntana\/wp-content\/uploads\/usu3053\/2024\/12\/Detall-musica-4.jpg 1600w\" sizes=\"auto, (max-width: 1536px) 100vw, 1536px\" \/><\/figure><\/div><div class=\"wp-block-getwid-images-slider__item\"><figure><img loading=\"lazy\" decoding=\"async\" width=\"1536\" height=\"1152\" src=\"https:\/\/agora.xtec.cat\/ietramuntana\/wp-content\/uploads\/usu3053\/2024\/12\/Detall-musica-3-1536x1152.jpg\" alt=\"\" data-id=\"672\" data-link=\"https:\/\/agora.xtec.cat\/ietramuntana\/general\/gracies-equip-de-cuina\/attachment\/detall-musica-3\/\" data-original-link=\"https:\/\/agora.xtec.cat\/ietramuntana\/wp-content\/uploads\/usu3053\/2024\/12\/Detall-musica-3.jpg\" class=\"wp-block-getwid-images-slider__image wp-image-672\" srcset=\"https:\/\/agora.xtec.cat\/ietramuntana\/wp-content\/uploads\/usu3053\/2024\/12\/Detall-musica-3-1536x1152.jpg 1536w, https:\/\/agora.xtec.cat\/ietramuntana\/wp-content\/uploads\/usu3053\/2024\/12\/Detall-musica-3-300x225.jpg 300w, https:\/\/agora.xtec.cat\/ietramuntana\/wp-content\/uploads\/usu3053\/2024\/12\/Detall-musica-3-1024x768.jpg 1024w, https:\/\/agora.xtec.cat\/ietramuntana\/wp-content\/uploads\/usu3053\/2024\/12\/Detall-musica-3-768x576.jpg 768w, https:\/\/agora.xtec.cat\/ietramuntana\/wp-content\/uploads\/usu3053\/2024\/12\/Detall-musica-3-200x150.jpg 200w, https:\/\/agora.xtec.cat\/ietramuntana\/wp-content\/uploads\/usu3053\/2024\/12\/Detall-musica-3.jpg 1600w\" sizes=\"auto, (max-width: 1536px) 100vw, 1536px\" \/><\/figure><\/div><div class=\"wp-block-getwid-images-slider__item\"><figure><img loading=\"lazy\" decoding=\"async\" width=\"1536\" height=\"1152\" src=\"https:\/\/agora.xtec.cat\/ietramuntana\/wp-content\/uploads\/usu3053\/2024\/12\/Detall-musica-2-1536x1152.jpg\" alt=\"\" data-id=\"671\" data-link=\"https:\/\/agora.xtec.cat\/ietramuntana\/general\/gracies-equip-de-cuina\/attachment\/detall-musica-2\/\" data-original-link=\"https:\/\/agora.xtec.cat\/ietramuntana\/wp-content\/uploads\/usu3053\/2024\/12\/Detall-musica-2.jpg\" class=\"wp-block-getwid-images-slider__image wp-image-671\" srcset=\"https:\/\/agora.xtec.cat\/ietramuntana\/wp-content\/uploads\/usu3053\/2024\/12\/Detall-musica-2-1536x1152.jpg 1536w, https:\/\/agora.xtec.cat\/ietramuntana\/wp-content\/uploads\/usu3053\/2024\/12\/Detall-musica-2-300x225.jpg 300w, https:\/\/agora.xtec.cat\/ietramuntana\/wp-content\/uploads\/usu3053\/2024\/12\/Detall-musica-2-1024x768.jpg 1024w, https:\/\/agora.xtec.cat\/ietramuntana\/wp-content\/uploads\/usu3053\/2024\/12\/Detall-musica-2-768x576.jpg 768w, https:\/\/agora.xtec.cat\/ietramuntana\/wp-content\/uploads\/usu3053\/2024\/12\/Detall-musica-2-200x150.jpg 200w, https:\/\/agora.xtec.cat\/ietramuntana\/wp-content\/uploads\/usu3053\/2024\/12\/Detall-musica-2.jpg 1600w\" sizes=\"auto, (max-width: 1536px) 100vw, 1536px\" \/><\/figure><\/div><div class=\"wp-block-getwid-images-slider__item\"><figure><img decoding=\"async\" src=\"https:\/\/agora.xtec.cat\/ietramuntana\/wp-content\/uploads\/usu3053\/2024\/12\/Detall-musica-1-1536x1152.jpg\" alt=\"\" data-id=\"670\" data-link=\"https:\/\/agora.xtec.cat\/ietramuntana\/general\/gracies-equip-de-cuina\/attachment\/detall-musica-1\/\" data-original-link=\"https:\/\/agora.xtec.cat\/ietramuntana\/wp-content\/uploads\/usu3053\/2024\/12\/Detall-musica-1.jpg\" class=\"wp-block-getwid-images-slider__image wp-image-670\"\/><\/figure><\/div><\/div><\/div>\n\n\n\n<p>L&#8217;alumnat de 4t de prim\u00e0ria ha estat practicant durant el primer trimestre la improvisaci\u00f3 musical amb els instruments Orff. <\/p>\n\n\n\n<p>Despr\u00e9s de molta pr\u00e0ctica, han realitzat una composici\u00f3 final en grup hi han decidit dedicar-la a l&#8217;equip de cuina com agra\u00efment a la seva feina.<\/p>\n","protected":false},"excerpt":{"rendered":"<p>L&#8217;alumnat de 4t de prim\u00e0ria ha estat practicant durant el primer trimestre la improvisaci\u00f3 musical amb els instruments Orff. Despr\u00e9s de molta pr\u00e0ctica, han realitzat una composici\u00f3 final en grup hi han decidit dedicar-la a l&#8217;equip de cuina com agra\u00efment a la seva feina.<\/p>\n","protected":false},"author":5,"featured_media":0,"comment_status":"open","ping_status":"open","sticky":false,"template":"","format":"standard","meta":{"site-sidebar-layout":"default","site-content-layout":"","ast-site-content-layout":"","site-content-style":"default","site-sidebar-style":"default","ast-global-header-display":"","ast-banner-title-visibility":"","ast-main-header-display":"","ast-hfb-above-header-display":"","ast-hfb-below-header-display":"","ast-hfb-mobile-header-display":"","site-post-title":"","ast-breadcrumbs-content":"","ast-featured-img":"","footer-sml-layout":"","theme-transparent-header-meta":"","adv-header-id-meta":"","stick-header-meta":"","header-above-stick-meta":"","header-main-stick-meta":"","header-below-stick-meta":"","astra-migrate-meta-layouts":"default","ast-page-background-enabled":"default","ast-page-background-meta":{"desktop":{"background-color":"var(--ast-global-color-4)","background-image":"","background-repeat":"repeat","background-position":"center center","background-size":"auto","background-attachment":"scroll","background-type":"","background-media":"","overlay-type":"","overlay-color":"","overlay-opacity":"","overlay-gradient":""},"tablet":{"background-color":"","background-image":"","background-repeat":"repeat","background-position":"center center","background-size":"auto","background-attachment":"scroll","background-type":"","background-media":"","overlay-type":"","overlay-color":"","overlay-opacity":"","overlay-gradient":""},"mobile":{"background-color":"","background-image":"","background-repeat":"repeat","background-position":"center center","background-size":"auto","background-attachment":"scroll","background-type":"","background-media":"","overlay-type":"","overlay-color":"","overlay-opacity":"","overlay-gradient":""}},"ast-content-background-meta":{"desktop":{"background-color":"var(--ast-global-color-5)","background-image":"","background-repeat":"repeat","background-position":"center center","background-size":"auto","background-attachment":"scroll","background-type":"","background-media":"","overlay-type":"","overlay-color":"","overlay-opacity":"","overlay-gradient":""},"tablet":{"background-color":"var(--ast-global-color-5)","background-image":"","background-repeat":"repeat","background-position":"center center","background-size":"auto","background-attachment":"scroll","background-type":"","background-media":"","overlay-type":"","overlay-color":"","overlay-opacity":"","overlay-gradient":""},"mobile":{"background-color":"var(--ast-global-color-5)","background-image":"","background-repeat":"repeat","background-position":"center center","background-size":"auto","background-attachment":"scroll","background-type":"","background-media":"","overlay-type":"","overlay-color":"","overlay-opacity":"","overlay-gradient":""}},"footnotes":""},"categories":[13,1,4],"tags":[],"class_list":["post-668","post","type-post","status-publish","format-standard","hentry","category-4t","category-general","category-portada"],"post_mailing_queue_ids":[],"_links":{"self":[{"href":"https:\/\/agora.xtec.cat\/ietramuntana\/wp-json\/wp\/v2\/posts\/668","targetHints":{"allow":["GET"]}}],"collection":[{"href":"https:\/\/agora.xtec.cat\/ietramuntana\/wp-json\/wp\/v2\/posts"}],"about":[{"href":"https:\/\/agora.xtec.cat\/ietramuntana\/wp-json\/wp\/v2\/types\/post"}],"author":[{"embeddable":true,"href":"https:\/\/agora.xtec.cat\/ietramuntana\/wp-json\/wp\/v2\/users\/5"}],"replies":[{"embeddable":true,"href":"https:\/\/agora.xtec.cat\/ietramuntana\/wp-json\/wp\/v2\/comments?post=668"}],"version-history":[{"count":4,"href":"https:\/\/agora.xtec.cat\/ietramuntana\/wp-json\/wp\/v2\/posts\/668\/revisions"}],"predecessor-version":[{"id":968,"href":"https:\/\/agora.xtec.cat\/ietramuntana\/wp-json\/wp\/v2\/posts\/668\/revisions\/968"}],"wp:attachment":[{"href":"https:\/\/agora.xtec.cat\/ietramuntana\/wp-json\/wp\/v2\/media?parent=668"}],"wp:term":[{"taxonomy":"category","embeddable":true,"href":"https:\/\/agora.xtec.cat\/ietramuntana\/wp-json\/wp\/v2\/categories?post=668"},{"taxonomy":"post_tag","embeddable":true,"href":"https:\/\/agora.xtec.cat\/ietramuntana\/wp-json\/wp\/v2\/tags?post=668"}],"curies":[{"name":"wp","href":"https:\/\/api.w.org\/{rel}","templated":true}]}}