{"id":2533,"date":"2026-04-29T09:00:00","date_gmt":"2026-04-29T07:00:00","guid":{"rendered":"https:\/\/agora.xtec.cat\/ietramuntana\/?p=2533"},"modified":"2026-04-28T21:03:02","modified_gmt":"2026-04-28T19:03:02","slug":"lie-tramuntana-acull-amb-exit-la-xxvi-trobada-de-gegants-descoles-de-catalunya","status":"publish","type":"post","link":"https:\/\/agora.xtec.cat\/ietramuntana\/general\/lie-tramuntana-acull-amb-exit-la-xxvi-trobada-de-gegants-descoles-de-catalunya\/","title":{"rendered":"L&#8217;IE Tramuntana acull amb \u00e8xit la XXVI Trobada de Gegants d&#8217;Escoles de Catalunya"},"content":{"rendered":"\n<p>Diumenge 19 d&#8217;abril, Sant Andreu va viure una jornada hist\u00f2rica amb la celebraci\u00f3 de la <strong>XXVI Trobada de Gegants d&#8217;Escoles de Catalunya<\/strong>. M\u00e9s de mil persones es van aplegar al voltant de l\u2019IE Tramuntana i dels Jardins de Lanzarote per celebrar una tradici\u00f3 que uneix <strong>escoles d\u2019arreu del pa\u00eds<\/strong> en una festa plena de m\u00fasica, germanor i molta il\u00b7lusi\u00f3.<\/p>\n\n\n\n<h3 class=\"wp-block-heading\">Una jornada de tradici\u00f3 i conviv\u00e8ncia<\/h3>\n\n\n\n<p>Durant el mat\u00ed, els assistents han pogut gaudir de diverses activitats: <strong>esmorzar de colla, jocs gegants i xanques per als m\u00e9s agosarats, l\u2019espectacle de m\u00e0gia del Mag Otger el Dos Barbes i el ritme incansable de la Banda del Tramuntana<\/strong>.<\/p>\n\n\n\n<p>El plat fort de la trobada va estar, sens dubte, <strong>la Cercavila<\/strong>. Els carrers de Sant Andreu es van omplir amb el so de les gralles i les batucades. Els gegants i gegantes van ballar i saludar als ve\u00efns i ve\u00efnes del barri, demostrant que la cultura escolar est\u00e0 m\u00e9s viva que mai.<\/p>\n\n\n\n<p>La celebraci\u00f3 va culminar amb un gran<strong> dinar de germanor i una paella popular<\/strong>. Com a tancament de festa, el <strong>Quinto Popular<\/strong> va repartir premis espectaculars i molts riures entre els participants.<\/p>\n\n\n\n<h3 class=\"wp-block-heading\">Agra\u00efments<\/h3>\n\n\n\n<p>L&#8217;\u00e8xit d&#8217;aquesta 26a edici\u00f3 no hauria estat possible sense la col\u00b7laboraci\u00f3 de l\u2019Ajuntament, les escoles visitants, els voluntaris, i el gran esfor\u00e7 de les 8 colles organitzadores i les seves respectives AFA:<\/p>\n\n\n\n<ul class=\"wp-block-list\">\n<li>Gibercussi\u00f3, Colla del Bota, Fedaca, Tur\u00f3Samba, Colla gegantera Can Fabra, Colla Ignasi Igl\u00e9sias, Colla tabals de La Maquinista i la nostra Batucada Tramuntana.<\/li>\n<\/ul>\n\n\n\n<p>Gr\u00e0cies a tothom per fer que aquesta roda continu\u00ef girant i per convertir el nostre centre en el batec de la tradici\u00f3!<\/p>\n\n\n\n<p>Si esteu interessats, tamb\u00e9 us deixem<a href=\"https:\/\/beteve.cat\/cultura\/sant-andreu-trobada-gegants-escoles-catalunya\"> la not\u00edcia<\/a> que el canal Betev\u00e9 va fer sobre aquest dia, amb especial menci\u00f3 a la nostra escola!<\/p>\n\n\n\n<p><strong>Visca la Trobada de Gegants d\u2019Escoles de Catalunya!<\/strong><\/p>\n\n\n\n<figure class=\"wp-block-image size-full is-resized\"><a href=\"https:\/\/agora.xtec.cat\/ietramuntana\/wp-content\/uploads\/usu3053\/2026\/04\/19042026_gegantsescoles5-1024x576-1.jpg\"><img loading=\"lazy\" decoding=\"async\" width=\"1024\" height=\"576\" src=\"https:\/\/agora.xtec.cat\/ietramuntana\/wp-content\/uploads\/usu3053\/2026\/04\/19042026_gegantsescoles5-1024x576-1.jpg\" alt=\"\" class=\"wp-image-2534\" style=\"width:597px;height:auto\" srcset=\"https:\/\/agora.xtec.cat\/ietramuntana\/wp-content\/uploads\/usu3053\/2026\/04\/19042026_gegantsescoles5-1024x576-1.jpg 1024w, https:\/\/agora.xtec.cat\/ietramuntana\/wp-content\/uploads\/usu3053\/2026\/04\/19042026_gegantsescoles5-1024x576-1-300x169.jpg 300w, https:\/\/agora.xtec.cat\/ietramuntana\/wp-content\/uploads\/usu3053\/2026\/04\/19042026_gegantsescoles5-1024x576-1-768x432.jpg 768w\" sizes=\"auto, (max-width: 1024px) 100vw, 1024px\" \/><\/a><\/figure>\n","protected":false},"excerpt":{"rendered":"<p>Diumenge 19 d&#8217;abril, Sant Andreu va viure una jornada hist\u00f2rica amb la celebraci\u00f3 de la XXVI Trobada de Gegants d&#8217;Escoles de Catalunya. M\u00e9s de mil persones es van aplegar al voltant de l\u2019IE Tramuntana i dels Jardins de Lanzarote per celebrar una tradici\u00f3 que uneix escoles d\u2019arreu del pa\u00eds en una festa plena de m\u00fasica, [&hellip;]<\/p>\n","protected":false},"author":1,"featured_media":2534,"comment_status":"open","ping_status":"open","sticky":false,"template":"","format":"standard","meta":{"site-sidebar-layout":"default","site-content-layout":"","ast-site-content-layout":"default","site-content-style":"default","site-sidebar-style":"default","ast-global-header-display":"","ast-banner-title-visibility":"","ast-main-header-display":"","ast-hfb-above-header-display":"","ast-hfb-below-header-display":"","ast-hfb-mobile-header-display":"","site-post-title":"","ast-breadcrumbs-content":"","ast-featured-img":"","footer-sml-layout":"","theme-transparent-header-meta":"","adv-header-id-meta":"","stick-header-meta":"","header-above-stick-meta":"","header-main-stick-meta":"","header-below-stick-meta":"","astra-migrate-meta-layouts":"set","ast-page-background-enabled":"default","ast-page-background-meta":{"desktop":{"background-color":"var(--ast-global-color-4)","background-image":"","background-repeat":"repeat","background-position":"center center","background-size":"auto","background-attachment":"scroll","background-type":"","background-media":"","overlay-type":"","overlay-color":"","overlay-opacity":"","overlay-gradient":""},"tablet":{"background-color":"","background-image":"","background-repeat":"repeat","background-position":"center center","background-size":"auto","background-attachment":"scroll","background-type":"","background-media":"","overlay-type":"","overlay-color":"","overlay-opacity":"","overlay-gradient":""},"mobile":{"background-color":"","background-image":"","background-repeat":"repeat","background-position":"center center","background-size":"auto","background-attachment":"scroll","background-type":"","background-media":"","overlay-type":"","overlay-color":"","overlay-opacity":"","overlay-gradient":""}},"ast-content-background-meta":{"desktop":{"background-color":"var(--ast-global-color-5)","background-image":"","background-repeat":"repeat","background-position":"center center","background-size":"auto","background-attachment":"scroll","background-type":"","background-media":"","overlay-type":"","overlay-color":"","overlay-opacity":"","overlay-gradient":""},"tablet":{"background-color":"var(--ast-global-color-5)","background-image":"","background-repeat":"repeat","background-position":"center center","background-size":"auto","background-attachment":"scroll","background-type":"","background-media":"","overlay-type":"","overlay-color":"","overlay-opacity":"","overlay-gradient":""},"mobile":{"background-color":"var(--ast-global-color-5)","background-image":"","background-repeat":"repeat","background-position":"center center","background-size":"auto","background-attachment":"scroll","background-type":"","background-media":"","overlay-type":"","overlay-color":"","overlay-opacity":"","overlay-gradient":""}},"footnotes":""},"categories":[7,1,4],"tags":[],"class_list":["post-2533","post","type-post","status-publish","format-standard","has-post-thumbnail","hentry","category-afa","category-general","category-portada"],"post_mailing_queue_ids":[],"_links":{"self":[{"href":"https:\/\/agora.xtec.cat\/ietramuntana\/wp-json\/wp\/v2\/posts\/2533","targetHints":{"allow":["GET"]}}],"collection":[{"href":"https:\/\/agora.xtec.cat\/ietramuntana\/wp-json\/wp\/v2\/posts"}],"about":[{"href":"https:\/\/agora.xtec.cat\/ietramuntana\/wp-json\/wp\/v2\/types\/post"}],"author":[{"embeddable":true,"href":"https:\/\/agora.xtec.cat\/ietramuntana\/wp-json\/wp\/v2\/users\/1"}],"replies":[{"embeddable":true,"href":"https:\/\/agora.xtec.cat\/ietramuntana\/wp-json\/wp\/v2\/comments?post=2533"}],"version-history":[{"count":1,"href":"https:\/\/agora.xtec.cat\/ietramuntana\/wp-json\/wp\/v2\/posts\/2533\/revisions"}],"predecessor-version":[{"id":2535,"href":"https:\/\/agora.xtec.cat\/ietramuntana\/wp-json\/wp\/v2\/posts\/2533\/revisions\/2535"}],"wp:featuredmedia":[{"embeddable":true,"href":"https:\/\/agora.xtec.cat\/ietramuntana\/wp-json\/wp\/v2\/media\/2534"}],"wp:attachment":[{"href":"https:\/\/agora.xtec.cat\/ietramuntana\/wp-json\/wp\/v2\/media?parent=2533"}],"wp:term":[{"taxonomy":"category","embeddable":true,"href":"https:\/\/agora.xtec.cat\/ietramuntana\/wp-json\/wp\/v2\/categories?post=2533"},{"taxonomy":"post_tag","embeddable":true,"href":"https:\/\/agora.xtec.cat\/ietramuntana\/wp-json\/wp\/v2\/tags?post=2533"}],"curies":[{"name":"wp","href":"https:\/\/api.w.org\/{rel}","templated":true}]}}