{"id":2465,"date":"2026-04-06T11:01:06","date_gmt":"2026-04-06T09:01:06","guid":{"rendered":"https:\/\/agora.xtec.cat\/ietramuntana\/?p=2465"},"modified":"2026-04-06T11:01:06","modified_gmt":"2026-04-06T09:01:06","slug":"laigua-ha-tornat-i-amb-forca","status":"publish","type":"post","link":"https:\/\/agora.xtec.cat\/ietramuntana\/general\/laigua-ha-tornat-i-amb-forca\/","title":{"rendered":"L\u2019aigua ha tornat\u2026 i amb for\u00e7a"},"content":{"rendered":"\n<p>Els alumnes de 3r estem molt contents de les not\u00edcies que publiquen els diaris. I \u00e9s que els embassaments catalans gaudeixen de molt bona salut: estan molt plens gr\u00e0cies a les pluges d\u2019aquest hivern, una situaci\u00f3 ben diferent de la del 2023, quan es trobaven sota m\u00ednims.<\/p>\n\n\n\n<p>A la classe de la Pegaso i a la Casa Bloc estem treballant l\u2019aigua en un projecte que ens ha perm\u00e8s descobrir moltes coses. Hem fet experiments, observacions i moltes descobertes\u2026 per\u00f2 una de les experi\u00e8ncies m\u00e9s especials ha estat rebre la visita d\u2019en <strong>Narc\u00eds Prat Fornells.<\/strong><\/p>\n\n\n\n<figure class=\"wp-block-image size-large\"><a href=\"https:\/\/agora.xtec.cat\/ietramuntana\/wp-content\/uploads\/usu3053\/2026\/04\/20260325_124613-scaled.jpg\"><img loading=\"lazy\" decoding=\"async\" width=\"1024\" height=\"768\" src=\"https:\/\/agora.xtec.cat\/ietramuntana\/wp-content\/uploads\/usu3053\/2026\/04\/20260325_124613-1024x768.jpg\" alt=\"\" class=\"wp-image-2470\" srcset=\"https:\/\/agora.xtec.cat\/ietramuntana\/wp-content\/uploads\/usu3053\/2026\/04\/20260325_124613-1024x768.jpg 1024w, https:\/\/agora.xtec.cat\/ietramuntana\/wp-content\/uploads\/usu3053\/2026\/04\/20260325_124613-300x225.jpg 300w, https:\/\/agora.xtec.cat\/ietramuntana\/wp-content\/uploads\/usu3053\/2026\/04\/20260325_124613-768x576.jpg 768w, https:\/\/agora.xtec.cat\/ietramuntana\/wp-content\/uploads\/usu3053\/2026\/04\/20260325_124613-1536x1152.jpg 1536w, https:\/\/agora.xtec.cat\/ietramuntana\/wp-content\/uploads\/usu3053\/2026\/04\/20260325_124613-2048x1536.jpg 2048w\" sizes=\"auto, (max-width: 1024px) 100vw, 1024px\" \/><\/a><\/figure>\n\n\n\n<p>Va venir a l\u2019escola i a la nostra classe, i amb dibuixos i imatges ens va anar explicant moltes curiositats. Es nota que en sap molt!<\/p>\n\n\n\n<p>Tot va comen\u00e7ar quan vam trobar una not\u00edcia seva en qu\u00e8 afirmava que els embassaments ja no s\u00f3n la soluci\u00f3. Encuriosits, vam investigar la seva traject\u00f2ria i vam decidir posar-nos en contacte amb ell. Aquest professor em\u00e8rit de la Universitat de Barcelona, bi\u00f2leg, especialista en ecologia i investigador, ens ha ajudat a entendre millor el paper dels embassaments: serveixen per recollir aigua i regular el cabal dels rius, per\u00f2 tamb\u00e9 poden tenir impactes en els ecosistemes si no es gestionen b\u00e9.<\/p>\n\n\n\n<p>Tamb\u00e9 hem apr\u00e8s que l\u2019aigua no \u00e9s nom\u00e9s un recurs per a les persones o l\u2019agricultura, sin\u00f3 que \u00e9s l\u2019h\u00e0bitat de moltes esp\u00e8cies i un element essencial per a la vida. Ara sabem que observar els \u00e9ssers vius dels rius ens ajuda a saber si estan sans o contaminats. A m\u00e9s, ens ha explicat altres maneres d\u2019aprofitar l\u2019aigua amb menys impacte ambiental, com la regeneraci\u00f3 a trav\u00e9s de depuradores, les plantes potabilitzadores o les dessalinitzadores.<\/p>\n\n\n\n<p>Per acabar, ens va signar el seu llibre &#8220;Aigua. Una immersi\u00f3 r\u00e0pida&#8221;, i ens vam quedar amb moltes ganes de continuar aprenent.<\/p>\n\n\n\n<figure class=\"wp-block-image size-large\"><a href=\"https:\/\/agora.xtec.cat\/ietramuntana\/wp-content\/uploads\/usu3053\/2026\/04\/20260326_181955-scaled.jpg\"><img loading=\"lazy\" decoding=\"async\" width=\"1024\" height=\"832\" src=\"https:\/\/agora.xtec.cat\/ietramuntana\/wp-content\/uploads\/usu3053\/2026\/04\/20260326_181955-1024x832.jpg\" alt=\"\" class=\"wp-image-2468\" srcset=\"https:\/\/agora.xtec.cat\/ietramuntana\/wp-content\/uploads\/usu3053\/2026\/04\/20260326_181955-1024x832.jpg 1024w, https:\/\/agora.xtec.cat\/ietramuntana\/wp-content\/uploads\/usu3053\/2026\/04\/20260326_181955-300x244.jpg 300w, https:\/\/agora.xtec.cat\/ietramuntana\/wp-content\/uploads\/usu3053\/2026\/04\/20260326_181955-768x624.jpg 768w, https:\/\/agora.xtec.cat\/ietramuntana\/wp-content\/uploads\/usu3053\/2026\/04\/20260326_181955-1536x1248.jpg 1536w, https:\/\/agora.xtec.cat\/ietramuntana\/wp-content\/uploads\/usu3053\/2026\/04\/20260326_181955-2048x1664.jpg 2048w\" sizes=\"auto, (max-width: 1024px) 100vw, 1024px\" \/><\/a><\/figure>\n\n\n\n<p>Finalment, els alumnes de 3r us volem recordar la import\u00e0ncia de fer un bon \u00fas d\u2019aquest b\u00e9 tan preuat: l\u2019aigua.<\/p>\n\n\n\n<figure class=\"wp-block-image size-large\"><a href=\"https:\/\/agora.xtec.cat\/ietramuntana\/wp-content\/uploads\/usu3053\/2026\/04\/WhatsApp-Image-2026-03-27-at-10.39.32-1.jpeg\"><img loading=\"lazy\" decoding=\"async\" width=\"1024\" height=\"768\" src=\"https:\/\/agora.xtec.cat\/ietramuntana\/wp-content\/uploads\/usu3053\/2026\/04\/WhatsApp-Image-2026-03-27-at-10.39.32-1-1024x768.jpeg\" alt=\"\" class=\"wp-image-2466\" srcset=\"https:\/\/agora.xtec.cat\/ietramuntana\/wp-content\/uploads\/usu3053\/2026\/04\/WhatsApp-Image-2026-03-27-at-10.39.32-1-1024x768.jpeg 1024w, https:\/\/agora.xtec.cat\/ietramuntana\/wp-content\/uploads\/usu3053\/2026\/04\/WhatsApp-Image-2026-03-27-at-10.39.32-1-300x225.jpeg 300w, https:\/\/agora.xtec.cat\/ietramuntana\/wp-content\/uploads\/usu3053\/2026\/04\/WhatsApp-Image-2026-03-27-at-10.39.32-1-768x576.jpeg 768w, https:\/\/agora.xtec.cat\/ietramuntana\/wp-content\/uploads\/usu3053\/2026\/04\/WhatsApp-Image-2026-03-27-at-10.39.32-1-1536x1152.jpeg 1536w, https:\/\/agora.xtec.cat\/ietramuntana\/wp-content\/uploads\/usu3053\/2026\/04\/WhatsApp-Image-2026-03-27-at-10.39.32-1.jpeg 2048w\" sizes=\"auto, (max-width: 1024px) 100vw, 1024px\" \/><\/a><\/figure>\n\n\n\n<p><\/p>\n","protected":false},"excerpt":{"rendered":"<p>Els alumnes de 3r estem molt contents de les not\u00edcies que publiquen els diaris. I \u00e9s que els embassaments catalans gaudeixen de molt bona salut: estan molt plens gr\u00e0cies a les pluges d\u2019aquest hivern, una situaci\u00f3 ben diferent de la del 2023, quan es trobaven sota m\u00ednims. A la classe de la Pegaso i a [&hellip;]<\/p>\n","protected":false},"author":1,"featured_media":2466,"comment_status":"open","ping_status":"open","sticky":false,"template":"","format":"standard","meta":{"site-sidebar-layout":"default","site-content-layout":"","ast-site-content-layout":"default","site-content-style":"default","site-sidebar-style":"default","ast-global-header-display":"","ast-banner-title-visibility":"","ast-main-header-display":"","ast-hfb-above-header-display":"","ast-hfb-below-header-display":"","ast-hfb-mobile-header-display":"","site-post-title":"","ast-breadcrumbs-content":"","ast-featured-img":"","footer-sml-layout":"","theme-transparent-header-meta":"","adv-header-id-meta":"","stick-header-meta":"","header-above-stick-meta":"","header-main-stick-meta":"","header-below-stick-meta":"","astra-migrate-meta-layouts":"set","ast-page-background-enabled":"default","ast-page-background-meta":{"desktop":{"background-color":"var(--ast-global-color-4)","background-image":"","background-repeat":"repeat","background-position":"center center","background-size":"auto","background-attachment":"scroll","background-type":"","background-media":"","overlay-type":"","overlay-color":"","overlay-opacity":"","overlay-gradient":""},"tablet":{"background-color":"","background-image":"","background-repeat":"repeat","background-position":"center center","background-size":"auto","background-attachment":"scroll","background-type":"","background-media":"","overlay-type":"","overlay-color":"","overlay-opacity":"","overlay-gradient":""},"mobile":{"background-color":"","background-image":"","background-repeat":"repeat","background-position":"center center","background-size":"auto","background-attachment":"scroll","background-type":"","background-media":"","overlay-type":"","overlay-color":"","overlay-opacity":"","overlay-gradient":""}},"ast-content-background-meta":{"desktop":{"background-color":"var(--ast-global-color-5)","background-image":"","background-repeat":"repeat","background-position":"center center","background-size":"auto","background-attachment":"scroll","background-type":"","background-media":"","overlay-type":"","overlay-color":"","overlay-opacity":"","overlay-gradient":""},"tablet":{"background-color":"var(--ast-global-color-5)","background-image":"","background-repeat":"repeat","background-position":"center center","background-size":"auto","background-attachment":"scroll","background-type":"","background-media":"","overlay-type":"","overlay-color":"","overlay-opacity":"","overlay-gradient":""},"mobile":{"background-color":"var(--ast-global-color-5)","background-image":"","background-repeat":"repeat","background-position":"center center","background-size":"auto","background-attachment":"scroll","background-type":"","background-media":"","overlay-type":"","overlay-color":"","overlay-opacity":"","overlay-gradient":""}},"footnotes":""},"categories":[12,1,4,5],"tags":[],"class_list":["post-2465","post","type-post","status-publish","format-standard","has-post-thumbnail","hentry","category-3r","category-general","category-portada","category-primaria"],"post_mailing_queue_ids":[],"_links":{"self":[{"href":"https:\/\/agora.xtec.cat\/ietramuntana\/wp-json\/wp\/v2\/posts\/2465","targetHints":{"allow":["GET"]}}],"collection":[{"href":"https:\/\/agora.xtec.cat\/ietramuntana\/wp-json\/wp\/v2\/posts"}],"about":[{"href":"https:\/\/agora.xtec.cat\/ietramuntana\/wp-json\/wp\/v2\/types\/post"}],"author":[{"embeddable":true,"href":"https:\/\/agora.xtec.cat\/ietramuntana\/wp-json\/wp\/v2\/users\/1"}],"replies":[{"embeddable":true,"href":"https:\/\/agora.xtec.cat\/ietramuntana\/wp-json\/wp\/v2\/comments?post=2465"}],"version-history":[{"count":2,"href":"https:\/\/agora.xtec.cat\/ietramuntana\/wp-json\/wp\/v2\/posts\/2465\/revisions"}],"predecessor-version":[{"id":2473,"href":"https:\/\/agora.xtec.cat\/ietramuntana\/wp-json\/wp\/v2\/posts\/2465\/revisions\/2473"}],"wp:featuredmedia":[{"embeddable":true,"href":"https:\/\/agora.xtec.cat\/ietramuntana\/wp-json\/wp\/v2\/media\/2466"}],"wp:attachment":[{"href":"https:\/\/agora.xtec.cat\/ietramuntana\/wp-json\/wp\/v2\/media?parent=2465"}],"wp:term":[{"taxonomy":"category","embeddable":true,"href":"https:\/\/agora.xtec.cat\/ietramuntana\/wp-json\/wp\/v2\/categories?post=2465"},{"taxonomy":"post_tag","embeddable":true,"href":"https:\/\/agora.xtec.cat\/ietramuntana\/wp-json\/wp\/v2\/tags?post=2465"}],"curies":[{"name":"wp","href":"https:\/\/api.w.org\/{rel}","templated":true}]}}