{"id":2434,"date":"2026-03-12T09:23:00","date_gmt":"2026-03-12T08:23:00","guid":{"rendered":"https:\/\/agora.xtec.cat\/ietramuntana\/?p=2434"},"modified":"2026-03-11T21:26:44","modified_gmt":"2026-03-11T20:26:44","slug":"al-cor-de-la-batalla-de-lebre","status":"publish","type":"post","link":"https:\/\/agora.xtec.cat\/ietramuntana\/general\/al-cor-de-la-batalla-de-lebre\/","title":{"rendered":"Al cor de la Batalla de l\u2019Ebre"},"content":{"rendered":"\n<p>El passat 2 de mar\u00e7, l\u2019alumnat de 4t d\u2019ESO va realitzar una sortida als escenaris de la Batalla de l&#8217;Ebre. La visita, emmarcada en les mat\u00e8ries de Constel\u00b7lacions liter\u00e0ries i Hist\u00f2ria, ha perm\u00e8s con\u00e8ixer de prop un dels episodis m\u00e9s decisius de la Guerra Civil Espanyola i que marcaria el seu desenlla\u00e7.&nbsp;<\/p>\n\n\n\n<p>L\u2019alumnat va rec\u00f3rrer els mateixos escenaris on, el 1938, milers de soldats van viure i combatre en unes condicions extremes. L\u2019experi\u00e8ncia ha afavorit una comprensi\u00f3 m\u00e9s profunda del passat i de la duresa i l\u2019impacte que aquella batalla va tenir en la poblaci\u00f3 civil i les seves conseq\u00fc\u00e8ncies en el present.&nbsp;<\/p>\n\n\n\n<div class=\"wp-block-getwid-images-slider has-arrows-inside has-dots-inside has-images-center has-cropped-images has-fixed-height\"><div class=\"wp-block-getwid-images-slider__wrapper\" data-effect=\"slide\" data-slides-show=\"1\" data-slides-show-laptop=\"1\" data-slides-show-tablet=\"1\" data-slides-show-mobile=\"1\" data-slides-scroll=\"1\" data-autoplay=\"false\" data-pause-hover=\"false\" data-autoplay-speed=\"6000\" data-infinite=\"true\" data-animation-speed=\"800\" data-center-mode=\"false\" data-variable-width=\"false\" data-arrows=\"inside\" data-dots=\"inside\" data-spacing=\"none\"><div class=\"wp-block-getwid-images-slider__item\" style=\"height:600px\"><figure><img loading=\"lazy\" decoding=\"async\" width=\"768\" height=\"355\" src=\"https:\/\/agora.xtec.cat\/ietramuntana\/wp-content\/uploads\/usu3053\/2026\/03\/Foto-batalla-Ebre-768x355.jpeg\" alt=\"\" data-id=\"2435\" data-link=\"https:\/\/agora.xtec.cat\/ietramuntana\/?attachment_id=2435\" data-original-link=\"https:\/\/agora.xtec.cat\/ietramuntana\/wp-content\/uploads\/usu3053\/2026\/03\/Foto-batalla-Ebre.jpeg\" class=\"wp-block-getwid-images-slider__image wp-image-2435\" srcset=\"https:\/\/agora.xtec.cat\/ietramuntana\/wp-content\/uploads\/usu3053\/2026\/03\/Foto-batalla-Ebre-768x355.jpeg 768w, https:\/\/agora.xtec.cat\/ietramuntana\/wp-content\/uploads\/usu3053\/2026\/03\/Foto-batalla-Ebre-300x139.jpeg 300w, https:\/\/agora.xtec.cat\/ietramuntana\/wp-content\/uploads\/usu3053\/2026\/03\/Foto-batalla-Ebre-1024x473.jpeg 1024w, https:\/\/agora.xtec.cat\/ietramuntana\/wp-content\/uploads\/usu3053\/2026\/03\/Foto-batalla-Ebre.jpeg 1280w\" sizes=\"auto, (max-width: 768px) 100vw, 768px\" \/><\/figure><\/div><div class=\"wp-block-getwid-images-slider__item\" style=\"height:600px\"><figure><img loading=\"lazy\" decoding=\"async\" width=\"768\" height=\"1093\" src=\"https:\/\/agora.xtec.cat\/ietramuntana\/wp-content\/uploads\/usu3053\/2026\/03\/Foto-batalla-de-lEbre-3-768x1093.jpeg\" alt=\"\" data-id=\"2436\" data-link=\"https:\/\/agora.xtec.cat\/ietramuntana\/?attachment_id=2436\" data-original-link=\"https:\/\/agora.xtec.cat\/ietramuntana\/wp-content\/uploads\/usu3053\/2026\/03\/Foto-batalla-de-lEbre-3.jpeg\" class=\"wp-block-getwid-images-slider__image wp-image-2436\" srcset=\"https:\/\/agora.xtec.cat\/ietramuntana\/wp-content\/uploads\/usu3053\/2026\/03\/Foto-batalla-de-lEbre-3-768x1093.jpeg 768w, https:\/\/agora.xtec.cat\/ietramuntana\/wp-content\/uploads\/usu3053\/2026\/03\/Foto-batalla-de-lEbre-3-211x300.jpeg 211w, https:\/\/agora.xtec.cat\/ietramuntana\/wp-content\/uploads\/usu3053\/2026\/03\/Foto-batalla-de-lEbre-3-719x1024.jpeg 719w, https:\/\/agora.xtec.cat\/ietramuntana\/wp-content\/uploads\/usu3053\/2026\/03\/Foto-batalla-de-lEbre-3-1079x1536.jpeg 1079w, https:\/\/agora.xtec.cat\/ietramuntana\/wp-content\/uploads\/usu3053\/2026\/03\/Foto-batalla-de-lEbre-3.jpeg 1124w\" sizes=\"auto, (max-width: 768px) 100vw, 768px\" \/><\/figure><\/div><div class=\"wp-block-getwid-images-slider__item\" style=\"height:600px\"><figure><img loading=\"lazy\" decoding=\"async\" width=\"768\" height=\"576\" src=\"https:\/\/agora.xtec.cat\/ietramuntana\/wp-content\/uploads\/usu3053\/2026\/03\/Foto-batalla-Ebre-2-768x576.jpeg\" alt=\"\" data-id=\"2437\" data-link=\"https:\/\/agora.xtec.cat\/ietramuntana\/?attachment_id=2437\" data-original-link=\"https:\/\/agora.xtec.cat\/ietramuntana\/wp-content\/uploads\/usu3053\/2026\/03\/Foto-batalla-Ebre-2.jpeg\" class=\"wp-block-getwid-images-slider__image wp-image-2437\" srcset=\"https:\/\/agora.xtec.cat\/ietramuntana\/wp-content\/uploads\/usu3053\/2026\/03\/Foto-batalla-Ebre-2-768x576.jpeg 768w, https:\/\/agora.xtec.cat\/ietramuntana\/wp-content\/uploads\/usu3053\/2026\/03\/Foto-batalla-Ebre-2-300x225.jpeg 300w, https:\/\/agora.xtec.cat\/ietramuntana\/wp-content\/uploads\/usu3053\/2026\/03\/Foto-batalla-Ebre-2-1024x768.jpeg 1024w, https:\/\/agora.xtec.cat\/ietramuntana\/wp-content\/uploads\/usu3053\/2026\/03\/Foto-batalla-Ebre-2-1536x1152.jpeg 1536w, https:\/\/agora.xtec.cat\/ietramuntana\/wp-content\/uploads\/usu3053\/2026\/03\/Foto-batalla-Ebre-2.jpeg 1600w\" sizes=\"auto, (max-width: 768px) 100vw, 768px\" \/><\/figure><\/div><\/div><\/div>\n","protected":false},"excerpt":{"rendered":"<p>El passat 2 de mar\u00e7, l\u2019alumnat de 4t d\u2019ESO va realitzar una sortida als escenaris de la Batalla de l&#8217;Ebre. La visita, emmarcada en les mat\u00e8ries de Constel\u00b7lacions liter\u00e0ries i Hist\u00f2ria, ha perm\u00e8s con\u00e8ixer de prop un dels episodis m\u00e9s decisius de la Guerra Civil Espanyola i que marcaria el seu desenlla\u00e7.&nbsp; L\u2019alumnat va rec\u00f3rrer [&hellip;]<\/p>\n","protected":false},"author":1,"featured_media":2435,"comment_status":"open","ping_status":"open","sticky":false,"template":"","format":"standard","meta":{"site-sidebar-layout":"default","site-content-layout":"","ast-site-content-layout":"default","site-content-style":"default","site-sidebar-style":"default","ast-global-header-display":"","ast-banner-title-visibility":"","ast-main-header-display":"","ast-hfb-above-header-display":"","ast-hfb-below-header-display":"","ast-hfb-mobile-header-display":"","site-post-title":"","ast-breadcrumbs-content":"","ast-featured-img":"","footer-sml-layout":"","theme-transparent-header-meta":"","adv-header-id-meta":"","stick-header-meta":"","header-above-stick-meta":"","header-main-stick-meta":"","header-below-stick-meta":"","astra-migrate-meta-layouts":"set","ast-page-background-enabled":"default","ast-page-background-meta":{"desktop":{"background-color":"var(--ast-global-color-4)","background-image":"","background-repeat":"repeat","background-position":"center center","background-size":"auto","background-attachment":"scroll","background-type":"","background-media":"","overlay-type":"","overlay-color":"","overlay-opacity":"","overlay-gradient":""},"tablet":{"background-color":"","background-image":"","background-repeat":"repeat","background-position":"center center","background-size":"auto","background-attachment":"scroll","background-type":"","background-media":"","overlay-type":"","overlay-color":"","overlay-opacity":"","overlay-gradient":""},"mobile":{"background-color":"","background-image":"","background-repeat":"repeat","background-position":"center center","background-size":"auto","background-attachment":"scroll","background-type":"","background-media":"","overlay-type":"","overlay-color":"","overlay-opacity":"","overlay-gradient":""}},"ast-content-background-meta":{"desktop":{"background-color":"var(--ast-global-color-5)","background-image":"","background-repeat":"repeat","background-position":"center center","background-size":"auto","background-attachment":"scroll","background-type":"","background-media":"","overlay-type":"","overlay-color":"","overlay-opacity":"","overlay-gradient":""},"tablet":{"background-color":"var(--ast-global-color-5)","background-image":"","background-repeat":"repeat","background-position":"center center","background-size":"auto","background-attachment":"scroll","background-type":"","background-media":"","overlay-type":"","overlay-color":"","overlay-opacity":"","overlay-gradient":""},"mobile":{"background-color":"var(--ast-global-color-5)","background-image":"","background-repeat":"repeat","background-position":"center center","background-size":"auto","background-attachment":"scroll","background-type":"","background-media":"","overlay-type":"","overlay-color":"","overlay-opacity":"","overlay-gradient":""}},"footnotes":""},"categories":[77,1,4,72],"tags":[],"class_list":["post-2434","post","type-post","status-publish","format-standard","has-post-thumbnail","hentry","category-4-eso","category-general","category-portada","category-secundaria"],"post_mailing_queue_ids":[],"_links":{"self":[{"href":"https:\/\/agora.xtec.cat\/ietramuntana\/wp-json\/wp\/v2\/posts\/2434","targetHints":{"allow":["GET"]}}],"collection":[{"href":"https:\/\/agora.xtec.cat\/ietramuntana\/wp-json\/wp\/v2\/posts"}],"about":[{"href":"https:\/\/agora.xtec.cat\/ietramuntana\/wp-json\/wp\/v2\/types\/post"}],"author":[{"embeddable":true,"href":"https:\/\/agora.xtec.cat\/ietramuntana\/wp-json\/wp\/v2\/users\/1"}],"replies":[{"embeddable":true,"href":"https:\/\/agora.xtec.cat\/ietramuntana\/wp-json\/wp\/v2\/comments?post=2434"}],"version-history":[{"count":1,"href":"https:\/\/agora.xtec.cat\/ietramuntana\/wp-json\/wp\/v2\/posts\/2434\/revisions"}],"predecessor-version":[{"id":2438,"href":"https:\/\/agora.xtec.cat\/ietramuntana\/wp-json\/wp\/v2\/posts\/2434\/revisions\/2438"}],"wp:featuredmedia":[{"embeddable":true,"href":"https:\/\/agora.xtec.cat\/ietramuntana\/wp-json\/wp\/v2\/media\/2435"}],"wp:attachment":[{"href":"https:\/\/agora.xtec.cat\/ietramuntana\/wp-json\/wp\/v2\/media?parent=2434"}],"wp:term":[{"taxonomy":"category","embeddable":true,"href":"https:\/\/agora.xtec.cat\/ietramuntana\/wp-json\/wp\/v2\/categories?post=2434"},{"taxonomy":"post_tag","embeddable":true,"href":"https:\/\/agora.xtec.cat\/ietramuntana\/wp-json\/wp\/v2\/tags?post=2434"}],"curies":[{"name":"wp","href":"https:\/\/api.w.org\/{rel}","templated":true}]}}