{"id":2348,"date":"2026-03-02T09:26:00","date_gmt":"2026-03-02T08:26:00","guid":{"rendered":"https:\/\/agora.xtec.cat\/ietramuntana\/?p=2348"},"modified":"2026-02-24T15:58:10","modified_gmt":"2026-02-24T14:58:10","slug":"connectem-amb-la-musica-des-dinfantil","status":"publish","type":"post","link":"https:\/\/agora.xtec.cat\/ietramuntana\/general\/connectem-amb-la-musica-des-dinfantil\/","title":{"rendered":"Connectem amb la m\u00fasica des d&#8217;infantil"},"content":{"rendered":"\n<p>A les sessions de&nbsp; m\u00fasica d\u2019infantil, aprenem m\u00fasica cantant can\u00e7ons i fent activitats motrius. L\u2019eix vertebrador de la mat\u00e8ria \u00e9s la can\u00e7\u00f3 tradicional. Amb ella aprenem noves paraules, ampliant aix\u00ed el nostre vocabulari, i coneixem m\u00e9s b\u00e9 les festes populars de la nostra cultura.<\/p>\n\n\n\n<p>Durant el primer trimestre, hem preparat el concert d\u2019hivern. Un concert on hem apr\u00e8s a col\u00b7locar-nos a l\u2019escenari, a estar molt atents\/es i a valorar les activitats art\u00edstiques com a mitj\u00e0 de comunicaci\u00f3 emocional.&nbsp;<\/p>\n\n\n\n<div class=\"wp-block-getwid-images-slider has-arrows-inside has-dots-inside has-images-center has-fitted-images\"><div class=\"wp-block-getwid-images-slider__wrapper\" data-effect=\"slide\" data-slides-show=\"1\" data-slides-show-laptop=\"1\" data-slides-show-tablet=\"1\" data-slides-show-mobile=\"1\" data-slides-scroll=\"1\" data-autoplay=\"false\" data-pause-hover=\"false\" data-autoplay-speed=\"6000\" data-infinite=\"true\" data-animation-speed=\"800\" data-center-mode=\"false\" data-variable-width=\"false\" data-arrows=\"inside\" data-dots=\"inside\" data-spacing=\"none\"><div class=\"wp-block-getwid-images-slider__item\"><figure><img loading=\"lazy\" decoding=\"async\" width=\"768\" height=\"576\" src=\"https:\/\/agora.xtec.cat\/ietramuntana\/wp-content\/uploads\/usu3053\/2026\/03\/PHOTO-2026-02-19-18-28-22-768x576.jpg\" alt=\"\" data-id=\"2361\" data-link=\"https:\/\/agora.xtec.cat\/ietramuntana\/?attachment_id=2361\" data-original-link=\"https:\/\/agora.xtec.cat\/ietramuntana\/wp-content\/uploads\/usu3053\/2026\/03\/PHOTO-2026-02-19-18-28-22.jpg\" class=\"wp-block-getwid-images-slider__image wp-image-2361\" srcset=\"https:\/\/agora.xtec.cat\/ietramuntana\/wp-content\/uploads\/usu3053\/2026\/03\/PHOTO-2026-02-19-18-28-22-768x576.jpg 768w, https:\/\/agora.xtec.cat\/ietramuntana\/wp-content\/uploads\/usu3053\/2026\/03\/PHOTO-2026-02-19-18-28-22-300x225.jpg 300w, https:\/\/agora.xtec.cat\/ietramuntana\/wp-content\/uploads\/usu3053\/2026\/03\/PHOTO-2026-02-19-18-28-22-1024x768.jpg 1024w, https:\/\/agora.xtec.cat\/ietramuntana\/wp-content\/uploads\/usu3053\/2026\/03\/PHOTO-2026-02-19-18-28-22-1536x1152.jpg 1536w, https:\/\/agora.xtec.cat\/ietramuntana\/wp-content\/uploads\/usu3053\/2026\/03\/PHOTO-2026-02-19-18-28-22.jpg 1600w\" sizes=\"auto, (max-width: 768px) 100vw, 768px\" \/><\/figure><\/div><div class=\"wp-block-getwid-images-slider__item\"><figure><img loading=\"lazy\" decoding=\"async\" width=\"768\" height=\"576\" src=\"https:\/\/agora.xtec.cat\/ietramuntana\/wp-content\/uploads\/usu3053\/2026\/03\/PHOTO-2026-02-19-18-28-221-768x576.jpg\" alt=\"\" data-id=\"2360\" data-link=\"https:\/\/agora.xtec.cat\/ietramuntana\/?attachment_id=2360\" data-original-link=\"https:\/\/agora.xtec.cat\/ietramuntana\/wp-content\/uploads\/usu3053\/2026\/03\/PHOTO-2026-02-19-18-28-221.jpg\" class=\"wp-block-getwid-images-slider__image wp-image-2360\" srcset=\"https:\/\/agora.xtec.cat\/ietramuntana\/wp-content\/uploads\/usu3053\/2026\/03\/PHOTO-2026-02-19-18-28-221-768x576.jpg 768w, https:\/\/agora.xtec.cat\/ietramuntana\/wp-content\/uploads\/usu3053\/2026\/03\/PHOTO-2026-02-19-18-28-221-300x225.jpg 300w, https:\/\/agora.xtec.cat\/ietramuntana\/wp-content\/uploads\/usu3053\/2026\/03\/PHOTO-2026-02-19-18-28-221-1024x768.jpg 1024w, https:\/\/agora.xtec.cat\/ietramuntana\/wp-content\/uploads\/usu3053\/2026\/03\/PHOTO-2026-02-19-18-28-221-1536x1152.jpg 1536w, https:\/\/agora.xtec.cat\/ietramuntana\/wp-content\/uploads\/usu3053\/2026\/03\/PHOTO-2026-02-19-18-28-221.jpg 1600w\" sizes=\"auto, (max-width: 768px) 100vw, 768px\" \/><\/figure><\/div><div class=\"wp-block-getwid-images-slider__item\"><figure><img loading=\"lazy\" decoding=\"async\" width=\"768\" height=\"576\" src=\"https:\/\/agora.xtec.cat\/ietramuntana\/wp-content\/uploads\/usu3053\/2026\/03\/PHOTO-2026-02-19-18-28-222-768x576.jpg\" alt=\"\" data-id=\"2359\" data-link=\"https:\/\/agora.xtec.cat\/ietramuntana\/?attachment_id=2359\" data-original-link=\"https:\/\/agora.xtec.cat\/ietramuntana\/wp-content\/uploads\/usu3053\/2026\/03\/PHOTO-2026-02-19-18-28-222.jpg\" class=\"wp-block-getwid-images-slider__image wp-image-2359\" srcset=\"https:\/\/agora.xtec.cat\/ietramuntana\/wp-content\/uploads\/usu3053\/2026\/03\/PHOTO-2026-02-19-18-28-222-768x576.jpg 768w, https:\/\/agora.xtec.cat\/ietramuntana\/wp-content\/uploads\/usu3053\/2026\/03\/PHOTO-2026-02-19-18-28-222-300x225.jpg 300w, https:\/\/agora.xtec.cat\/ietramuntana\/wp-content\/uploads\/usu3053\/2026\/03\/PHOTO-2026-02-19-18-28-222-1024x768.jpg 1024w, https:\/\/agora.xtec.cat\/ietramuntana\/wp-content\/uploads\/usu3053\/2026\/03\/PHOTO-2026-02-19-18-28-222-1536x1152.jpg 1536w, https:\/\/agora.xtec.cat\/ietramuntana\/wp-content\/uploads\/usu3053\/2026\/03\/PHOTO-2026-02-19-18-28-222.jpg 1600w\" sizes=\"auto, (max-width: 768px) 100vw, 768px\" \/><\/figure><\/div><div class=\"wp-block-getwid-images-slider__item\"><figure><img loading=\"lazy\" decoding=\"async\" width=\"768\" height=\"576\" src=\"https:\/\/agora.xtec.cat\/ietramuntana\/wp-content\/uploads\/usu3053\/2026\/03\/PHOTO-2026-02-19-18-28-223-768x576.jpg\" alt=\"\" data-id=\"2358\" data-link=\"https:\/\/agora.xtec.cat\/ietramuntana\/?attachment_id=2358\" data-original-link=\"https:\/\/agora.xtec.cat\/ietramuntana\/wp-content\/uploads\/usu3053\/2026\/03\/PHOTO-2026-02-19-18-28-223.jpg\" class=\"wp-block-getwid-images-slider__image wp-image-2358\" srcset=\"https:\/\/agora.xtec.cat\/ietramuntana\/wp-content\/uploads\/usu3053\/2026\/03\/PHOTO-2026-02-19-18-28-223-768x576.jpg 768w, https:\/\/agora.xtec.cat\/ietramuntana\/wp-content\/uploads\/usu3053\/2026\/03\/PHOTO-2026-02-19-18-28-223-300x225.jpg 300w, https:\/\/agora.xtec.cat\/ietramuntana\/wp-content\/uploads\/usu3053\/2026\/03\/PHOTO-2026-02-19-18-28-223-1024x768.jpg 1024w, https:\/\/agora.xtec.cat\/ietramuntana\/wp-content\/uploads\/usu3053\/2026\/03\/PHOTO-2026-02-19-18-28-223-1536x1152.jpg 1536w, https:\/\/agora.xtec.cat\/ietramuntana\/wp-content\/uploads\/usu3053\/2026\/03\/PHOTO-2026-02-19-18-28-223.jpg 1600w\" sizes=\"auto, (max-width: 768px) 100vw, 768px\" \/><\/figure><\/div><div class=\"wp-block-getwid-images-slider__item\"><figure><img loading=\"lazy\" decoding=\"async\" width=\"768\" height=\"576\" src=\"https:\/\/agora.xtec.cat\/ietramuntana\/wp-content\/uploads\/usu3053\/2026\/03\/PHOTO-2026-02-19-18-28-224-768x576.jpg\" alt=\"\" data-id=\"2357\" data-link=\"https:\/\/agora.xtec.cat\/ietramuntana\/?attachment_id=2357\" data-original-link=\"https:\/\/agora.xtec.cat\/ietramuntana\/wp-content\/uploads\/usu3053\/2026\/03\/PHOTO-2026-02-19-18-28-224.jpg\" class=\"wp-block-getwid-images-slider__image wp-image-2357\" srcset=\"https:\/\/agora.xtec.cat\/ietramuntana\/wp-content\/uploads\/usu3053\/2026\/03\/PHOTO-2026-02-19-18-28-224-768x576.jpg 768w, https:\/\/agora.xtec.cat\/ietramuntana\/wp-content\/uploads\/usu3053\/2026\/03\/PHOTO-2026-02-19-18-28-224-300x225.jpg 300w, https:\/\/agora.xtec.cat\/ietramuntana\/wp-content\/uploads\/usu3053\/2026\/03\/PHOTO-2026-02-19-18-28-224-1024x768.jpg 1024w, https:\/\/agora.xtec.cat\/ietramuntana\/wp-content\/uploads\/usu3053\/2026\/03\/PHOTO-2026-02-19-18-28-224-1536x1152.jpg 1536w, https:\/\/agora.xtec.cat\/ietramuntana\/wp-content\/uploads\/usu3053\/2026\/03\/PHOTO-2026-02-19-18-28-224.jpg 1600w\" sizes=\"auto, (max-width: 768px) 100vw, 768px\" \/><\/figure><\/div><\/div><\/div>\n","protected":false},"excerpt":{"rendered":"<p>A les sessions de&nbsp; m\u00fasica d\u2019infantil, aprenem m\u00fasica cantant can\u00e7ons i fent activitats motrius. L\u2019eix vertebrador de la mat\u00e8ria \u00e9s la can\u00e7\u00f3 tradicional. Amb ella aprenem noves paraules, ampliant aix\u00ed el nostre vocabulari, i coneixem m\u00e9s b\u00e9 les festes populars de la nostra cultura. Durant el primer trimestre, hem preparat el concert d\u2019hivern. Un concert [&hellip;]<\/p>\n","protected":false},"author":3,"featured_media":2358,"comment_status":"open","ping_status":"open","sticky":false,"template":"","format":"standard","meta":{"site-sidebar-layout":"default","site-content-layout":"","ast-site-content-layout":"default","site-content-style":"default","site-sidebar-style":"default","ast-global-header-display":"","ast-banner-title-visibility":"","ast-main-header-display":"","ast-hfb-above-header-display":"","ast-hfb-below-header-display":"","ast-hfb-mobile-header-display":"","site-post-title":"","ast-breadcrumbs-content":"","ast-featured-img":"","footer-sml-layout":"","theme-transparent-header-meta":"","adv-header-id-meta":"","stick-header-meta":"","header-above-stick-meta":"","header-main-stick-meta":"","header-below-stick-meta":"","astra-migrate-meta-layouts":"set","ast-page-background-enabled":"default","ast-page-background-meta":{"desktop":{"background-color":"var(--ast-global-color-4)","background-image":"","background-repeat":"repeat","background-position":"center center","background-size":"auto","background-attachment":"scroll","background-type":"","background-media":"","overlay-type":"","overlay-color":"","overlay-opacity":"","overlay-gradient":""},"tablet":{"background-color":"","background-image":"","background-repeat":"repeat","background-position":"center center","background-size":"auto","background-attachment":"scroll","background-type":"","background-media":"","overlay-type":"","overlay-color":"","overlay-opacity":"","overlay-gradient":""},"mobile":{"background-color":"","background-image":"","background-repeat":"repeat","background-position":"center center","background-size":"auto","background-attachment":"scroll","background-type":"","background-media":"","overlay-type":"","overlay-color":"","overlay-opacity":"","overlay-gradient":""}},"ast-content-background-meta":{"desktop":{"background-color":"var(--ast-global-color-5)","background-image":"","background-repeat":"repeat","background-position":"center center","background-size":"auto","background-attachment":"scroll","background-type":"","background-media":"","overlay-type":"","overlay-color":"","overlay-opacity":"","overlay-gradient":""},"tablet":{"background-color":"var(--ast-global-color-5)","background-image":"","background-repeat":"repeat","background-position":"center center","background-size":"auto","background-attachment":"scroll","background-type":"","background-media":"","overlay-type":"","overlay-color":"","overlay-opacity":"","overlay-gradient":""},"mobile":{"background-color":"var(--ast-global-color-5)","background-image":"","background-repeat":"repeat","background-position":"center center","background-size":"auto","background-attachment":"scroll","background-type":"","background-media":"","overlay-type":"","overlay-color":"","overlay-opacity":"","overlay-gradient":""}},"footnotes":""},"categories":[1,3,8,9,2,4],"tags":[],"class_list":["post-2348","post","type-post","status-publish","format-standard","has-post-thumbnail","hentry","category-general","category-i3","category-i4","category-i5","category-infantil","category-portada"],"post_mailing_queue_ids":[],"_links":{"self":[{"href":"https:\/\/agora.xtec.cat\/ietramuntana\/wp-json\/wp\/v2\/posts\/2348","targetHints":{"allow":["GET"]}}],"collection":[{"href":"https:\/\/agora.xtec.cat\/ietramuntana\/wp-json\/wp\/v2\/posts"}],"about":[{"href":"https:\/\/agora.xtec.cat\/ietramuntana\/wp-json\/wp\/v2\/types\/post"}],"author":[{"embeddable":true,"href":"https:\/\/agora.xtec.cat\/ietramuntana\/wp-json\/wp\/v2\/users\/3"}],"replies":[{"embeddable":true,"href":"https:\/\/agora.xtec.cat\/ietramuntana\/wp-json\/wp\/v2\/comments?post=2348"}],"version-history":[{"count":2,"href":"https:\/\/agora.xtec.cat\/ietramuntana\/wp-json\/wp\/v2\/posts\/2348\/revisions"}],"predecessor-version":[{"id":2362,"href":"https:\/\/agora.xtec.cat\/ietramuntana\/wp-json\/wp\/v2\/posts\/2348\/revisions\/2362"}],"wp:featuredmedia":[{"embeddable":true,"href":"https:\/\/agora.xtec.cat\/ietramuntana\/wp-json\/wp\/v2\/media\/2358"}],"wp:attachment":[{"href":"https:\/\/agora.xtec.cat\/ietramuntana\/wp-json\/wp\/v2\/media?parent=2348"}],"wp:term":[{"taxonomy":"category","embeddable":true,"href":"https:\/\/agora.xtec.cat\/ietramuntana\/wp-json\/wp\/v2\/categories?post=2348"},{"taxonomy":"post_tag","embeddable":true,"href":"https:\/\/agora.xtec.cat\/ietramuntana\/wp-json\/wp\/v2\/tags?post=2348"}],"curies":[{"name":"wp","href":"https:\/\/api.w.org\/{rel}","templated":true}]}}