{"id":2279,"date":"2026-02-27T09:00:00","date_gmt":"2026-02-27T08:00:00","guid":{"rendered":"https:\/\/agora.xtec.cat\/ietramuntana\/?p=2279"},"modified":"2026-02-21T20:06:16","modified_gmt":"2026-02-21T19:06:16","slug":"el-feedback-a-lie-tramuntana-expliquem-com-ho-fem-en-el-projecte-faig","status":"publish","type":"post","link":"https:\/\/agora.xtec.cat\/ietramuntana\/general\/el-feedback-a-lie-tramuntana-expliquem-com-ho-fem-en-el-projecte-faig\/","title":{"rendered":"El &#8220;feedback&#8221; a l&#8217;IE Tramuntana, expliquem com ho fem en el Projecte FAIG!"},"content":{"rendered":"\n<p>Des de fa 3 cursos l&#8217;Institut Escola Tramuntana participa al\u00a0<strong>programa FAIG<\/strong>, impulsat pel CESIRE (Centre de Recursos Pedag\u00f2gics Espec\u00edfics de Suport a la Innovaci\u00f3 i a la Recerca Educativa). En el marc d&#8217;aquest programa, l&#8217;equip docent rep acompanyament i formaci\u00f3 per millorar l&#8217;aprenentatge basat en projectes.\u00a0 <\/p>\n\n\n\n<p>FAIG tamb\u00e9 facilita la col\u00b7laboraci\u00f3 i l&#8217;aprenentatge entre centres i per aquest motiu ens han convidat a gravar una c\u00e0psula sobre un dels elements essencials dels projectes:\u00a0<strong>la revisi\u00f3 i cr\u00edtica\u00a0<\/strong>o, dit d&#8217;una altra manera, el feedback per a l&#8217;aprenentatge.\u00a0El feedback o els comentaris de millora s\u00f3n essencials per poder millorar i fer servir l&#8217;error com un element d&#8217;aprenentatge. Qualsevol moment durant el proc\u00e9s d&#8217;aprenentatge \u00e9s positiu perqu\u00e8 l&#8217;alumni aprofiti l&#8217;error per millorar, modificar i afinar. <\/p>\n\n\n\n<p><\/p>\n\n\n\n<figure class=\"wp-block-embed is-type-video is-provider-youtube wp-block-embed-youtube wp-embed-aspect-16-9 wp-has-aspect-ratio\"><div class=\"wp-block-embed__wrapper\">\n<div class=\"ast-oembed-container \" style=\"height: 100%;\"><iframe loading=\"lazy\" title=\"FAIG. Elements d&#039;un projecte: revisi\u00f3 i cr\u00edtica\" width=\"500\" height=\"281\" src=\"https:\/\/www.youtube.com\/embed\/JYXyqhlFJuQ?feature=oembed\" frameborder=\"0\" allow=\"accelerometer; autoplay; clipboard-write; encrypted-media; gyroscope; picture-in-picture; web-share\" referrerpolicy=\"strict-origin-when-cross-origin\" allowfullscreen><\/iframe><\/div>\n<\/div><\/figure>\n","protected":false},"excerpt":{"rendered":"<p>Des de fa 3 cursos l&#8217;Institut Escola Tramuntana participa al\u00a0programa FAIG, impulsat pel CESIRE (Centre de Recursos Pedag\u00f2gics Espec\u00edfics de Suport a la Innovaci\u00f3 i a la Recerca Educativa). En el marc d&#8217;aquest programa, l&#8217;equip docent rep acompanyament i formaci\u00f3 per millorar l&#8217;aprenentatge basat en projectes.\u00a0 FAIG tamb\u00e9 facilita la col\u00b7laboraci\u00f3 i l&#8217;aprenentatge entre centres [&hellip;]<\/p>\n","protected":false},"author":4,"featured_media":2328,"comment_status":"open","ping_status":"open","sticky":false,"template":"","format":"standard","meta":{"site-sidebar-layout":"default","site-content-layout":"","ast-site-content-layout":"default","site-content-style":"default","site-sidebar-style":"default","ast-global-header-display":"","ast-banner-title-visibility":"","ast-main-header-display":"","ast-hfb-above-header-display":"","ast-hfb-below-header-display":"","ast-hfb-mobile-header-display":"","site-post-title":"","ast-breadcrumbs-content":"","ast-featured-img":"","footer-sml-layout":"","theme-transparent-header-meta":"","adv-header-id-meta":"","stick-header-meta":"","header-above-stick-meta":"","header-main-stick-meta":"","header-below-stick-meta":"","astra-migrate-meta-layouts":"set","ast-page-background-enabled":"default","ast-page-background-meta":{"desktop":{"background-color":"var(--ast-global-color-4)","background-image":"","background-repeat":"repeat","background-position":"center center","background-size":"auto","background-attachment":"scroll","background-type":"","background-media":"","overlay-type":"","overlay-color":"","overlay-opacity":"","overlay-gradient":""},"tablet":{"background-color":"","background-image":"","background-repeat":"repeat","background-position":"center center","background-size":"auto","background-attachment":"scroll","background-type":"","background-media":"","overlay-type":"","overlay-color":"","overlay-opacity":"","overlay-gradient":""},"mobile":{"background-color":"","background-image":"","background-repeat":"repeat","background-position":"center center","background-size":"auto","background-attachment":"scroll","background-type":"","background-media":"","overlay-type":"","overlay-color":"","overlay-opacity":"","overlay-gradient":""}},"ast-content-background-meta":{"desktop":{"background-color":"var(--ast-global-color-5)","background-image":"","background-repeat":"repeat","background-position":"center center","background-size":"auto","background-attachment":"scroll","background-type":"","background-media":"","overlay-type":"","overlay-color":"","overlay-opacity":"","overlay-gradient":""},"tablet":{"background-color":"var(--ast-global-color-5)","background-image":"","background-repeat":"repeat","background-position":"center center","background-size":"auto","background-attachment":"scroll","background-type":"","background-media":"","overlay-type":"","overlay-color":"","overlay-opacity":"","overlay-gradient":""},"mobile":{"background-color":"var(--ast-global-color-5)","background-image":"","background-repeat":"repeat","background-position":"center center","background-size":"auto","background-attachment":"scroll","background-type":"","background-media":"","overlay-type":"","overlay-color":"","overlay-opacity":"","overlay-gradient":""}},"footnotes":""},"categories":[74,1,4,72],"tags":[],"class_list":["post-2279","post","type-post","status-publish","format-standard","has-post-thumbnail","hentry","category-1-eso-secundaria","category-general","category-portada","category-secundaria"],"post_mailing_queue_ids":[],"_links":{"self":[{"href":"https:\/\/agora.xtec.cat\/ietramuntana\/wp-json\/wp\/v2\/posts\/2279","targetHints":{"allow":["GET"]}}],"collection":[{"href":"https:\/\/agora.xtec.cat\/ietramuntana\/wp-json\/wp\/v2\/posts"}],"about":[{"href":"https:\/\/agora.xtec.cat\/ietramuntana\/wp-json\/wp\/v2\/types\/post"}],"author":[{"embeddable":true,"href":"https:\/\/agora.xtec.cat\/ietramuntana\/wp-json\/wp\/v2\/users\/4"}],"replies":[{"embeddable":true,"href":"https:\/\/agora.xtec.cat\/ietramuntana\/wp-json\/wp\/v2\/comments?post=2279"}],"version-history":[{"count":2,"href":"https:\/\/agora.xtec.cat\/ietramuntana\/wp-json\/wp\/v2\/posts\/2279\/revisions"}],"predecessor-version":[{"id":2326,"href":"https:\/\/agora.xtec.cat\/ietramuntana\/wp-json\/wp\/v2\/posts\/2279\/revisions\/2326"}],"wp:featuredmedia":[{"embeddable":true,"href":"https:\/\/agora.xtec.cat\/ietramuntana\/wp-json\/wp\/v2\/media\/2328"}],"wp:attachment":[{"href":"https:\/\/agora.xtec.cat\/ietramuntana\/wp-json\/wp\/v2\/media?parent=2279"}],"wp:term":[{"taxonomy":"category","embeddable":true,"href":"https:\/\/agora.xtec.cat\/ietramuntana\/wp-json\/wp\/v2\/categories?post=2279"},{"taxonomy":"post_tag","embeddable":true,"href":"https:\/\/agora.xtec.cat\/ietramuntana\/wp-json\/wp\/v2\/tags?post=2279"}],"curies":[{"name":"wp","href":"https:\/\/api.w.org\/{rel}","templated":true}]}}