{"id":1937,"date":"2025-12-19T11:15:00","date_gmt":"2025-12-19T10:15:00","guid":{"rendered":"https:\/\/agora.xtec.cat\/ietramuntana\/?p=1937"},"modified":"2025-12-18T21:50:30","modified_gmt":"2025-12-18T20:50:30","slug":"estrenem-nou-consell-escolarels","status":"publish","type":"post","link":"https:\/\/agora.xtec.cat\/ietramuntana\/general\/estrenem-nou-consell-escolarels\/","title":{"rendered":"Estrenem nou Consell Escolar"},"content":{"rendered":"\n<h5 class=\"wp-block-heading\">Representants de fam\u00edlies al Consell Escolar us volem dir que\u2026.<\/h5>\n\n\n\n<p>Com ja sabeu, fa unes setmanes es van celebrar les eleccions al Consell Escolar del centre.  El projecte de L&#8217;IE Tramuntana estrena el seu primer Consell escolar formal despr\u00e9s que el curs passat, curs sense eleccions, el consell decid\u00edssim que fos un h\u00edbrid\u00a0dels\u00a0 dos consells escolars d&#8217;escola (Mol\u00ed de Finestrelles) i institut (Vapor del Fil).\u00a0<\/p>\n\n\n\n<p>El Consell, \u00f2rgan col\u00b7legiat de govern de l&#8217;Institut escola, ha de ser la <strong>plataforma per poder recollir la veu<\/strong> dels diferents actors que formen part <strong>de la nostra comunitat<\/strong>. L&#8217;espai de participaci\u00f3 i di\u00e0leg que permet a tots els sectors implicats, fam\u00edlies, afa, equip docent, equip directiu, PAS i Ajuntament, intervenir en la presa de decisions que afecten el funcionament del centre, i fer-ho amb mirada i horitz\u00f3 de b\u00e9 com\u00fa.\u00a0<\/p>\n\n\n\n<p>Les persones que vam sortir escollides com a representants de les fam\u00edlies vam ser Marta Puigmal (I3), Ana Manaia (2n ESO) i Cristian Agudo (I5).<\/p>\n\n\n\n<figure class=\"wp-block-image aligncenter size-full\"><a href=\"https:\/\/agora.xtec.cat\/ietramuntana\/wp-content\/uploads\/usu3053\/2025\/12\/image-3.png\"><img loading=\"lazy\" decoding=\"async\" width=\"782\" height=\"390\" src=\"https:\/\/agora.xtec.cat\/ietramuntana\/wp-content\/uploads\/usu3053\/2025\/12\/image-3.png\" alt=\"\" class=\"wp-image-1939\" srcset=\"https:\/\/agora.xtec.cat\/ietramuntana\/wp-content\/uploads\/usu3053\/2025\/12\/image-3.png 782w, https:\/\/agora.xtec.cat\/ietramuntana\/wp-content\/uploads\/usu3053\/2025\/12\/image-3-300x150.png 300w, https:\/\/agora.xtec.cat\/ietramuntana\/wp-content\/uploads\/usu3053\/2025\/12\/image-3-768x383.png 768w\" sizes=\"auto, (max-width: 782px) 100vw, 782px\" \/><\/a><\/figure>\n\n\n\n<p>Ens posem en contacte amb vosaltres per informar-vos que si teniu qualsevol dubte, suggeriment o aportaci\u00f3 sobre el funcionament general del centre, ja estiguin relacionats amb el projecte educatiu, amb algun tema log\u00edstic o de qualsevol altre \u00e0mbit, us podeu posar en contacte amb nosaltres a trav\u00e9s del correu <strong>cefamilies@ietramuntana.cat<\/strong> i ho farem arribar al Consell Escolar.<\/p>\n\n\n\n<p>Us recordem que per tractar <strong>temes individuals o relacionats amb el grup<\/strong>, nivell o cicle dels vostres infants o joves <strong>podeu contactar amb el\/la tutor\/a<\/strong> o amb el\/la coordinador\/a de cicle.<\/p>\n\n\n\n<p>Tamb\u00e9 per <strong>q\u00fcestions de grup classe<\/strong> teniu el suport de les <strong>fam\u00edlies delegades<\/strong>. Els professionals d&#8217;administraci\u00f3 i equip directiu tamb\u00e9 us atendran per les q\u00fcestions que ho requereixin. Ens fa molta il\u00b7lusi\u00f3 poder assumir aquesta responsabilitat i entomem el repte amb ganes de col\u00b7laborar en el bon funcionament de l\u2019Institut Escola, en aquesta nova etapa que tot just iniciem. <\/p>\n\n\n\n<p>Fem-ho entre tots i totes!<\/p>\n","protected":false},"excerpt":{"rendered":"<p>Representants de fam\u00edlies al Consell Escolar us volem dir que\u2026. Com ja sabeu, fa unes setmanes es van celebrar les eleccions al Consell Escolar del centre. El projecte de L&#8217;IE Tramuntana estrena el seu primer Consell escolar formal despr\u00e9s que el curs passat, curs sense eleccions, el consell decid\u00edssim que fos un h\u00edbrid\u00a0dels\u00a0 dos consells [&hellip;]<\/p>\n","protected":false},"author":6,"featured_media":1941,"comment_status":"open","ping_status":"open","sticky":false,"template":"","format":"standard","meta":{"site-sidebar-layout":"default","site-content-layout":"","ast-site-content-layout":"default","site-content-style":"default","site-sidebar-style":"default","ast-global-header-display":"","ast-banner-title-visibility":"","ast-main-header-display":"","ast-hfb-above-header-display":"","ast-hfb-below-header-display":"","ast-hfb-mobile-header-display":"","site-post-title":"","ast-breadcrumbs-content":"","ast-featured-img":"","footer-sml-layout":"","theme-transparent-header-meta":"","adv-header-id-meta":"","stick-header-meta":"","header-above-stick-meta":"","header-main-stick-meta":"","header-below-stick-meta":"","astra-migrate-meta-layouts":"set","ast-page-background-enabled":"default","ast-page-background-meta":{"desktop":{"background-color":"var(--ast-global-color-4)","background-image":"","background-repeat":"repeat","background-position":"center center","background-size":"auto","background-attachment":"scroll","background-type":"","background-media":"","overlay-type":"","overlay-color":"","overlay-opacity":"","overlay-gradient":""},"tablet":{"background-color":"","background-image":"","background-repeat":"repeat","background-position":"center center","background-size":"auto","background-attachment":"scroll","background-type":"","background-media":"","overlay-type":"","overlay-color":"","overlay-opacity":"","overlay-gradient":""},"mobile":{"background-color":"","background-image":"","background-repeat":"repeat","background-position":"center center","background-size":"auto","background-attachment":"scroll","background-type":"","background-media":"","overlay-type":"","overlay-color":"","overlay-opacity":"","overlay-gradient":""}},"ast-content-background-meta":{"desktop":{"background-color":"var(--ast-global-color-5)","background-image":"","background-repeat":"repeat","background-position":"center center","background-size":"auto","background-attachment":"scroll","background-type":"","background-media":"","overlay-type":"","overlay-color":"","overlay-opacity":"","overlay-gradient":""},"tablet":{"background-color":"var(--ast-global-color-5)","background-image":"","background-repeat":"repeat","background-position":"center center","background-size":"auto","background-attachment":"scroll","background-type":"","background-media":"","overlay-type":"","overlay-color":"","overlay-opacity":"","overlay-gradient":""},"mobile":{"background-color":"var(--ast-global-color-5)","background-image":"","background-repeat":"repeat","background-position":"center center","background-size":"auto","background-attachment":"scroll","background-type":"","background-media":"","overlay-type":"","overlay-color":"","overlay-opacity":"","overlay-gradient":""}},"footnotes":""},"categories":[7,1,4],"tags":[],"class_list":["post-1937","post","type-post","status-publish","format-standard","has-post-thumbnail","hentry","category-afa","category-general","category-portada"],"post_mailing_queue_ids":[],"_links":{"self":[{"href":"https:\/\/agora.xtec.cat\/ietramuntana\/wp-json\/wp\/v2\/posts\/1937","targetHints":{"allow":["GET"]}}],"collection":[{"href":"https:\/\/agora.xtec.cat\/ietramuntana\/wp-json\/wp\/v2\/posts"}],"about":[{"href":"https:\/\/agora.xtec.cat\/ietramuntana\/wp-json\/wp\/v2\/types\/post"}],"author":[{"embeddable":true,"href":"https:\/\/agora.xtec.cat\/ietramuntana\/wp-json\/wp\/v2\/users\/6"}],"replies":[{"embeddable":true,"href":"https:\/\/agora.xtec.cat\/ietramuntana\/wp-json\/wp\/v2\/comments?post=1937"}],"version-history":[{"count":2,"href":"https:\/\/agora.xtec.cat\/ietramuntana\/wp-json\/wp\/v2\/posts\/1937\/revisions"}],"predecessor-version":[{"id":1942,"href":"https:\/\/agora.xtec.cat\/ietramuntana\/wp-json\/wp\/v2\/posts\/1937\/revisions\/1942"}],"wp:featuredmedia":[{"embeddable":true,"href":"https:\/\/agora.xtec.cat\/ietramuntana\/wp-json\/wp\/v2\/media\/1941"}],"wp:attachment":[{"href":"https:\/\/agora.xtec.cat\/ietramuntana\/wp-json\/wp\/v2\/media?parent=1937"}],"wp:term":[{"taxonomy":"category","embeddable":true,"href":"https:\/\/agora.xtec.cat\/ietramuntana\/wp-json\/wp\/v2\/categories?post=1937"},{"taxonomy":"post_tag","embeddable":true,"href":"https:\/\/agora.xtec.cat\/ietramuntana\/wp-json\/wp\/v2\/tags?post=1937"}],"curies":[{"name":"wp","href":"https:\/\/api.w.org\/{rel}","templated":true}]}}